{"id":553756,"date":"2024-08-01T22:09:25","date_gmt":"2024-08-02T04:09:25","guid":{"rendered":"https:\/\/www.zunoticia.com\/noticias-de-hidalgo\/?p=553756"},"modified":"2024-08-01T22:09:28","modified_gmt":"2024-08-02T04:09:28","slug":"sin-luz-verde-el-semaforo-del-crucero-del-bulevar-central","status":"publish","type":"post","link":"https:\/\/www.zunoticia.com\/noticias-de-hidalgo\/2024\/08\/01\/sin-luz-verde-el-semaforo-del-crucero-del-bulevar-central\/","title":{"rendered":"Sin luz verde, el sem\u00e1foro del crucero del bulevar central"},"content":{"rendered":"<aside class=\"mashsb-container mashsb-main mashsb-stretched\"><div class=\"mashsb-box\"><div class=\"mashsb-count mash-large\" style=\"float:left\"><div class=\"counts mashsbcount\">23<\/div><span class=\"mashsb-sharetext\">SHARES<\/span><\/div><div class=\"mashsb-buttons\"><a class=\"mashicon-facebook mash-large mash-center mashsb-noshadow\" href=\"https:\/\/www.facebook.com\/sharer.php?u=https%3A%2F%2Fwww.zunoticia.com%2Fnoticias-de-hidalgo%2F2024%2F08%2F01%2Fsin-luz-verde-el-semaforo-del-crucero-del-bulevar-central%2F\" target=\"_top\" rel=\"nofollow\"><span class=\"icon\"><\/span><span class=\"text\">Share<\/span><\/a><a class=\"mashicon-twitter mash-large mash-center mashsb-noshadow\" href=\"https:\/\/twitter.com\/intent\/tweet?text=&amp;url=https:\/\/www.zunoticia.com\/noticias-de-hidalgo\/2024\/08\/01\/sin-luz-verde-el-semaforo-del-crucero-del-bulevar-central\/\" target=\"_top\" rel=\"nofollow\"><span class=\"icon\"><\/span><span class=\"text\">Tweet<\/span><\/a><div class=\"onoffswitch2 mash-large mashsb-noshadow\" style=\"display:none\"><\/div><\/div>\n            <\/div>\n                <div style=\"clear:both\"><\/div><div class=\"mashsb-toggle-container\"><\/div><\/aside>\n            <!-- Share buttons by mashshare.net - Version: 4.0.47-->\n<ul class=\"wp-block-list\">\n<li>Algunos transportistas se\u00f1alaron que, las fallas de los sem\u00e1foros en dicho crucero, est\u00e1 ocurriendo desde el pasado mi\u00e9rcoles; el caso es que, las intensas lluvias provocan las fallas en los mismos.<\/li>\n<\/ul>\n\n\n\n<p><em>Por Jos\u00e9 Luis Romero Ruiz\/Zunoticia<\/em><\/p>\n\n\n\n<p><strong>Huejutla, Hgo.-<\/strong> El sem\u00e1foro del crucero del bulevar central, de la carretera federal M\u00e9xico \u2013 Tampico kil\u00f3metro 215, no cuenta con luz verde, ni el \u00e1mbar, y solamente funciona la luz roja; ocasionando que el tramo se aglomere el tr\u00e1fico.<\/p>\n\n\n\n<p>En el bulevar \u201cBicentenario\u201d (Central) de esta cabecera municipal, a la altura del crucero donde se conecta el bulevar Adolfo L\u00f3pez Mateos, y la calle Yucat\u00e1n de la colonia 5 de Mayo, hay una serie de sem\u00e1foros, los cuales han presentado algunas fallas.<\/p>\n\n\n\n<p>Realizando una inspecci\u00f3n ocular de dicho crucero, nos percatamos de que el sem\u00e1foro que habilita la ruta de la cl\u00ednica del Instituto Mexicano del Seguro Social (IMSS), rumbo al mercado municipal no funciona la luz roja y la luz \u00e1mbar; solamente enciende la luz verde.<\/p>\n\n\n\n<p>La falla en el mencionado sem\u00e1foro genera molestia entre los automovilistas ya que, adem\u00e1s, de tratar de sortear el mega bache en dicha r\u00faa, el sem\u00e1foro en cuesti\u00f3n solo enciende la luz verde, por lo tanto, la vialidad se convierte en una aut\u00e9ntica pesadilla.<\/p>\n\n\n\n<p>Algunos transportistas se\u00f1alaron que, las fallas de los sem\u00e1foros en dicho crucero est\u00e1n ocurriendo desde el mi\u00e9rcoles 31 de julio del presente a\u00f1o; el caso es que, las intensas lluvias provocan dichos desperfectos en ellos.<\/p>\n","protected":false},"excerpt":{"rendered":"<p>Por Jos\u00e9 Luis Romero Ruiz\/Zunoticia Huejutla, Hgo.- El sem\u00e1foro del crucero del bulevar central, de la carretera federal M\u00e9xico \u2013 Tampico kil\u00f3metro 215, no cuenta con luz verde, ni el \u00e1mbar, y solamente funciona la luz roja; ocasionando que el tramo se aglomere el tr\u00e1fico. En el bulevar \u201cBicentenario\u201d (Central) de esta cabecera municipal, a&hellip; <a class=\"more-link\" href=\"https:\/\/www.zunoticia.com\/noticias-de-hidalgo\/2024\/08\/01\/sin-luz-verde-el-semaforo-del-crucero-del-bulevar-central\/\">Seguir leyendo <span class=\"screen-reader-text\">Sin luz verde, el sem\u00e1foro del crucero del bulevar central<\/span><\/a><\/p>\n","protected":false},"author":13,"featured_media":553738,"comment_status":"open","ping_status":"open","sticky":false,"template":"","format":"standard","meta":{"rop_custom_images_group":[],"rop_custom_messages_group":[],"rop_publish_now":"yes","rop_publish_now_accounts":{"facebook_10159540855086992_322828327761733":"#Huejutla | Algunos transportistas se\u00f1alaron que, las fallas de los sem\u00e1foros en dicho crucero, est\u00e1 ocurriendo desde el pasado mi\u00e9rcoles; el caso es que, las intensas lluvias provocan las fallas en los mismos."},"rop_publish_now_history":[],"rop_publish_now_status":"pending","footnotes":""},"categories":[181],"tags":[121],"class_list":["post-553756","post","type-post","status-publish","format-standard","has-post-thumbnail","hentry","category-huejutla","tag-huejutla","entry"],"_links":{"self":[{"href":"https:\/\/www.zunoticia.com\/noticias-de-hidalgo\/wp-json\/wp\/v2\/posts\/553756","targetHints":{"allow":["GET"]}}],"collection":[{"href":"https:\/\/www.zunoticia.com\/noticias-de-hidalgo\/wp-json\/wp\/v2\/posts"}],"about":[{"href":"https:\/\/www.zunoticia.com\/noticias-de-hidalgo\/wp-json\/wp\/v2\/types\/post"}],"author":[{"embeddable":true,"href":"https:\/\/www.zunoticia.com\/noticias-de-hidalgo\/wp-json\/wp\/v2\/users\/13"}],"replies":[{"embeddable":true,"href":"https:\/\/www.zunoticia.com\/noticias-de-hidalgo\/wp-json\/wp\/v2\/comments?post=553756"}],"version-history":[{"count":1,"href":"https:\/\/www.zunoticia.com\/noticias-de-hidalgo\/wp-json\/wp\/v2\/posts\/553756\/revisions"}],"predecessor-version":[{"id":553757,"href":"https:\/\/www.zunoticia.com\/noticias-de-hidalgo\/wp-json\/wp\/v2\/posts\/553756\/revisions\/553757"}],"wp:featuredmedia":[{"embeddable":true,"href":"https:\/\/www.zunoticia.com\/noticias-de-hidalgo\/wp-json\/wp\/v2\/media\/553738"}],"wp:attachment":[{"href":"https:\/\/www.zunoticia.com\/noticias-de-hidalgo\/wp-json\/wp\/v2\/media?parent=553756"}],"wp:term":[{"taxonomy":"category","embeddable":true,"href":"https:\/\/www.zunoticia.com\/noticias-de-hidalgo\/wp-json\/wp\/v2\/categories?post=553756"},{"taxonomy":"post_tag","embeddable":true,"href":"https:\/\/www.zunoticia.com\/noticias-de-hidalgo\/wp-json\/wp\/v2\/tags?post=553756"}],"curies":[{"name":"wp","href":"https:\/\/api.w.org\/{rel}","templated":true}]}}