{"id":553763,"date":"2024-08-01T23:45:12","date_gmt":"2024-08-02T05:45:12","guid":{"rendered":"https:\/\/www.zunoticia.com\/noticias-de-hidalgo\/?p=553763"},"modified":"2024-08-01T23:45:15","modified_gmt":"2024-08-02T05:45:15","slug":"la-escuela-normal-de-las-huastecas-estrenando-fachada","status":"publish","type":"post","link":"https:\/\/www.zunoticia.com\/noticias-de-hidalgo\/2024\/08\/01\/la-escuela-normal-de-las-huastecas-estrenando-fachada\/","title":{"rendered":"La Escuela Normal de las Huastecas estrenando fachada \u00a0"},"content":{"rendered":"<aside class=\"mashsb-container mashsb-main mashsb-stretched\"><div class=\"mashsb-box\"><div class=\"mashsb-count mash-large\" style=\"float:left\"><div class=\"counts mashsbcount\">50<\/div><span class=\"mashsb-sharetext\">SHARES<\/span><\/div><div class=\"mashsb-buttons\"><a class=\"mashicon-facebook mash-large mash-center mashsb-noshadow\" href=\"https:\/\/www.facebook.com\/sharer.php?u=https%3A%2F%2Fwww.zunoticia.com%2Fnoticias-de-hidalgo%2F2024%2F08%2F01%2Fla-escuela-normal-de-las-huastecas-estrenando-fachada%2F\" target=\"_top\" rel=\"nofollow\"><span class=\"icon\"><\/span><span class=\"text\">Share<\/span><\/a><a class=\"mashicon-twitter mash-large mash-center mashsb-noshadow\" href=\"https:\/\/twitter.com\/intent\/tweet?text=&amp;url=https:\/\/www.zunoticia.com\/noticias-de-hidalgo\/2024\/08\/01\/la-escuela-normal-de-las-huastecas-estrenando-fachada\/\" target=\"_top\" rel=\"nofollow\"><span class=\"icon\"><\/span><span class=\"text\">Tweet<\/span><\/a><div class=\"onoffswitch2 mash-large mashsb-noshadow\" style=\"display:none\"><\/div><\/div>\n            <\/div>\n                <div style=\"clear:both\"><\/div><div class=\"mashsb-toggle-container\"><\/div><\/aside>\n            <!-- Share buttons by mashshare.net - Version: 4.0.47-->\n<p><em>Por Jos\u00e9 Luis Romero Ruiz\/Zunoticia<\/em><\/p>\n\n\n\n<p><strong>Huejutla, Hgo.-<\/strong> La Escuela Normal de las Huastecas (ENH), estrenando fachada por parte del gobierno del estado y la Secretar\u00eda de Educaci\u00f3n P\u00fablica; dicha obra le cambi\u00f3 la imagen a la instituci\u00f3n del nivel superior.<\/p>\n\n\n\n<p>La ENH est\u00e1 ubicada a un costado del bulevar \u201cBicentenario\u201d en la carretera federal M\u00e9xico \u2013 Tampico 214 entre la cl\u00ednica Hospital del ISSSTE y el IMSS de esta cabecera municipal.<\/p>\n\n\n\n<p>La mampara de informaci\u00f3n de la obra dice al calce: \u201cHidalgo Primero el Pueblo, Educaci\u00f3n Secretar\u00eda de Educaci\u00f3n P\u00fablica, El Instituto Hidalguense de la Infraestructura F\u00edsica Educativa (INHIFE), El Gobierno del Estado construye:<\/p>\n\n\n\n<p>Construcci\u00f3n de Fachada Principal y P\u00f3rtico de Acceso (Primera Etapa), Programa de Fortalecimiento a la Excelencia Educativa (PROFEXCE) 2023, Escuela Normal de las Huastecas (ENH), con C.C.T. 13 DNL00014.<\/p>\n\n\n\n<p>Municipio: Huejutla de Reyes, Monto de la inversi\u00f3n: $947, 138.83 (novecientos cuarenta y siete, ciento treinta y ocho mil pesos, ochenta y tres centavos); superficie construida 113.21 Metros cuadrados; Poblaci\u00f3n Escolar beneficiada: 832 alumnos\u201d.<\/p>\n","protected":false},"excerpt":{"rendered":"<p>Por Jos\u00e9 Luis Romero Ruiz\/Zunoticia Huejutla, Hgo.- La Escuela Normal de las Huastecas (ENH), estrenando fachada por parte del gobierno del estado y la Secretar\u00eda de Educaci\u00f3n P\u00fablica; dicha obra le cambi\u00f3 la imagen a la instituci\u00f3n del nivel superior. La ENH est\u00e1 ubicada a un costado del bulevar \u201cBicentenario\u201d en la carretera federal M\u00e9xico&hellip; <a class=\"more-link\" href=\"https:\/\/www.zunoticia.com\/noticias-de-hidalgo\/2024\/08\/01\/la-escuela-normal-de-las-huastecas-estrenando-fachada\/\">Seguir leyendo <span class=\"screen-reader-text\">La Escuela Normal de las Huastecas estrenando fachada \u00a0<\/span><\/a><\/p>\n","protected":false},"author":13,"featured_media":553764,"comment_status":"open","ping_status":"open","sticky":false,"template":"","format":"standard","meta":{"rop_custom_images_group":[],"rop_custom_messages_group":[],"rop_publish_now":"yes","rop_publish_now_accounts":{"facebook_10159540855086992_322828327761733":"#Huejutla | La Escuela Normal de las Huastecas (ENH), estrenando fachada por parte del gobierno del estado y la Secretar\u00eda de Educaci\u00f3n P\u00fablica."},"rop_publish_now_history":[],"rop_publish_now_status":"pending","footnotes":""},"categories":[181],"tags":[121],"class_list":["post-553763","post","type-post","status-publish","format-standard","has-post-thumbnail","hentry","category-huejutla","tag-huejutla","entry"],"_links":{"self":[{"href":"https:\/\/www.zunoticia.com\/noticias-de-hidalgo\/wp-json\/wp\/v2\/posts\/553763","targetHints":{"allow":["GET"]}}],"collection":[{"href":"https:\/\/www.zunoticia.com\/noticias-de-hidalgo\/wp-json\/wp\/v2\/posts"}],"about":[{"href":"https:\/\/www.zunoticia.com\/noticias-de-hidalgo\/wp-json\/wp\/v2\/types\/post"}],"author":[{"embeddable":true,"href":"https:\/\/www.zunoticia.com\/noticias-de-hidalgo\/wp-json\/wp\/v2\/users\/13"}],"replies":[{"embeddable":true,"href":"https:\/\/www.zunoticia.com\/noticias-de-hidalgo\/wp-json\/wp\/v2\/comments?post=553763"}],"version-history":[{"count":1,"href":"https:\/\/www.zunoticia.com\/noticias-de-hidalgo\/wp-json\/wp\/v2\/posts\/553763\/revisions"}],"predecessor-version":[{"id":553768,"href":"https:\/\/www.zunoticia.com\/noticias-de-hidalgo\/wp-json\/wp\/v2\/posts\/553763\/revisions\/553768"}],"wp:featuredmedia":[{"embeddable":true,"href":"https:\/\/www.zunoticia.com\/noticias-de-hidalgo\/wp-json\/wp\/v2\/media\/553764"}],"wp:attachment":[{"href":"https:\/\/www.zunoticia.com\/noticias-de-hidalgo\/wp-json\/wp\/v2\/media?parent=553763"}],"wp:term":[{"taxonomy":"category","embeddable":true,"href":"https:\/\/www.zunoticia.com\/noticias-de-hidalgo\/wp-json\/wp\/v2\/categories?post=553763"},{"taxonomy":"post_tag","embeddable":true,"href":"https:\/\/www.zunoticia.com\/noticias-de-hidalgo\/wp-json\/wp\/v2\/tags?post=553763"}],"curies":[{"name":"wp","href":"https:\/\/api.w.org\/{rel}","templated":true}]}}