{"id":554384,"date":"2024-08-05T12:20:19","date_gmt":"2024-08-05T18:20:19","guid":{"rendered":"https:\/\/www.zunoticia.com\/noticias-de-hidalgo\/?p=554384"},"modified":"2024-08-05T12:20:22","modified_gmt":"2024-08-05T18:20:22","slug":"catolicos-realizan-jornada-de-oracion-por-venezuela","status":"publish","type":"post","link":"https:\/\/www.zunoticia.com\/noticias-de-hidalgo\/2024\/08\/05\/catolicos-realizan-jornada-de-oracion-por-venezuela\/","title":{"rendered":"Cat\u00f3licos realizan Jornada de oraci\u00f3n por Venezuela"},"content":{"rendered":"<aside class=\"mashsb-container mashsb-main mashsb-stretched\"><div class=\"mashsb-box\"><div class=\"mashsb-count mash-large\" style=\"float:left\"><div class=\"counts mashsbcount\">0<\/div><span class=\"mashsb-sharetext\">SHARES<\/span><\/div><div class=\"mashsb-buttons\"><a class=\"mashicon-facebook mash-large mash-center mashsb-noshadow\" href=\"https:\/\/www.facebook.com\/sharer.php?u=https%3A%2F%2Fwww.zunoticia.com%2Fnoticias-de-hidalgo%2F2024%2F08%2F05%2Fcatolicos-realizan-jornada-de-oracion-por-venezuela%2F\" target=\"_top\" rel=\"nofollow\"><span class=\"icon\"><\/span><span class=\"text\">Share<\/span><\/a><a class=\"mashicon-twitter mash-large mash-center mashsb-noshadow\" href=\"https:\/\/twitter.com\/intent\/tweet?text=&amp;url=https:\/\/www.zunoticia.com\/noticias-de-hidalgo\/2024\/08\/05\/catolicos-realizan-jornada-de-oracion-por-venezuela\/\" target=\"_top\" rel=\"nofollow\"><span class=\"icon\"><\/span><span class=\"text\">Tweet<\/span><\/a><div class=\"onoffswitch2 mash-large mashsb-noshadow\" style=\"display:none\"><\/div><\/div>\n            <\/div>\n                <div style=\"clear:both\"><\/div><div class=\"mashsb-toggle-container\"><\/div><\/aside>\n            <!-- Share buttons by mashshare.net - Version: 4.0.47-->\n<p><em>Por Enedino Hern\u00e1ndez\/Zunoticia<\/em><\/p>\n\n\n\n<p><strong>Huejutla, Hgo<\/strong>.- \u201cLa Iglesia Cat\u00f3lica realiza por las parroquias de la Di\u00f3cesis una Jornada de Oraci\u00f3n por la paz y todas las situaciones del conflicto que se tiene en Venezuela, en donde el pueblo reclama esclarecimiento de la elecci\u00f3n\u201d, as\u00ed lo expuso el Obispo de esta Di\u00f3cesis, Jos\u00e9 Hir\u00e1is Acosta Beltr\u00e1n.<\/p>\n\n\n\n<p>Se\u00f1al\u00f3 que, la situaci\u00f3n que prevalece en Venezuela se vive despu\u00e9s del proceso de las elecciones en donde el presidente en turno se proclama ganador y la oposici\u00f3n hace lo propio, por ello, como Iglesia Cat\u00f3lica se dedica a fortalecer esta Jornada de oraci\u00f3n por la paz de Venezuela.<\/p>\n\n\n\n<p>Se\u00f1al\u00f3 que, la Conferencia del Episcopado Mexicano, en comuni\u00f3n con los hermanos venezolanos, expresa la solidaridad fraterna con el pueblo en estos momentos de gran trascendencia para su naci\u00f3n.<\/p>\n\n\n\n<p>&#8220;Nos unimos espiritualmente a la jornada de oraci\u00f3n convocada por el Consejo Episcopal Latinoamericano (CELAM), la Conferencia Episcopal Venezolana y la Conferencia Episcopal de Colombia. Invitamos a los fieles mexicanos a sumarse a esta iniciativa, recordando las palabras del Papa Francisco: \u00abLa oraci\u00f3n nos ayuda a amar a los dem\u00e1s, a pesar de sus errores y sus pecados\u00bb. Con ello, se reafirma la importancia de la democracia como expresi\u00f3n de la participaci\u00f3n de los ciudadanos en la construcci\u00f3n del bien com\u00fan.<\/p>\n\n\n\n<p>Como nos ense\u00f1a la Doctrina Social de la Iglesia, \u00abuna aut\u00e9ntica democracia es posible solamente en un Estado de derecho y sobre la base de una recta concepci\u00f3n de la persona humana\u00bb.<\/p>\n\n\n\n<p>Por lo que hace un llamado a todos los actores de la sociedad venezolana a buscar caminos de di\u00e1logo y encuentro. Como nos recuerda el Papa Francisco en Fratelli Tutti, \u00abEl aut\u00e9ntico di\u00e1logo social supone la capacidad de respetar el punto de vista del otro&#8221;.<\/p>\n\n\n\n<p>Jos\u00e9 Hir\u00e1is Acosta Beltr\u00e1n, concluy\u00f3 exhortando a que cualquier diferencia o controversia se resuelva por v\u00edas pac\u00edficas e institucionales, respetando siempre la dignidad de cada persona y buscando el bien com\u00fan de toda naci\u00f3n.<\/p>\n\n\n\n<p><\/p>\n","protected":false},"excerpt":{"rendered":"<p>Por Enedino Hern\u00e1ndez\/Zunoticia Huejutla, Hgo.- \u201cLa Iglesia Cat\u00f3lica realiza por las parroquias de la Di\u00f3cesis una Jornada de Oraci\u00f3n por la paz y todas las situaciones del conflicto que se tiene en Venezuela, en donde el pueblo reclama esclarecimiento de la elecci\u00f3n\u201d, as\u00ed lo expuso el Obispo de esta Di\u00f3cesis, Jos\u00e9 Hir\u00e1is Acosta Beltr\u00e1n. Se\u00f1al\u00f3&hellip; <a class=\"more-link\" href=\"https:\/\/www.zunoticia.com\/noticias-de-hidalgo\/2024\/08\/05\/catolicos-realizan-jornada-de-oracion-por-venezuela\/\">Seguir leyendo <span class=\"screen-reader-text\">Cat\u00f3licos realizan Jornada de oraci\u00f3n por Venezuela<\/span><\/a><\/p>\n","protected":false},"author":20,"featured_media":554385,"comment_status":"open","ping_status":"open","sticky":false,"template":"","format":"standard","meta":{"rop_custom_images_group":[],"rop_custom_messages_group":[],"rop_publish_now":"yes","rop_publish_now_accounts":{"facebook_10159540855086992_322828327761733":""},"rop_publish_now_history":[],"rop_publish_now_status":"pending","footnotes":""},"categories":[181],"tags":[121],"class_list":["post-554384","post","type-post","status-publish","format-standard","has-post-thumbnail","hentry","category-huejutla","tag-huejutla","entry"],"_links":{"self":[{"href":"https:\/\/www.zunoticia.com\/noticias-de-hidalgo\/wp-json\/wp\/v2\/posts\/554384","targetHints":{"allow":["GET"]}}],"collection":[{"href":"https:\/\/www.zunoticia.com\/noticias-de-hidalgo\/wp-json\/wp\/v2\/posts"}],"about":[{"href":"https:\/\/www.zunoticia.com\/noticias-de-hidalgo\/wp-json\/wp\/v2\/types\/post"}],"author":[{"embeddable":true,"href":"https:\/\/www.zunoticia.com\/noticias-de-hidalgo\/wp-json\/wp\/v2\/users\/20"}],"replies":[{"embeddable":true,"href":"https:\/\/www.zunoticia.com\/noticias-de-hidalgo\/wp-json\/wp\/v2\/comments?post=554384"}],"version-history":[{"count":1,"href":"https:\/\/www.zunoticia.com\/noticias-de-hidalgo\/wp-json\/wp\/v2\/posts\/554384\/revisions"}],"predecessor-version":[{"id":554386,"href":"https:\/\/www.zunoticia.com\/noticias-de-hidalgo\/wp-json\/wp\/v2\/posts\/554384\/revisions\/554386"}],"wp:featuredmedia":[{"embeddable":true,"href":"https:\/\/www.zunoticia.com\/noticias-de-hidalgo\/wp-json\/wp\/v2\/media\/554385"}],"wp:attachment":[{"href":"https:\/\/www.zunoticia.com\/noticias-de-hidalgo\/wp-json\/wp\/v2\/media?parent=554384"}],"wp:term":[{"taxonomy":"category","embeddable":true,"href":"https:\/\/www.zunoticia.com\/noticias-de-hidalgo\/wp-json\/wp\/v2\/categories?post=554384"},{"taxonomy":"post_tag","embeddable":true,"href":"https:\/\/www.zunoticia.com\/noticias-de-hidalgo\/wp-json\/wp\/v2\/tags?post=554384"}],"curies":[{"name":"wp","href":"https:\/\/api.w.org\/{rel}","templated":true}]}}