{"id":554449,"date":"2024-08-05T18:23:04","date_gmt":"2024-08-06T00:23:04","guid":{"rendered":"https:\/\/www.zunoticia.com\/noticias-de-hidalgo\/?p=554449"},"modified":"2024-08-05T18:23:07","modified_gmt":"2024-08-06T00:23:07","slug":"calles-centricas-carecen-de-alumbrado-publico","status":"publish","type":"post","link":"https:\/\/www.zunoticia.com\/noticias-de-hidalgo\/2024\/08\/05\/calles-centricas-carecen-de-alumbrado-publico\/","title":{"rendered":"Calles c\u00e9ntricas carecen de alumbrado p\u00fablico"},"content":{"rendered":"<aside class=\"mashsb-container mashsb-main mashsb-stretched\"><div class=\"mashsb-box\"><div class=\"mashsb-count mash-large\" style=\"float:left\"><div class=\"counts mashsbcount\">0<\/div><span class=\"mashsb-sharetext\">SHARES<\/span><\/div><div class=\"mashsb-buttons\"><a class=\"mashicon-facebook mash-large mash-center mashsb-noshadow\" href=\"https:\/\/www.facebook.com\/sharer.php?u=https%3A%2F%2Fwww.zunoticia.com%2Fnoticias-de-hidalgo%2F2024%2F08%2F05%2Fcalles-centricas-carecen-de-alumbrado-publico%2F\" target=\"_top\" rel=\"nofollow\"><span class=\"icon\"><\/span><span class=\"text\">Share<\/span><\/a><a class=\"mashicon-twitter mash-large mash-center mashsb-noshadow\" href=\"https:\/\/twitter.com\/intent\/tweet?text=&amp;url=https:\/\/www.zunoticia.com\/noticias-de-hidalgo\/2024\/08\/05\/calles-centricas-carecen-de-alumbrado-publico\/\" target=\"_top\" rel=\"nofollow\"><span class=\"icon\"><\/span><span class=\"text\">Tweet<\/span><\/a><div class=\"onoffswitch2 mash-large mashsb-noshadow\" style=\"display:none\"><\/div><\/div>\n            <\/div>\n                <div style=\"clear:both\"><\/div><div class=\"mashsb-toggle-container\"><\/div><\/aside>\n            <!-- Share buttons by mashshare.net - Version: 4.0.47-->\n<p><em>Por Karen Rivera\/ Zunoticia<\/em><\/p>\n\n\n\n<p><strong>Huejutla de Reyes, Hgo<\/strong>.- En total obscuridad se encuentran varias calles c\u00e9ntricas del municipio, arterias que se encuentran a escasos metros del ayuntamiento municipal.<\/p>\n\n\n\n<p>Durante la noche, las calles Cuauht\u00e9moc, partes de la Vel\u00e1zquez Ibarra, Zacatecas y la avenida Morelos, desde la bajada del pante\u00f3n permanecen totalmente en penumbras.<\/p>\n\n\n\n<p>En algunas de las arterias los focos de los establecimientos y locales, son los que iluminan parte de las aceras, sin embargo, se corre el riesgo de sufrir alg\u00fan atraco.<\/p>\n\n\n\n<p>No obstante, hasta el momento, las autoridades han hecho caso omiso de esta situaci\u00f3n, ya que por mucho tiempo, las calles han permanecido en penumbras.<\/p>\n\n\n\n<figure class=\"wp-block-gallery has-nested-images columns-default is-cropped wp-block-gallery-1 is-layout-flex wp-block-gallery-is-layout-flex\">\n<figure class=\"wp-block-image size-large\"><img fetchpriority=\"high\" decoding=\"async\" width=\"933\" height=\"524\" data-id=\"554452\" src=\"https:\/\/www.zunoticia.com\/noticias-de-hidalgo\/wp-content\/uploads\/2024\/08\/Zunoticia-Huejutla-17-1.png\" alt=\"\" class=\"wp-image-554452\"\/><\/figure>\n\n\n\n<figure class=\"wp-block-image size-large\"><img decoding=\"async\" width=\"933\" height=\"524\" data-id=\"554451\" src=\"https:\/\/www.zunoticia.com\/noticias-de-hidalgo\/wp-content\/uploads\/2024\/08\/Zunoticia-Huejutla-16-1.png\" alt=\"\" class=\"wp-image-554451\"\/><\/figure>\n<\/figure>\n","protected":false},"excerpt":{"rendered":"<p>Por Karen Rivera\/ Zunoticia Huejutla de Reyes, Hgo.- En total obscuridad se encuentran varias calles c\u00e9ntricas del municipio, arterias que se encuentran a escasos metros del ayuntamiento municipal. Durante la noche, las calles Cuauht\u00e9moc, partes de la Vel\u00e1zquez Ibarra, Zacatecas y la avenida Morelos, desde la bajada del pante\u00f3n permanecen totalmente en penumbras. En algunas&hellip; <a class=\"more-link\" href=\"https:\/\/www.zunoticia.com\/noticias-de-hidalgo\/2024\/08\/05\/calles-centricas-carecen-de-alumbrado-publico\/\">Seguir leyendo <span class=\"screen-reader-text\">Calles c\u00e9ntricas carecen de alumbrado p\u00fablico<\/span><\/a><\/p>\n","protected":false},"author":20,"featured_media":554450,"comment_status":"open","ping_status":"open","sticky":false,"template":"","format":"standard","meta":{"rop_custom_images_group":[],"rop_custom_messages_group":[],"rop_publish_now":"yes","rop_publish_now_accounts":{"facebook_10159540855086992_322828327761733":""},"rop_publish_now_history":[],"rop_publish_now_status":"pending","footnotes":""},"categories":[181],"tags":[121],"class_list":["post-554449","post","type-post","status-publish","format-standard","has-post-thumbnail","hentry","category-huejutla","tag-huejutla","entry"],"_links":{"self":[{"href":"https:\/\/www.zunoticia.com\/noticias-de-hidalgo\/wp-json\/wp\/v2\/posts\/554449","targetHints":{"allow":["GET"]}}],"collection":[{"href":"https:\/\/www.zunoticia.com\/noticias-de-hidalgo\/wp-json\/wp\/v2\/posts"}],"about":[{"href":"https:\/\/www.zunoticia.com\/noticias-de-hidalgo\/wp-json\/wp\/v2\/types\/post"}],"author":[{"embeddable":true,"href":"https:\/\/www.zunoticia.com\/noticias-de-hidalgo\/wp-json\/wp\/v2\/users\/20"}],"replies":[{"embeddable":true,"href":"https:\/\/www.zunoticia.com\/noticias-de-hidalgo\/wp-json\/wp\/v2\/comments?post=554449"}],"version-history":[{"count":1,"href":"https:\/\/www.zunoticia.com\/noticias-de-hidalgo\/wp-json\/wp\/v2\/posts\/554449\/revisions"}],"predecessor-version":[{"id":554453,"href":"https:\/\/www.zunoticia.com\/noticias-de-hidalgo\/wp-json\/wp\/v2\/posts\/554449\/revisions\/554453"}],"wp:featuredmedia":[{"embeddable":true,"href":"https:\/\/www.zunoticia.com\/noticias-de-hidalgo\/wp-json\/wp\/v2\/media\/554450"}],"wp:attachment":[{"href":"https:\/\/www.zunoticia.com\/noticias-de-hidalgo\/wp-json\/wp\/v2\/media?parent=554449"}],"wp:term":[{"taxonomy":"category","embeddable":true,"href":"https:\/\/www.zunoticia.com\/noticias-de-hidalgo\/wp-json\/wp\/v2\/categories?post=554449"},{"taxonomy":"post_tag","embeddable":true,"href":"https:\/\/www.zunoticia.com\/noticias-de-hidalgo\/wp-json\/wp\/v2\/tags?post=554449"}],"curies":[{"name":"wp","href":"https:\/\/api.w.org\/{rel}","templated":true}]}}