{"id":554511,"date":"2024-08-05T20:14:59","date_gmt":"2024-08-06T02:14:59","guid":{"rendered":"https:\/\/www.zunoticia.com\/noticias-de-hidalgo\/?p=554511"},"modified":"2024-08-05T20:15:02","modified_gmt":"2024-08-06T02:15:02","slug":"presea-y-reconocimiento-dedico-salustia-pacheco-a-la-huasteca","status":"publish","type":"post","link":"https:\/\/www.zunoticia.com\/noticias-de-hidalgo\/2024\/08\/05\/presea-y-reconocimiento-dedico-salustia-pacheco-a-la-huasteca\/","title":{"rendered":"Presea y reconocimiento, dedic\u00f3 Salustia Pacheco a la huasteca"},"content":{"rendered":"<aside class=\"mashsb-container mashsb-main mashsb-stretched\"><div class=\"mashsb-box\"><div class=\"mashsb-count mash-large\" style=\"float:left\"><div class=\"counts mashsbcount\">28<\/div><span class=\"mashsb-sharetext\">SHARES<\/span><\/div><div class=\"mashsb-buttons\"><a class=\"mashicon-facebook mash-large mash-center mashsb-noshadow\" href=\"https:\/\/www.facebook.com\/sharer.php?u=https%3A%2F%2Fwww.zunoticia.com%2Fnoticias-de-hidalgo%2F2024%2F08%2F05%2Fpresea-y-reconocimiento-dedico-salustia-pacheco-a-la-huasteca%2F\" target=\"_top\" rel=\"nofollow\"><span class=\"icon\"><\/span><span class=\"text\">Share<\/span><\/a><a class=\"mashicon-twitter mash-large mash-center mashsb-noshadow\" href=\"https:\/\/twitter.com\/intent\/tweet?text=&amp;url=https:\/\/www.zunoticia.com\/noticias-de-hidalgo\/2024\/08\/05\/presea-y-reconocimiento-dedico-salustia-pacheco-a-la-huasteca\/\" target=\"_top\" rel=\"nofollow\"><span class=\"icon\"><\/span><span class=\"text\">Tweet<\/span><\/a><div class=\"onoffswitch2 mash-large mashsb-noshadow\" style=\"display:none\"><\/div><\/div>\n            <\/div>\n                <div style=\"clear:both\"><\/div><div class=\"mashsb-toggle-container\"><\/div><\/aside>\n            <!-- Share buttons by mashshare.net - Version: 4.0.47-->\n<p><em>Por Karen Rivera\/ Zunoticia<\/em><\/p>\n\n\n\n<p><strong>Huejutla de Reyes, Hgo<\/strong>.- &#8220;Es un orgullo ser originaria de un gran municipio, cuna de ra\u00edces, valores y del idioma n\u00e1huatl, Huejutla de Reyes, Hidalgo. Esta medalla y este reconocimiento lo dedico con mucho amor a mi huasteca que me ha dado todo lo que soy&#8221;, fueron las palabras de la conocida profesora Salustia Pacheco Hern\u00e1ndez, dentro de su gira laboral en Morelia, Michoac\u00e1n.<\/p>\n\n\n\n<p>La conocida promotora cultural, dedic\u00f3 la presea y un reconocimiento a la huasteca hidalguense, a quien agradeci\u00f3 por el conocimiento, la sabidur\u00eda, sobre todo por el aprendizaje de la etnia n\u00e1huatl, de la cual, obtuvo grandes conocimientos ancestrales.<\/p>\n\n\n\n<p>Salustia Pacheco, mencion\u00f3 que, en este tercer encuentro internacional de la RAIAL, tuvo la oportunidad de interactuar con personalidades de la talla de A\u00edda Elena Ochoa Contreras, poeta y directora del Colectivo Internacional Art\u00edstico y Literario de M\u00e9xico Conspiraci\u00f3n Po\u00e9tica; Ana Unhold, artista pl\u00e1stica Argentina; la pintora y escritora Veracruzana, Blanca Vargas, entre otros.<\/p>\n\n\n\n<p>Extern\u00f3 que el pasado 4 de agosto del a\u00f1o en curso, el presidente de la Real Academia Internacional de Arte y Literatura (RAIAL), Jes\u00fas Molina Quiroz, as\u00ed como los 170 poetas ah\u00ed presentes, recibieron un reconocimiento a su labor literaria.<\/p>\n\n\n\n<p>Para finalizar, el 5 de agosto se realiz\u00f3 un recorrido en la isla de Janitzio, P\u00e1scuaro, Michoac\u00e1n.<\/p>\n\n\n\n<figure class=\"wp-block-gallery has-nested-images columns-default is-cropped wp-block-gallery-1 is-layout-flex wp-block-gallery-is-layout-flex\">\n<figure class=\"wp-block-image size-large\"><img fetchpriority=\"high\" decoding=\"async\" width=\"933\" height=\"524\" data-id=\"554514\" src=\"https:\/\/www.zunoticia.com\/noticias-de-hidalgo\/wp-content\/uploads\/2024\/08\/Zunoticia-Huejutla-1-42.png\" alt=\"\" class=\"wp-image-554514\"\/><\/figure>\n\n\n\n<figure class=\"wp-block-image size-large\"><img decoding=\"async\" width=\"933\" height=\"524\" data-id=\"554513\" src=\"https:\/\/www.zunoticia.com\/noticias-de-hidalgo\/wp-content\/uploads\/2024\/08\/Zunoticia-Huejutla-84.png\" alt=\"\" class=\"wp-image-554513\"\/><\/figure>\n<\/figure>\n","protected":false},"excerpt":{"rendered":"<p>Por Karen Rivera\/ Zunoticia Huejutla de Reyes, Hgo.- &#8220;Es un orgullo ser originaria de un gran municipio, cuna de ra\u00edces, valores y del idioma n\u00e1huatl, Huejutla de Reyes, Hidalgo. Esta medalla y este reconocimiento lo dedico con mucho amor a mi huasteca que me ha dado todo lo que soy&#8221;, fueron las palabras de la&hellip; <a class=\"more-link\" href=\"https:\/\/www.zunoticia.com\/noticias-de-hidalgo\/2024\/08\/05\/presea-y-reconocimiento-dedico-salustia-pacheco-a-la-huasteca\/\">Seguir leyendo <span class=\"screen-reader-text\">Presea y reconocimiento, dedic\u00f3 Salustia Pacheco a la huasteca<\/span><\/a><\/p>\n","protected":false},"author":20,"featured_media":554512,"comment_status":"open","ping_status":"open","sticky":false,"template":"","format":"standard","meta":{"rop_custom_images_group":[],"rop_custom_messages_group":[],"rop_publish_now":"yes","rop_publish_now_accounts":{"facebook_10159540855086992_322828327761733":""},"rop_publish_now_history":[],"rop_publish_now_status":"pending","footnotes":""},"categories":[181],"tags":[121],"class_list":["post-554511","post","type-post","status-publish","format-standard","has-post-thumbnail","hentry","category-huejutla","tag-huejutla","entry"],"_links":{"self":[{"href":"https:\/\/www.zunoticia.com\/noticias-de-hidalgo\/wp-json\/wp\/v2\/posts\/554511","targetHints":{"allow":["GET"]}}],"collection":[{"href":"https:\/\/www.zunoticia.com\/noticias-de-hidalgo\/wp-json\/wp\/v2\/posts"}],"about":[{"href":"https:\/\/www.zunoticia.com\/noticias-de-hidalgo\/wp-json\/wp\/v2\/types\/post"}],"author":[{"embeddable":true,"href":"https:\/\/www.zunoticia.com\/noticias-de-hidalgo\/wp-json\/wp\/v2\/users\/20"}],"replies":[{"embeddable":true,"href":"https:\/\/www.zunoticia.com\/noticias-de-hidalgo\/wp-json\/wp\/v2\/comments?post=554511"}],"version-history":[{"count":1,"href":"https:\/\/www.zunoticia.com\/noticias-de-hidalgo\/wp-json\/wp\/v2\/posts\/554511\/revisions"}],"predecessor-version":[{"id":554515,"href":"https:\/\/www.zunoticia.com\/noticias-de-hidalgo\/wp-json\/wp\/v2\/posts\/554511\/revisions\/554515"}],"wp:featuredmedia":[{"embeddable":true,"href":"https:\/\/www.zunoticia.com\/noticias-de-hidalgo\/wp-json\/wp\/v2\/media\/554512"}],"wp:attachment":[{"href":"https:\/\/www.zunoticia.com\/noticias-de-hidalgo\/wp-json\/wp\/v2\/media?parent=554511"}],"wp:term":[{"taxonomy":"category","embeddable":true,"href":"https:\/\/www.zunoticia.com\/noticias-de-hidalgo\/wp-json\/wp\/v2\/categories?post=554511"},{"taxonomy":"post_tag","embeddable":true,"href":"https:\/\/www.zunoticia.com\/noticias-de-hidalgo\/wp-json\/wp\/v2\/tags?post=554511"}],"curies":[{"name":"wp","href":"https:\/\/api.w.org\/{rel}","templated":true}]}}