{"id":554895,"date":"2024-08-08T17:13:57","date_gmt":"2024-08-08T23:13:57","guid":{"rendered":"https:\/\/www.zunoticia.com\/noticias-de-hidalgo\/?p=554895"},"modified":"2024-08-08T17:14:01","modified_gmt":"2024-08-08T23:14:01","slug":"con-diversas-actividades-celebraran-el-dia-internacional-de-los-pueblos-indigenas-sgh","status":"publish","type":"post","link":"https:\/\/www.zunoticia.com\/noticias-de-hidalgo\/2024\/08\/08\/con-diversas-actividades-celebraran-el-dia-internacional-de-los-pueblos-indigenas-sgh\/","title":{"rendered":"Con diversas actividades, celebrar\u00e1n el D\u00eda Internacional de los Pueblos Ind\u00edgenas: SGH"},"content":{"rendered":"<aside class=\"mashsb-container mashsb-main mashsb-stretched\"><div class=\"mashsb-box\"><div class=\"mashsb-count mash-large\" style=\"float:left\"><div class=\"counts mashsbcount\">0<\/div><span class=\"mashsb-sharetext\">SHARES<\/span><\/div><div class=\"mashsb-buttons\"><a class=\"mashicon-facebook mash-large mash-center mashsb-noshadow\" href=\"https:\/\/www.facebook.com\/sharer.php?u=https%3A%2F%2Fwww.zunoticia.com%2Fnoticias-de-hidalgo%2F2024%2F08%2F08%2Fcon-diversas-actividades-celebraran-el-dia-internacional-de-los-pueblos-indigenas-sgh%2F\" target=\"_top\" rel=\"nofollow\"><span class=\"icon\"><\/span><span class=\"text\">Share<\/span><\/a><a class=\"mashicon-twitter mash-large mash-center mashsb-noshadow\" href=\"https:\/\/twitter.com\/intent\/tweet?text=&amp;url=https:\/\/www.zunoticia.com\/noticias-de-hidalgo\/2024\/08\/08\/con-diversas-actividades-celebraran-el-dia-internacional-de-los-pueblos-indigenas-sgh\/\" target=\"_top\" rel=\"nofollow\"><span class=\"icon\"><\/span><span class=\"text\">Tweet<\/span><\/a><div class=\"onoffswitch2 mash-large mashsb-noshadow\" style=\"display:none\"><\/div><\/div>\n            <\/div>\n                <div style=\"clear:both\"><\/div><div class=\"mashsb-toggle-container\"><\/div><\/aside>\n            <!-- Share buttons by mashshare.net - Version: 4.0.47-->\n<p><em>Por Enedino Hern\u00e1ndez\/Zunoticia<\/em><\/p>\n\n\n\n<p><strong>Huejutla, Hgo<\/strong>.- Con la realizaci\u00f3n de actividades en diversos puntos del estado y la regi\u00f3n, durante este viernes 9 de agosto se celebrar\u00e1 el D\u00eda Internacional de los Pueblos Ind\u00edgenas, as\u00ed lo confirm\u00f3 Sonia Guill\u00e9n Hern\u00e1ndez, responsable del Programa Interculturalidad de apoyo directo a la Jurisdicci\u00f3n Sanitaria en Huejutla.<\/p>\n\n\n\n<p>Previamente, emiti\u00f3 la invitaci\u00f3n para que celebremos juntos el D\u00eda Internacional de los Pueblos Ind\u00edgenas, &#8220;Sentik tiiknimej, san se Toteotata, san se toneluayo&#8221;, evento que se realizar\u00e1 a partir de las 08:00 horas del viernes 9 de agosto, en la plaza 21 de Mayo de Huejutla de Reyes, para lo cual recomienda acudir con vestimenta tradicional regional.<\/p>\n\n\n\n<p>Dijo que, como cada a\u00f1o, este viernes 9 de agosto se celebra el D\u00eda Internacional de los Pueblos Ind\u00edgenas y a nivel Jurisdiccional desde el 2005 se trabaja con este proyecto, simult\u00e1neamente en todo la Jurisdicci\u00f3n Huejutla se realizar\u00e1n actividades encaminadas a rescatar y a no perder la cultura, sobre todo en salud, costumbres y tradiciones que se tienen.<\/p>\n\n\n\n<p>Coment\u00f3 que, este viernes se realizan dos eventos, el primero en Acaxochitl\u00e1n organizado por el Instituto Nacional de Pueblos Ind\u00edgenas, y otro m\u00e1s en Huejutla organizado por la presidencia municipal, en donde hemos sido invitados a formar parte del evento.<\/p>\n\n\n\n<p>Expone que, en el evento se tendr\u00e1 la participaci\u00f3n de los M\u00e9dicos Tradicionales, se colocar\u00e1n stands en donde se contar\u00e1 con la presencia de Curanderos, Sobadores, Hueseros, Parteras Tradicionales, entre otros; todos estar\u00e1n desde las 09:00 hasta las 14:00 horas, dos de la tarde.<\/p>\n\n\n\n<p>Sonia Guill\u00e9n, consider\u00f3 elemental conservar, preservar, rescatar y fortalecer las tradiciones de los Pueblos Ind\u00edgenas, y en este caso, la poblaci\u00f3n sigue acerc\u00e1ndose a los M\u00e9dicos Tradicionales como una primera instancia para la atenci\u00f3n a la salud, pues ellos son; las personas que pueden auxiliarlos en la salud, sin embargo; en las capacitaciones se les indica a los M\u00e9dicos Tradicionales que en caso de que la atenci\u00f3n sea requerida para un m\u00e9dico, no deben de dudar en acudir a las consultas m\u00e9dicas a un Centro de Salud.<\/p>\n\n\n\n<p><\/p>\n","protected":false},"excerpt":{"rendered":"<p>Por Enedino Hern\u00e1ndez\/Zunoticia Huejutla, Hgo.- Con la realizaci\u00f3n de actividades en diversos puntos del estado y la regi\u00f3n, durante este viernes 9 de agosto se celebrar\u00e1 el D\u00eda Internacional de los Pueblos Ind\u00edgenas, as\u00ed lo confirm\u00f3 Sonia Guill\u00e9n Hern\u00e1ndez, responsable del Programa Interculturalidad de apoyo directo a la Jurisdicci\u00f3n Sanitaria en Huejutla. Previamente, emiti\u00f3 la&hellip; <a class=\"more-link\" href=\"https:\/\/www.zunoticia.com\/noticias-de-hidalgo\/2024\/08\/08\/con-diversas-actividades-celebraran-el-dia-internacional-de-los-pueblos-indigenas-sgh\/\">Seguir leyendo <span class=\"screen-reader-text\">Con diversas actividades, celebrar\u00e1n el D\u00eda Internacional de los Pueblos Ind\u00edgenas: SGH<\/span><\/a><\/p>\n","protected":false},"author":20,"featured_media":554896,"comment_status":"open","ping_status":"open","sticky":false,"template":"","format":"standard","meta":{"rop_custom_images_group":[],"rop_custom_messages_group":[],"rop_publish_now":"yes","rop_publish_now_accounts":{"facebook_10159540855086992_322828327761733":""},"rop_publish_now_history":[],"rop_publish_now_status":"pending","footnotes":""},"categories":[181],"tags":[121],"class_list":["post-554895","post","type-post","status-publish","format-standard","has-post-thumbnail","hentry","category-huejutla","tag-huejutla","entry"],"_links":{"self":[{"href":"https:\/\/www.zunoticia.com\/noticias-de-hidalgo\/wp-json\/wp\/v2\/posts\/554895","targetHints":{"allow":["GET"]}}],"collection":[{"href":"https:\/\/www.zunoticia.com\/noticias-de-hidalgo\/wp-json\/wp\/v2\/posts"}],"about":[{"href":"https:\/\/www.zunoticia.com\/noticias-de-hidalgo\/wp-json\/wp\/v2\/types\/post"}],"author":[{"embeddable":true,"href":"https:\/\/www.zunoticia.com\/noticias-de-hidalgo\/wp-json\/wp\/v2\/users\/20"}],"replies":[{"embeddable":true,"href":"https:\/\/www.zunoticia.com\/noticias-de-hidalgo\/wp-json\/wp\/v2\/comments?post=554895"}],"version-history":[{"count":1,"href":"https:\/\/www.zunoticia.com\/noticias-de-hidalgo\/wp-json\/wp\/v2\/posts\/554895\/revisions"}],"predecessor-version":[{"id":554897,"href":"https:\/\/www.zunoticia.com\/noticias-de-hidalgo\/wp-json\/wp\/v2\/posts\/554895\/revisions\/554897"}],"wp:featuredmedia":[{"embeddable":true,"href":"https:\/\/www.zunoticia.com\/noticias-de-hidalgo\/wp-json\/wp\/v2\/media\/554896"}],"wp:attachment":[{"href":"https:\/\/www.zunoticia.com\/noticias-de-hidalgo\/wp-json\/wp\/v2\/media?parent=554895"}],"wp:term":[{"taxonomy":"category","embeddable":true,"href":"https:\/\/www.zunoticia.com\/noticias-de-hidalgo\/wp-json\/wp\/v2\/categories?post=554895"},{"taxonomy":"post_tag","embeddable":true,"href":"https:\/\/www.zunoticia.com\/noticias-de-hidalgo\/wp-json\/wp\/v2\/tags?post=554895"}],"curies":[{"name":"wp","href":"https:\/\/api.w.org\/{rel}","templated":true}]}}