{"id":554992,"date":"2024-08-09T01:34:07","date_gmt":"2024-08-09T07:34:07","guid":{"rendered":"https:\/\/www.zunoticia.com\/noticias-de-hidalgo\/?p=554992"},"modified":"2024-08-09T01:34:10","modified_gmt":"2024-08-09T07:34:10","slug":"34-anos-del-paso-del-huracan-diana-por-huejutla","status":"publish","type":"post","link":"https:\/\/www.zunoticia.com\/noticias-de-hidalgo\/2024\/08\/09\/34-anos-del-paso-del-huracan-diana-por-huejutla\/","title":{"rendered":"34 a\u00f1os del paso del Hurac\u00e1n Diana por Huejutla"},"content":{"rendered":"<aside class=\"mashsb-container mashsb-main mashsb-stretched\"><div class=\"mashsb-box\"><div class=\"mashsb-count mash-large\" style=\"float:left\"><div class=\"counts mashsbcount\">30<\/div><span class=\"mashsb-sharetext\">SHARES<\/span><\/div><div class=\"mashsb-buttons\"><a class=\"mashicon-facebook mash-large mash-center mashsb-noshadow\" href=\"https:\/\/www.facebook.com\/sharer.php?u=https%3A%2F%2Fwww.zunoticia.com%2Fnoticias-de-hidalgo%2F2024%2F08%2F09%2F34-anos-del-paso-del-huracan-diana-por-huejutla%2F\" target=\"_top\" rel=\"nofollow\"><span class=\"icon\"><\/span><span class=\"text\">Share<\/span><\/a><a class=\"mashicon-twitter mash-large mash-center mashsb-noshadow\" href=\"https:\/\/twitter.com\/intent\/tweet?text=&amp;url=https:\/\/www.zunoticia.com\/noticias-de-hidalgo\/2024\/08\/09\/34-anos-del-paso-del-huracan-diana-por-huejutla\/\" target=\"_top\" rel=\"nofollow\"><span class=\"icon\"><\/span><span class=\"text\">Tweet<\/span><\/a><div class=\"onoffswitch2 mash-large mashsb-noshadow\" style=\"display:none\"><\/div><\/div>\n            <\/div>\n                <div style=\"clear:both\"><\/div><div class=\"mashsb-toggle-container\"><\/div><\/aside>\n            <!-- Share buttons by mashshare.net - Version: 4.0.47-->\n<p><em>Enedino Hern\u00e1ndez\/Zunoticia<\/em><\/p>\n\n\n\n<p><strong>Huejutla, Hgo.-<\/strong> Este jueves 8 de agosto se recuerda con tristeza los 34 a\u00f1os del paso del hurac\u00e1n Diana por Huejutla, misma que dej\u00f3 incalculables p\u00e9rdidas de vidas humanas y materiales, adem\u00e1s de la destrucci\u00f3n y un gran dolor.<\/p>\n\n\n\n<p>El comerciante y costurero en la zona del mercado, Galileo Hern\u00e1ndez Francisco, quien vivi\u00f3 en carne propia esta situaci\u00f3n del paso del hurac\u00e1n Diana por Huejutla, en especial de las m\u00faltiples afectaciones a la zona del mercado, nos habla para Zunoticia Global su vivencia.<\/p>\n\n\n\n<p>Dijo que las fuertes lluvias empezaron a caer el d\u00eda 7 de agosto y al amanecer del 8 de agosto de 1990 \u201ctodo se hab\u00eda acabado\u201d, el fen\u00f3meno del \u201cHurac\u00e1n Diana\u201d azot\u00f3 la Huasteca, muchas familias perdieron a sus queridos \u201clos recuerdos son imborrables para quienes vivimos de cerca todo esto\u201d.<\/p>\n\n\n\n<p>Explica que este caso fue muy triste para Huejutla \u201cfue una gran tragedia, se perdieron muchas vidas, fueron recuperados algunos cuerpos, todo lo dem\u00e1s se lo llevaron las aguas, rio abajo.<\/p>\n\n\n\n<p>El 7 de agosto empezaron a caer las lluvias a las 11 de la ma\u00f1ana vimos que se pon\u00eda peor, a\u00fan no estaba el laminado en el mercado, por lo que decid\u00ed irme a mi domicilio junto con otros compa\u00f1eros a mi poblado Romantla al cual llegamos ya muy noche\u201d.<\/p>\n\n\n\n<p>Abunda que nunca se imagin\u00f3 que vendr\u00eda lo peor \u201cuna creciente muy fuerte, el agua por todos lados\u2026, el d\u00eda 8 de agosto supimos que todo era una tragedia grand\u00edsima, llegamos nuevamente a lo que era el mercado, vimos a las familias llorando, buscando a sus familiares, todo se hab\u00eda perdido\u201d.<\/p>\n\n\n\n<p>A\u00f1ade que fue a su local (a un costado de la Cruz Roja) la casa se hab\u00eda ca\u00eddo \u201cel agua se llev\u00f3 mis m\u00e1quinas, mi ropa, mis trabajos. Muchas familias perdieron a sus integrantes, decimos ayudarlos en unidad, llegaron los cuerpos de rescate, la polic\u00eda, as\u00ed como funcionarios de gobierno\u201d.<\/p>\n\n\n\n<p>Galileo Hern\u00e1ndez, subraya \u201cen esos momentos, no hab\u00eda hambre, no hab\u00eda sed, todos ten\u00edamos que ayudar, el pueblo se uni\u00f3 para apoyar; fue cuando vi claramente una hermandad muy fuerte de Huejutla. De los ranchos nos tra\u00edan bocoles, enchiladas, aqu\u00ed no hab\u00eda nada, en canastas y chiquig\u00fcites los se\u00f1ores de las comunidades nos tra\u00edan tortillas, caf\u00e9, lo que pod\u00edan.<\/p>\n\n\n\n<p>Aqu\u00ed no hab\u00eda nada que comer, todo era un desperdicio, personal de salubridad nos dijeron que no comi\u00e9ramos nada de lo que se hab\u00eda echado a perder, nos daban agua en botellas y los \u00fanicos que nos calmaron el hambre fueron los campesinos de las comunidades, nos tra\u00edan lonche para la gente que estaba apoyando\u201d.<\/p>\n\n\n\n<p>A\u00f1ade que los trabajos de rescate de la zona del mercado continuaron por varios d\u00edas \u201ca los cinco d\u00edas est\u00e1bamos en el mercado sacando todo, fue muy triste encontrar un cuerpo cubierto por mucho lodo, le quitamos un poco de lodo y jalamos, se desprend\u00edan las piernas del cuerpo, todo fue muy triste, nos cubr\u00edamos con playeras la cara para poder aguantar los olores, todo fue muy triste, ojal\u00e1 y nunca de los nunca se repita esto\u201d.<\/p>\n\n\n\n<p>Comenta que todo sucedi\u00f3, porque el rio estaba cubierto de maleza, no estaba descubierto para que corriera el agua, los puentes se saturaron, se desbordaron, el puente de Tecoluco que era de piedra fue conocido como el puente de la tragedia m\u00e1s grande, pues mucha gente curiosa observaba, se derrumba el puente y causa toda una inundaci\u00f3n, estaba taponeada con palos, ramas, y todo, al caerse toda el agua se extendi\u00f3 causando los da\u00f1os\u2026<\/p>\n\n\n\n<p>Concluye que tuvieron que pasar muchos a\u00f1os para poder recuperarse poco a poco, hab\u00eda mucha necesidad, toda esta tragedia fue de sorpresa, nadie estaba preparado para esto, quienes vivimos de cerca todo esto, a\u00fan estamos temerosos cuando se vienen las fuertes lluvias.<\/p>\n","protected":false},"excerpt":{"rendered":"<p>Enedino Hern\u00e1ndez\/Zunoticia Huejutla, Hgo.- Este jueves 8 de agosto se recuerda con tristeza los 34 a\u00f1os del paso del hurac\u00e1n Diana por Huejutla, misma que dej\u00f3 incalculables p\u00e9rdidas de vidas humanas y materiales, adem\u00e1s de la destrucci\u00f3n y un gran dolor. El comerciante y costurero en la zona del mercado, Galileo Hern\u00e1ndez Francisco, quien vivi\u00f3&hellip; <a class=\"more-link\" href=\"https:\/\/www.zunoticia.com\/noticias-de-hidalgo\/2024\/08\/09\/34-anos-del-paso-del-huracan-diana-por-huejutla\/\">Seguir leyendo <span class=\"screen-reader-text\">34 a\u00f1os del paso del Hurac\u00e1n Diana por Huejutla<\/span><\/a><\/p>\n","protected":false},"author":13,"featured_media":554995,"comment_status":"open","ping_status":"open","sticky":false,"template":"","format":"standard","meta":{"rop_custom_images_group":[],"rop_custom_messages_group":[],"rop_publish_now":"yes","rop_publish_now_accounts":{"facebook_10159540855086992_322828327761733":"#Huejutla | Este jueves 8 de agosto se recuerda con tristeza los 34 a\u00f1os del paso del hurac\u00e1n Diana por Huejutla, misma que dej\u00f3 incalculables p\u00e9rdidas de vidas humanas y materiales."},"rop_publish_now_history":[],"rop_publish_now_status":"pending","footnotes":""},"categories":[181],"tags":[121],"class_list":["post-554992","post","type-post","status-publish","format-standard","has-post-thumbnail","hentry","category-huejutla","tag-huejutla","entry"],"_links":{"self":[{"href":"https:\/\/www.zunoticia.com\/noticias-de-hidalgo\/wp-json\/wp\/v2\/posts\/554992","targetHints":{"allow":["GET"]}}],"collection":[{"href":"https:\/\/www.zunoticia.com\/noticias-de-hidalgo\/wp-json\/wp\/v2\/posts"}],"about":[{"href":"https:\/\/www.zunoticia.com\/noticias-de-hidalgo\/wp-json\/wp\/v2\/types\/post"}],"author":[{"embeddable":true,"href":"https:\/\/www.zunoticia.com\/noticias-de-hidalgo\/wp-json\/wp\/v2\/users\/13"}],"replies":[{"embeddable":true,"href":"https:\/\/www.zunoticia.com\/noticias-de-hidalgo\/wp-json\/wp\/v2\/comments?post=554992"}],"version-history":[{"count":1,"href":"https:\/\/www.zunoticia.com\/noticias-de-hidalgo\/wp-json\/wp\/v2\/posts\/554992\/revisions"}],"predecessor-version":[{"id":555003,"href":"https:\/\/www.zunoticia.com\/noticias-de-hidalgo\/wp-json\/wp\/v2\/posts\/554992\/revisions\/555003"}],"wp:featuredmedia":[{"embeddable":true,"href":"https:\/\/www.zunoticia.com\/noticias-de-hidalgo\/wp-json\/wp\/v2\/media\/554995"}],"wp:attachment":[{"href":"https:\/\/www.zunoticia.com\/noticias-de-hidalgo\/wp-json\/wp\/v2\/media?parent=554992"}],"wp:term":[{"taxonomy":"category","embeddable":true,"href":"https:\/\/www.zunoticia.com\/noticias-de-hidalgo\/wp-json\/wp\/v2\/categories?post=554992"},{"taxonomy":"post_tag","embeddable":true,"href":"https:\/\/www.zunoticia.com\/noticias-de-hidalgo\/wp-json\/wp\/v2\/tags?post=554992"}],"curies":[{"name":"wp","href":"https:\/\/api.w.org\/{rel}","templated":true}]}}