{"id":555074,"date":"2024-08-09T16:25:28","date_gmt":"2024-08-09T22:25:28","guid":{"rendered":"https:\/\/www.zunoticia.com\/noticias-de-hidalgo\/?p=555074"},"modified":"2024-08-09T16:27:19","modified_gmt":"2024-08-09T22:27:19","slug":"celebra-diocesis-de-huejutla-el-dia-internacional-de-los-pueblos-originarios","status":"publish","type":"post","link":"https:\/\/www.zunoticia.com\/noticias-de-hidalgo\/2024\/08\/09\/celebra-diocesis-de-huejutla-el-dia-internacional-de-los-pueblos-originarios\/","title":{"rendered":"Celebra Di\u00f3cesis de Huejutla el D\u00eda Internacional de los Pueblos Originarios"},"content":{"rendered":"<aside class=\"mashsb-container mashsb-main mashsb-stretched\"><div class=\"mashsb-box\"><div class=\"mashsb-count mash-large\" style=\"float:left\"><div class=\"counts mashsbcount\">9<\/div><span class=\"mashsb-sharetext\">SHARES<\/span><\/div><div class=\"mashsb-buttons\"><a class=\"mashicon-facebook mash-large mash-center mashsb-noshadow\" href=\"https:\/\/www.facebook.com\/sharer.php?u=https%3A%2F%2Fwww.zunoticia.com%2Fnoticias-de-hidalgo%2F2024%2F08%2F09%2Fcelebra-diocesis-de-huejutla-el-dia-internacional-de-los-pueblos-originarios%2F\" target=\"_top\" rel=\"nofollow\"><span class=\"icon\"><\/span><span class=\"text\">Share<\/span><\/a><a class=\"mashicon-twitter mash-large mash-center mashsb-noshadow\" href=\"https:\/\/twitter.com\/intent\/tweet?text=&amp;url=https:\/\/www.zunoticia.com\/noticias-de-hidalgo\/2024\/08\/09\/celebra-diocesis-de-huejutla-el-dia-internacional-de-los-pueblos-originarios\/\" target=\"_top\" rel=\"nofollow\"><span class=\"icon\"><\/span><span class=\"text\">Tweet<\/span><\/a><div class=\"onoffswitch2 mash-large mashsb-noshadow\" style=\"display:none\"><\/div><\/div>\n            <\/div>\n                <div style=\"clear:both\"><\/div><div class=\"mashsb-toggle-container\"><\/div><\/aside>\n            <!-- Share buttons by mashshare.net - Version: 4.0.47-->\n<p><em>Por Enedino Hern\u00e1ndez\/Zunoticia<\/em><\/p>\n\n\n\n<p><strong>Huejutla, Hgo.-<\/strong> Decenas de fieles cat\u00f3licos, procedentes de diversas parroquias de la Di\u00f3cesis de Huejutla, celebraron durante este viernes 9 de agosto el D\u00eda Internacional de los Pueblos Originarios, civilmente conocido como el D\u00eda Internacional de los Pueblos Ind\u00edgenas.<\/p>\n\n\n\n<p>El Obispo de la Di\u00f3cesis de Huejutla, Jos\u00e9 Hir\u00e1is Acosta Beltr\u00e1n, fue quien particip\u00f3 y se mantuvo presente en esta importante actividad, siendo acompa\u00f1ado de un buen n\u00famero de sacerdotes; adem\u00e1s confirma que esta celebraci\u00f3n fue muy importante ya que a nivel Iglesia Latinoamericana se le llaman a los Pueblos Originarios.<\/p>\n\n\n\n<p>Indic\u00f3 que, esta actividad de la prioridad de los Pueblos Originarios de la Di\u00f3cesis de Huejutla de Reyes, inici\u00f3 con una concelebraci\u00f3n eucar\u00edstica o Misa en la Capilla San Jos\u00e9, en la poblaci\u00f3n de Acatepec, en el municipio de Huautla y posteriormente la respectiva bendici\u00f3n en un pozo.<\/p>\n\n\n\n<p>Reconoci\u00f3 el apoyo de las autoridades de la comunidad de Acatepec del municipio de Huejutla, a los catequistas y a todos los colaboradores de la Iglesia, quienes participaron con gran entusiasmo en la celebraci\u00f3n en el D\u00eda Internacional de los Pueblos Originarios, conocido como el D\u00eda Internacional de los Pueblos Ind\u00edgenas.<\/p>\n\n\n\n<p>La conmemoraci\u00f3n es conocida como el D\u00eda Internacional de los Pueblos Ind\u00edgenas, pero la Iglesia en M\u00e9xico la ha nombrado como D\u00eda Internacional de los Pueblos Originarios; con lo cual se busca fortalecer y preservar las tradiciones y costumbres que a\u00fan prevalecen en los pueblos.<\/p>\n\n\n\n<figure class=\"wp-block-gallery has-nested-images columns-default is-cropped wp-block-gallery-1 is-layout-flex wp-block-gallery-is-layout-flex\">\n<figure class=\"wp-block-image size-large\"><img fetchpriority=\"high\" decoding=\"async\" width=\"933\" height=\"524\" data-id=\"555076\" src=\"https:\/\/www.zunoticia.com\/noticias-de-hidalgo\/wp-content\/uploads\/2024\/08\/Zunoticia-Huejutla-2-34.png\" alt=\"\" class=\"wp-image-555076\"\/><\/figure>\n\n\n\n<figure class=\"wp-block-image size-large\"><img decoding=\"async\" width=\"933\" height=\"524\" data-id=\"555077\" src=\"https:\/\/www.zunoticia.com\/noticias-de-hidalgo\/wp-content\/uploads\/2024\/08\/Zunoticia-Huejutla-1-89.png\" alt=\"\" class=\"wp-image-555077\"\/><\/figure>\n<\/figure>\n","protected":false},"excerpt":{"rendered":"<p>Por Enedino Hern\u00e1ndez\/Zunoticia Huejutla, Hgo.- Decenas de fieles cat\u00f3licos, procedentes de diversas parroquias de la Di\u00f3cesis de Huejutla, celebraron durante este viernes 9 de agosto el D\u00eda Internacional de los Pueblos Originarios, civilmente conocido como el D\u00eda Internacional de los Pueblos Ind\u00edgenas. El Obispo de la Di\u00f3cesis de Huejutla, Jos\u00e9 Hir\u00e1is Acosta Beltr\u00e1n, fue quien&hellip; <a class=\"more-link\" href=\"https:\/\/www.zunoticia.com\/noticias-de-hidalgo\/2024\/08\/09\/celebra-diocesis-de-huejutla-el-dia-internacional-de-los-pueblos-originarios\/\">Seguir leyendo <span class=\"screen-reader-text\">Celebra Di\u00f3cesis de Huejutla el D\u00eda Internacional de los Pueblos Originarios<\/span><\/a><\/p>\n","protected":false},"author":20,"featured_media":555075,"comment_status":"open","ping_status":"open","sticky":false,"template":"","format":"standard","meta":{"rop_custom_images_group":[],"rop_custom_messages_group":[],"rop_publish_now":"yes","rop_publish_now_accounts":{"facebook_10159540855086992_322828327761733":""},"rop_publish_now_history":[],"rop_publish_now_status":"pending","footnotes":""},"categories":[181],"tags":[121],"class_list":["post-555074","post","type-post","status-publish","format-standard","has-post-thumbnail","hentry","category-huejutla","tag-huejutla","entry"],"_links":{"self":[{"href":"https:\/\/www.zunoticia.com\/noticias-de-hidalgo\/wp-json\/wp\/v2\/posts\/555074","targetHints":{"allow":["GET"]}}],"collection":[{"href":"https:\/\/www.zunoticia.com\/noticias-de-hidalgo\/wp-json\/wp\/v2\/posts"}],"about":[{"href":"https:\/\/www.zunoticia.com\/noticias-de-hidalgo\/wp-json\/wp\/v2\/types\/post"}],"author":[{"embeddable":true,"href":"https:\/\/www.zunoticia.com\/noticias-de-hidalgo\/wp-json\/wp\/v2\/users\/20"}],"replies":[{"embeddable":true,"href":"https:\/\/www.zunoticia.com\/noticias-de-hidalgo\/wp-json\/wp\/v2\/comments?post=555074"}],"version-history":[{"count":1,"href":"https:\/\/www.zunoticia.com\/noticias-de-hidalgo\/wp-json\/wp\/v2\/posts\/555074\/revisions"}],"predecessor-version":[{"id":555078,"href":"https:\/\/www.zunoticia.com\/noticias-de-hidalgo\/wp-json\/wp\/v2\/posts\/555074\/revisions\/555078"}],"wp:featuredmedia":[{"embeddable":true,"href":"https:\/\/www.zunoticia.com\/noticias-de-hidalgo\/wp-json\/wp\/v2\/media\/555075"}],"wp:attachment":[{"href":"https:\/\/www.zunoticia.com\/noticias-de-hidalgo\/wp-json\/wp\/v2\/media?parent=555074"}],"wp:term":[{"taxonomy":"category","embeddable":true,"href":"https:\/\/www.zunoticia.com\/noticias-de-hidalgo\/wp-json\/wp\/v2\/categories?post=555074"},{"taxonomy":"post_tag","embeddable":true,"href":"https:\/\/www.zunoticia.com\/noticias-de-hidalgo\/wp-json\/wp\/v2\/tags?post=555074"}],"curies":[{"name":"wp","href":"https:\/\/api.w.org\/{rel}","templated":true}]}}