{"id":555103,"date":"2024-08-09T17:38:27","date_gmt":"2024-08-09T23:38:27","guid":{"rendered":"https:\/\/www.zunoticia.com\/noticias-de-hidalgo\/?p=555103"},"modified":"2024-08-09T17:50:16","modified_gmt":"2024-08-09T23:50:16","slug":"que-los-espacios-en-alcaldia-sean-para-los-yahualiquenses-laura","status":"publish","type":"post","link":"https:\/\/www.zunoticia.com\/noticias-de-hidalgo\/2024\/08\/09\/que-los-espacios-en-alcaldia-sean-para-los-yahualiquenses-laura\/","title":{"rendered":"Que los espacios en alcald\u00eda sean para los yahualiquenses: Laura"},"content":{"rendered":"<aside class=\"mashsb-container mashsb-main mashsb-stretched\"><div class=\"mashsb-box\"><div class=\"mashsb-count mash-large\" style=\"float:left\"><div class=\"counts mashsbcount\">27<\/div><span class=\"mashsb-sharetext\">SHARES<\/span><\/div><div class=\"mashsb-buttons\"><a class=\"mashicon-facebook mash-large mash-center mashsb-noshadow\" href=\"https:\/\/www.facebook.com\/sharer.php?u=https%3A%2F%2Fwww.zunoticia.com%2Fnoticias-de-hidalgo%2F2024%2F08%2F09%2Fque-los-espacios-en-alcaldia-sean-para-los-yahualiquenses-laura%2F\" target=\"_top\" rel=\"nofollow\"><span class=\"icon\"><\/span><span class=\"text\">Share<\/span><\/a><a class=\"mashicon-twitter mash-large mash-center mashsb-noshadow\" href=\"https:\/\/twitter.com\/intent\/tweet?text=&amp;url=https:\/\/www.zunoticia.com\/noticias-de-hidalgo\/2024\/08\/09\/que-los-espacios-en-alcaldia-sean-para-los-yahualiquenses-laura\/\" target=\"_top\" rel=\"nofollow\"><span class=\"icon\"><\/span><span class=\"text\">Tweet<\/span><\/a><div class=\"onoffswitch2 mash-large mashsb-noshadow\" style=\"display:none\"><\/div><\/div>\n            <\/div>\n                <div style=\"clear:both\"><\/div><div class=\"mashsb-toggle-container\"><\/div><\/aside>\n            <!-- Share buttons by mashshare.net - Version: 4.0.47-->\n<p><em>Por Roberto Meza Ram\u00edrez \/Zunoticia<\/em><\/p>\n\n\n\n<p><strong>Yahualica, Hgo.<\/strong> &#8211; La excandidata del Partido Verde Ecologista de M\u00e9xico Laura Reymundo Gregorio, dijo que, los espacios de la alcald\u00eda en el pr\u00f3ximo gobierno municipal deben ser para los yahualiquenses y se evite gente de fuera, ya que en este municipio est\u00e1n los profesionistas que requieren de esos espacios.<\/p>\n\n\n\n<p>Al respecto manifest\u00f3 que, los yahualiquenses no estar\u00e1n solos y desde la oficina del Partido Verde, estar\u00e1n vigilando que se apliquen y cumplan los trabajos en las 32 comunidades de Yahualica, que la presidenta electa ceda los espacios a los yahualiquenses y no gente de fuera; de no ser as\u00ed alzar\u00e1n la vos fuerte y claro, que el pueblo pone y el pueblo quita.<\/p>\n\n\n\n<p>Apunt\u00f3 que, en el municipio est\u00e1n todos los profesionistas quienes requieren al pr\u00f3ximo gobierno, se les debe dar la oportunidad de desarrollarse, por lo que es necesario que tomen en cuenta la gente del municipio,\u201d porque en Yahualica se tiene con los perfiles que se necesitan y no anden importando gente de fuera, como ha ocurrido en las \u00faltimas administraciones\u201d.<\/p>\n\n\n\n<p><\/p>\n","protected":false},"excerpt":{"rendered":"<p>Por Roberto Meza Ram\u00edrez \/Zunoticia Yahualica, Hgo. &#8211; La excandidata del Partido Verde Ecologista de M\u00e9xico Laura Reymundo Gregorio, dijo que, los espacios de la alcald\u00eda en el pr\u00f3ximo gobierno municipal deben ser para los yahualiquenses y se evite gente de fuera, ya que en este municipio est\u00e1n los profesionistas que requieren de esos espacios.&hellip; <a class=\"more-link\" href=\"https:\/\/www.zunoticia.com\/noticias-de-hidalgo\/2024\/08\/09\/que-los-espacios-en-alcaldia-sean-para-los-yahualiquenses-laura\/\">Seguir leyendo <span class=\"screen-reader-text\">Que los espacios en alcald\u00eda sean para los yahualiquenses: Laura<\/span><\/a><\/p>\n","protected":false},"author":20,"featured_media":555104,"comment_status":"open","ping_status":"open","sticky":false,"template":"","format":"standard","meta":{"rop_custom_images_group":[],"rop_custom_messages_group":[],"rop_publish_now":"yes","rop_publish_now_accounts":{"facebook_10159540855086992_322828327761733":""},"rop_publish_now_history":[],"rop_publish_now_status":"pending","footnotes":""},"categories":[179,203],"tags":[229,123],"class_list":["post-555103","post","type-post","status-publish","format-standard","has-post-thumbnail","hentry","category-huasteca","category-yahualica","tag-huasteca","tag-yahualica","entry"],"_links":{"self":[{"href":"https:\/\/www.zunoticia.com\/noticias-de-hidalgo\/wp-json\/wp\/v2\/posts\/555103","targetHints":{"allow":["GET"]}}],"collection":[{"href":"https:\/\/www.zunoticia.com\/noticias-de-hidalgo\/wp-json\/wp\/v2\/posts"}],"about":[{"href":"https:\/\/www.zunoticia.com\/noticias-de-hidalgo\/wp-json\/wp\/v2\/types\/post"}],"author":[{"embeddable":true,"href":"https:\/\/www.zunoticia.com\/noticias-de-hidalgo\/wp-json\/wp\/v2\/users\/20"}],"replies":[{"embeddable":true,"href":"https:\/\/www.zunoticia.com\/noticias-de-hidalgo\/wp-json\/wp\/v2\/comments?post=555103"}],"version-history":[{"count":1,"href":"https:\/\/www.zunoticia.com\/noticias-de-hidalgo\/wp-json\/wp\/v2\/posts\/555103\/revisions"}],"predecessor-version":[{"id":555105,"href":"https:\/\/www.zunoticia.com\/noticias-de-hidalgo\/wp-json\/wp\/v2\/posts\/555103\/revisions\/555105"}],"wp:featuredmedia":[{"embeddable":true,"href":"https:\/\/www.zunoticia.com\/noticias-de-hidalgo\/wp-json\/wp\/v2\/media\/555104"}],"wp:attachment":[{"href":"https:\/\/www.zunoticia.com\/noticias-de-hidalgo\/wp-json\/wp\/v2\/media?parent=555103"}],"wp:term":[{"taxonomy":"category","embeddable":true,"href":"https:\/\/www.zunoticia.com\/noticias-de-hidalgo\/wp-json\/wp\/v2\/categories?post=555103"},{"taxonomy":"post_tag","embeddable":true,"href":"https:\/\/www.zunoticia.com\/noticias-de-hidalgo\/wp-json\/wp\/v2\/tags?post=555103"}],"curies":[{"name":"wp","href":"https:\/\/api.w.org\/{rel}","templated":true}]}}