{"id":555129,"date":"2024-08-09T18:39:15","date_gmt":"2024-08-10T00:39:15","guid":{"rendered":"https:\/\/www.zunoticia.com\/noticias-de-hidalgo\/?p=555129"},"modified":"2024-08-09T18:39:19","modified_gmt":"2024-08-10T00:39:19","slug":"celebraron-dia-internacional-de-pueblos-indigenas","status":"publish","type":"post","link":"https:\/\/www.zunoticia.com\/noticias-de-hidalgo\/2024\/08\/09\/celebraron-dia-internacional-de-pueblos-indigenas\/","title":{"rendered":"Celebraron D\u00eda Internacional de Pueblos Ind\u00edgenas"},"content":{"rendered":"<aside class=\"mashsb-container mashsb-main mashsb-stretched\"><div class=\"mashsb-box\"><div class=\"mashsb-count mash-large\" style=\"float:left\"><div class=\"counts mashsbcount\">22<\/div><span class=\"mashsb-sharetext\">SHARES<\/span><\/div><div class=\"mashsb-buttons\"><a class=\"mashicon-facebook mash-large mash-center mashsb-noshadow\" href=\"https:\/\/www.facebook.com\/sharer.php?u=https%3A%2F%2Fwww.zunoticia.com%2Fnoticias-de-hidalgo%2F2024%2F08%2F09%2Fcelebraron-dia-internacional-de-pueblos-indigenas%2F\" target=\"_top\" rel=\"nofollow\"><span class=\"icon\"><\/span><span class=\"text\">Share<\/span><\/a><a class=\"mashicon-twitter mash-large mash-center mashsb-noshadow\" href=\"https:\/\/twitter.com\/intent\/tweet?text=&amp;url=https:\/\/www.zunoticia.com\/noticias-de-hidalgo\/2024\/08\/09\/celebraron-dia-internacional-de-pueblos-indigenas\/\" target=\"_top\" rel=\"nofollow\"><span class=\"icon\"><\/span><span class=\"text\">Tweet<\/span><\/a><div class=\"onoffswitch2 mash-large mashsb-noshadow\" style=\"display:none\"><\/div><\/div>\n            <\/div>\n                <div style=\"clear:both\"><\/div><div class=\"mashsb-toggle-container\"><\/div><\/aside>\n            <!-- Share buttons by mashshare.net - Version: 4.0.47-->\n<p><em>Por Jos\u00e9 Luis Romero Ruiz\/Zunoticia<\/em><\/p>\n\n\n\n<p><strong>Huejutla, Hgo.-<\/strong> La presidencia municipal y la Asociaci\u00f3n Civil \u201cReencuentro \u00c9tnico Nacional (RENAC) A.C. festejaron el D\u00eda Internacional de Pueblos Ind\u00edgenas, emotiva presentaci\u00f3n de la ofrenda a la madre tierra con n\u00fameros musicales de los Pueblos originarios.&nbsp;&nbsp;&nbsp;&nbsp;&nbsp;<\/p>\n\n\n\n<p>El evento se desarroll\u00f3 en la plaza 21 de Mayo (frente a la presidencia municipal), y el programa comenz\u00f3 alrededor de las 10:00 horas, en donde los invitados de honor, recibieron el ritual \u201cXochiselistli\u201d una corona de flores y collares; adem\u00e1s, debieron cruzar un arco de ca\u00f1a y palmilla camedor, mientras ocupaban su lugar fueron ahumados con copal.<\/p>\n\n\n\n<p>El primer n\u00famero musical estuvo a cargo de un grupo de danzantes de Santa Cecilia del Barrio La Pe\u00f1a, Chililico, Huejutla, Hidalgo; posteriormente el presidente municipal Jos\u00e9 Pilar L\u00f3pez Espinoza dio la bienvenida a los presentes y emiti\u00f3 un significativo mensaje en favor de los pueblos originarios de la huasteca hidalguense.&nbsp; &nbsp;<\/p>\n\n\n\n<p>Abajo del escenario colocaron una ofrenda a la tierra, el cual contaba con una base de hojas de pl\u00e1tano, ma\u00edz blanco, ma\u00edz amarillo, granos de caf\u00e9, frutas como naranjas, limones, pl\u00e1tanos, velas, aguardiente, tabaco, copal, y dos \u201ctapataxtles\u201d (tamales grandes); el ritual fue ejecutado por la maestra Salustia Pacheco Hern\u00e1ndez.<\/p>\n\n\n\n<p>Para que el ritual estuviera completo, la maestra Salustia Pacheco abri\u00f3 los \u201cTapataxtles\u201d, y les entreg\u00f3 un pedazo de hoja de pl\u00e1tano para que los invitados pudieran probar las delicias que ofrece la madre naturaleza.<\/p>\n\n\n\n<p>Posteriormente, toc\u00f3 el turno de la danza de \u201cLos Pajaritos\u201d de Contepec, Huautla, Hidalgo; enseguida la danza Xochitini de la comunidad de Xiquila, Huejutla, Hidalgo; y para concluir el magno evento entregaron reconocimientos a artesanos, danzantes aut\u00f3ctonos, m\u00e9dicos tradicionales, parteras, herbolarios y promotores culturales.<\/p>\n\n\n\n<figure class=\"wp-block-image size-full\"><img fetchpriority=\"high\" decoding=\"async\" width=\"933\" height=\"524\" src=\"https:\/\/www.zunoticia.com\/noticias-de-hidalgo\/wp-content\/uploads\/2024\/08\/Zunoticia-Huejutla-165.png\" alt=\"\" class=\"wp-image-555131\"\/><\/figure>\n","protected":false},"excerpt":{"rendered":"<p>Por Jos\u00e9 Luis Romero Ruiz\/Zunoticia Huejutla, Hgo.- La presidencia municipal y la Asociaci\u00f3n Civil \u201cReencuentro \u00c9tnico Nacional (RENAC) A.C. festejaron el D\u00eda Internacional de Pueblos Ind\u00edgenas, emotiva presentaci\u00f3n de la ofrenda a la madre tierra con n\u00fameros musicales de los Pueblos originarios.&nbsp;&nbsp;&nbsp;&nbsp;&nbsp; El evento se desarroll\u00f3 en la plaza 21 de Mayo (frente a la&hellip; <a class=\"more-link\" href=\"https:\/\/www.zunoticia.com\/noticias-de-hidalgo\/2024\/08\/09\/celebraron-dia-internacional-de-pueblos-indigenas\/\">Seguir leyendo <span class=\"screen-reader-text\">Celebraron D\u00eda Internacional de Pueblos Ind\u00edgenas<\/span><\/a><\/p>\n","protected":false},"author":20,"featured_media":555130,"comment_status":"open","ping_status":"open","sticky":false,"template":"","format":"standard","meta":{"rop_custom_images_group":[],"rop_custom_messages_group":[],"rop_publish_now":"yes","rop_publish_now_accounts":{"facebook_10159540855086992_322828327761733":""},"rop_publish_now_history":[],"rop_publish_now_status":"pending","footnotes":""},"categories":[181],"tags":[121],"class_list":["post-555129","post","type-post","status-publish","format-standard","has-post-thumbnail","hentry","category-huejutla","tag-huejutla","entry"],"_links":{"self":[{"href":"https:\/\/www.zunoticia.com\/noticias-de-hidalgo\/wp-json\/wp\/v2\/posts\/555129","targetHints":{"allow":["GET"]}}],"collection":[{"href":"https:\/\/www.zunoticia.com\/noticias-de-hidalgo\/wp-json\/wp\/v2\/posts"}],"about":[{"href":"https:\/\/www.zunoticia.com\/noticias-de-hidalgo\/wp-json\/wp\/v2\/types\/post"}],"author":[{"embeddable":true,"href":"https:\/\/www.zunoticia.com\/noticias-de-hidalgo\/wp-json\/wp\/v2\/users\/20"}],"replies":[{"embeddable":true,"href":"https:\/\/www.zunoticia.com\/noticias-de-hidalgo\/wp-json\/wp\/v2\/comments?post=555129"}],"version-history":[{"count":1,"href":"https:\/\/www.zunoticia.com\/noticias-de-hidalgo\/wp-json\/wp\/v2\/posts\/555129\/revisions"}],"predecessor-version":[{"id":555132,"href":"https:\/\/www.zunoticia.com\/noticias-de-hidalgo\/wp-json\/wp\/v2\/posts\/555129\/revisions\/555132"}],"wp:featuredmedia":[{"embeddable":true,"href":"https:\/\/www.zunoticia.com\/noticias-de-hidalgo\/wp-json\/wp\/v2\/media\/555130"}],"wp:attachment":[{"href":"https:\/\/www.zunoticia.com\/noticias-de-hidalgo\/wp-json\/wp\/v2\/media?parent=555129"}],"wp:term":[{"taxonomy":"category","embeddable":true,"href":"https:\/\/www.zunoticia.com\/noticias-de-hidalgo\/wp-json\/wp\/v2\/categories?post=555129"},{"taxonomy":"post_tag","embeddable":true,"href":"https:\/\/www.zunoticia.com\/noticias-de-hidalgo\/wp-json\/wp\/v2\/tags?post=555129"}],"curies":[{"name":"wp","href":"https:\/\/api.w.org\/{rel}","templated":true}]}}