{"id":555541,"date":"2024-08-12T16:36:50","date_gmt":"2024-08-12T22:36:50","guid":{"rendered":"https:\/\/www.zunoticia.com\/noticias-de-hidalgo\/?p=555541"},"modified":"2024-08-12T16:36:53","modified_gmt":"2024-08-12T22:36:53","slug":"corte-de-luz-en-cabecera-municipal-por-mantenimiento-de-lineas","status":"publish","type":"post","link":"https:\/\/www.zunoticia.com\/noticias-de-hidalgo\/2024\/08\/12\/corte-de-luz-en-cabecera-municipal-por-mantenimiento-de-lineas\/","title":{"rendered":"Corte de luz en cabecera municipal por mantenimiento de l\u00edneas"},"content":{"rendered":"<aside class=\"mashsb-container mashsb-main mashsb-stretched\"><div class=\"mashsb-box\"><div class=\"mashsb-count mash-large\" style=\"float:left\"><div class=\"counts mashsbcount\">9<\/div><span class=\"mashsb-sharetext\">SHARES<\/span><\/div><div class=\"mashsb-buttons\"><a class=\"mashicon-facebook mash-large mash-center mashsb-noshadow\" href=\"https:\/\/www.facebook.com\/sharer.php?u=https%3A%2F%2Fwww.zunoticia.com%2Fnoticias-de-hidalgo%2F2024%2F08%2F12%2Fcorte-de-luz-en-cabecera-municipal-por-mantenimiento-de-lineas%2F\" target=\"_top\" rel=\"nofollow\"><span class=\"icon\"><\/span><span class=\"text\">Share<\/span><\/a><a class=\"mashicon-twitter mash-large mash-center mashsb-noshadow\" href=\"https:\/\/twitter.com\/intent\/tweet?text=&amp;url=https:\/\/www.zunoticia.com\/noticias-de-hidalgo\/2024\/08\/12\/corte-de-luz-en-cabecera-municipal-por-mantenimiento-de-lineas\/\" target=\"_top\" rel=\"nofollow\"><span class=\"icon\"><\/span><span class=\"text\">Tweet<\/span><\/a><div class=\"onoffswitch2 mash-large mashsb-noshadow\" style=\"display:none\"><\/div><\/div>\n            <\/div>\n                <div style=\"clear:both\"><\/div><div class=\"mashsb-toggle-container\"><\/div><\/aside>\n            <!-- Share buttons by mashshare.net - Version: 4.0.47-->\n<p><em>Por Roberto Ram\u00edrez\/Zunoticia<\/em><\/p>\n\n\n\n<p><strong>Yahualica, Hgo.<\/strong> &#8211; Por el mantenimiento de l\u00edneas el\u00e9ctricas, personal de la Comisi\u00f3n Federal de Electricidad (C.F.E.), est\u00e1 haciendo el corte de luz en algunos barrios de la cabecera municipal, por lo que invitan a los vecinos a estar al tanto, con el prop\u00f3sito de mejorar este servicio.<\/p>\n\n\n\n<p>Las autoridades delegacionales indicaron que, durante todo el lunes y d\u00edas posteriores se estar\u00e1n llevando estos trabajos en los barrios por eso, es necesario que tomen en cuenta esta disposici\u00f3n, sobre todo con los negocios que requieren de refrigeraci\u00f3n de algunos productos.<\/p>\n\n\n\n<p>Lo que se busca con estas acciones que lleva la C.F.E., es evitar apagones en lo sucesivo, sobre todo cuando haya tempestades, por eso est\u00e1n agilizando los trabajos para disponer de un mejor servicio en toda la cabecera municipal; por lo pronto las autoridades delegacionales est\u00e1n al tanto de estas labores.<\/p>\n\n\n\n<p><\/p>\n","protected":false},"excerpt":{"rendered":"<p>Por Roberto Ram\u00edrez\/Zunoticia Yahualica, Hgo. &#8211; Por el mantenimiento de l\u00edneas el\u00e9ctricas, personal de la Comisi\u00f3n Federal de Electricidad (C.F.E.), est\u00e1 haciendo el corte de luz en algunos barrios de la cabecera municipal, por lo que invitan a los vecinos a estar al tanto, con el prop\u00f3sito de mejorar este servicio. Las autoridades delegacionales indicaron&hellip; <a class=\"more-link\" href=\"https:\/\/www.zunoticia.com\/noticias-de-hidalgo\/2024\/08\/12\/corte-de-luz-en-cabecera-municipal-por-mantenimiento-de-lineas\/\">Seguir leyendo <span class=\"screen-reader-text\">Corte de luz en cabecera municipal por mantenimiento de l\u00edneas<\/span><\/a><\/p>\n","protected":false},"author":20,"featured_media":555542,"comment_status":"open","ping_status":"open","sticky":false,"template":"","format":"standard","meta":{"rop_custom_images_group":[],"rop_custom_messages_group":[],"rop_publish_now":"yes","rop_publish_now_accounts":{"facebook_10159540855086992_322828327761733":""},"rop_publish_now_history":[],"rop_publish_now_status":"pending","footnotes":""},"categories":[179,203],"tags":[229,123],"class_list":["post-555541","post","type-post","status-publish","format-standard","has-post-thumbnail","hentry","category-huasteca","category-yahualica","tag-huasteca","tag-yahualica","entry"],"_links":{"self":[{"href":"https:\/\/www.zunoticia.com\/noticias-de-hidalgo\/wp-json\/wp\/v2\/posts\/555541","targetHints":{"allow":["GET"]}}],"collection":[{"href":"https:\/\/www.zunoticia.com\/noticias-de-hidalgo\/wp-json\/wp\/v2\/posts"}],"about":[{"href":"https:\/\/www.zunoticia.com\/noticias-de-hidalgo\/wp-json\/wp\/v2\/types\/post"}],"author":[{"embeddable":true,"href":"https:\/\/www.zunoticia.com\/noticias-de-hidalgo\/wp-json\/wp\/v2\/users\/20"}],"replies":[{"embeddable":true,"href":"https:\/\/www.zunoticia.com\/noticias-de-hidalgo\/wp-json\/wp\/v2\/comments?post=555541"}],"version-history":[{"count":1,"href":"https:\/\/www.zunoticia.com\/noticias-de-hidalgo\/wp-json\/wp\/v2\/posts\/555541\/revisions"}],"predecessor-version":[{"id":555543,"href":"https:\/\/www.zunoticia.com\/noticias-de-hidalgo\/wp-json\/wp\/v2\/posts\/555541\/revisions\/555543"}],"wp:featuredmedia":[{"embeddable":true,"href":"https:\/\/www.zunoticia.com\/noticias-de-hidalgo\/wp-json\/wp\/v2\/media\/555542"}],"wp:attachment":[{"href":"https:\/\/www.zunoticia.com\/noticias-de-hidalgo\/wp-json\/wp\/v2\/media?parent=555541"}],"wp:term":[{"taxonomy":"category","embeddable":true,"href":"https:\/\/www.zunoticia.com\/noticias-de-hidalgo\/wp-json\/wp\/v2\/categories?post=555541"},{"taxonomy":"post_tag","embeddable":true,"href":"https:\/\/www.zunoticia.com\/noticias-de-hidalgo\/wp-json\/wp\/v2\/tags?post=555541"}],"curies":[{"name":"wp","href":"https:\/\/api.w.org\/{rel}","templated":true}]}}