{"id":555696,"date":"2024-08-13T13:09:12","date_gmt":"2024-08-13T19:09:12","guid":{"rendered":"https:\/\/www.zunoticia.com\/noticias-de-hidalgo\/?p=555696"},"modified":"2024-08-13T13:09:16","modified_gmt":"2024-08-13T19:09:16","slug":"en-procesion-se-llevan-al-padre-jesus","status":"publish","type":"post","link":"https:\/\/www.zunoticia.com\/noticias-de-hidalgo\/2024\/08\/13\/en-procesion-se-llevan-al-padre-jesus\/","title":{"rendered":"En procesi\u00f3n se llevan al Padre Jes\u00fas"},"content":{"rendered":"<aside class=\"mashsb-container mashsb-main mashsb-stretched\"><div class=\"mashsb-box\"><div class=\"mashsb-count mash-large\" style=\"float:left\"><div class=\"counts mashsbcount\">17<\/div><span class=\"mashsb-sharetext\">SHARES<\/span><\/div><div class=\"mashsb-buttons\"><a class=\"mashicon-facebook mash-large mash-center mashsb-noshadow\" href=\"https:\/\/www.facebook.com\/sharer.php?u=https%3A%2F%2Fwww.zunoticia.com%2Fnoticias-de-hidalgo%2F2024%2F08%2F13%2Fen-procesion-se-llevan-al-padre-jesus%2F\" target=\"_top\" rel=\"nofollow\"><span class=\"icon\"><\/span><span class=\"text\">Share<\/span><\/a><a class=\"mashicon-twitter mash-large mash-center mashsb-noshadow\" href=\"https:\/\/twitter.com\/intent\/tweet?text=&amp;url=https:\/\/www.zunoticia.com\/noticias-de-hidalgo\/2024\/08\/13\/en-procesion-se-llevan-al-padre-jesus\/\" target=\"_top\" rel=\"nofollow\"><span class=\"icon\"><\/span><span class=\"text\">Tweet<\/span><\/a><div class=\"onoffswitch2 mash-large mashsb-noshadow\" style=\"display:none\"><\/div><\/div>\n            <\/div>\n                <div style=\"clear:both\"><\/div><div class=\"mashsb-toggle-container\"><\/div><\/aside>\n            <!-- Share buttons by mashshare.net - Version: 4.0.47-->\n<p>Por Enedino Hern\u00e1ndez\/Zunoticia<\/p>\n\n\n\n<p><strong>Huejutla, Hgo<\/strong>.- Decenas de fieles cat\u00f3licos de Humotitla Candelaria se llevaron en procesi\u00f3n al Padre Jes\u00fas a una velaci\u00f3n.<\/p>\n\n\n\n<p>La salida de los fieles cat\u00f3licos se realiz\u00f3 durante la ma\u00f1ana de este martes 13 de agosto, desde la parroquia del Sagrario Catedral de esta ciudad de Huejutla de Reyes; Durante la procesi\u00f3n fueron acompa\u00f1ados de dos grupos de danzantes de las Inditas, as\u00ed como de dos Bandas de Viento.<\/p>\n\n\n\n<p>Con estas acciones religiosas de procesi\u00f3n y velaci\u00f3n es como las comunidades ind\u00edgenas fortalecen la fe cat\u00f3lica, la cual se mantiene muy arraigada en Hidalgo.<\/p>\n","protected":false},"excerpt":{"rendered":"<p>Por Enedino Hern\u00e1ndez\/Zunoticia Huejutla, Hgo.- Decenas de fieles cat\u00f3licos de Humotitla Candelaria se llevaron en procesi\u00f3n al Padre Jes\u00fas a una velaci\u00f3n. La salida de los fieles cat\u00f3licos se realiz\u00f3 durante la ma\u00f1ana de este martes 13 de agosto, desde la parroquia del Sagrario Catedral de esta ciudad de Huejutla de Reyes; Durante la procesi\u00f3n&hellip; <a class=\"more-link\" href=\"https:\/\/www.zunoticia.com\/noticias-de-hidalgo\/2024\/08\/13\/en-procesion-se-llevan-al-padre-jesus\/\">Seguir leyendo <span class=\"screen-reader-text\">En procesi\u00f3n se llevan al Padre Jes\u00fas<\/span><\/a><\/p>\n","protected":false},"author":20,"featured_media":555697,"comment_status":"open","ping_status":"open","sticky":false,"template":"","format":"standard","meta":{"rop_custom_images_group":[],"rop_custom_messages_group":[],"rop_publish_now":"yes","rop_publish_now_accounts":{"facebook_10159540855086992_322828327761733":""},"rop_publish_now_history":[],"rop_publish_now_status":"pending","footnotes":""},"categories":[181],"tags":[121],"class_list":["post-555696","post","type-post","status-publish","format-standard","has-post-thumbnail","hentry","category-huejutla","tag-huejutla","entry"],"_links":{"self":[{"href":"https:\/\/www.zunoticia.com\/noticias-de-hidalgo\/wp-json\/wp\/v2\/posts\/555696","targetHints":{"allow":["GET"]}}],"collection":[{"href":"https:\/\/www.zunoticia.com\/noticias-de-hidalgo\/wp-json\/wp\/v2\/posts"}],"about":[{"href":"https:\/\/www.zunoticia.com\/noticias-de-hidalgo\/wp-json\/wp\/v2\/types\/post"}],"author":[{"embeddable":true,"href":"https:\/\/www.zunoticia.com\/noticias-de-hidalgo\/wp-json\/wp\/v2\/users\/20"}],"replies":[{"embeddable":true,"href":"https:\/\/www.zunoticia.com\/noticias-de-hidalgo\/wp-json\/wp\/v2\/comments?post=555696"}],"version-history":[{"count":1,"href":"https:\/\/www.zunoticia.com\/noticias-de-hidalgo\/wp-json\/wp\/v2\/posts\/555696\/revisions"}],"predecessor-version":[{"id":555698,"href":"https:\/\/www.zunoticia.com\/noticias-de-hidalgo\/wp-json\/wp\/v2\/posts\/555696\/revisions\/555698"}],"wp:featuredmedia":[{"embeddable":true,"href":"https:\/\/www.zunoticia.com\/noticias-de-hidalgo\/wp-json\/wp\/v2\/media\/555697"}],"wp:attachment":[{"href":"https:\/\/www.zunoticia.com\/noticias-de-hidalgo\/wp-json\/wp\/v2\/media?parent=555696"}],"wp:term":[{"taxonomy":"category","embeddable":true,"href":"https:\/\/www.zunoticia.com\/noticias-de-hidalgo\/wp-json\/wp\/v2\/categories?post=555696"},{"taxonomy":"post_tag","embeddable":true,"href":"https:\/\/www.zunoticia.com\/noticias-de-hidalgo\/wp-json\/wp\/v2\/tags?post=555696"}],"curies":[{"name":"wp","href":"https:\/\/api.w.org\/{rel}","templated":true}]}}