{"id":556562,"date":"2024-08-18T19:18:19","date_gmt":"2024-08-19T01:18:19","guid":{"rendered":"https:\/\/www.zunoticia.com\/noticias-de-hidalgo\/?p=556562"},"modified":"2024-08-18T19:18:22","modified_gmt":"2024-08-19T01:18:22","slug":"la-plaza-21-de-mayo-un-autentico-cochinero-vecina-de-barrio-arriba","status":"publish","type":"post","link":"https:\/\/www.zunoticia.com\/noticias-de-hidalgo\/2024\/08\/18\/la-plaza-21-de-mayo-un-autentico-cochinero-vecina-de-barrio-arriba\/","title":{"rendered":"La Plaza 21 de Mayo un \u201caut\u00e9ntico cochinero\u201d: vecina de Barrio Arriba"},"content":{"rendered":"<aside class=\"mashsb-container mashsb-main mashsb-stretched\"><div class=\"mashsb-box\"><div class=\"mashsb-count mash-large\" style=\"float:left\"><div class=\"counts mashsbcount\">1<\/div><span class=\"mashsb-sharetext\">SHARES<\/span><\/div><div class=\"mashsb-buttons\"><a class=\"mashicon-facebook mash-large mash-center mashsb-noshadow\" href=\"https:\/\/www.facebook.com\/sharer.php?u=https%3A%2F%2Fwww.zunoticia.com%2Fnoticias-de-hidalgo%2F2024%2F08%2F18%2Fla-plaza-21-de-mayo-un-autentico-cochinero-vecina-de-barrio-arriba%2F\" target=\"_top\" rel=\"nofollow\"><span class=\"icon\"><\/span><span class=\"text\">Share<\/span><\/a><a class=\"mashicon-twitter mash-large mash-center mashsb-noshadow\" href=\"https:\/\/twitter.com\/intent\/tweet?text=&amp;url=https:\/\/www.zunoticia.com\/noticias-de-hidalgo\/2024\/08\/18\/la-plaza-21-de-mayo-un-autentico-cochinero-vecina-de-barrio-arriba\/\" target=\"_top\" rel=\"nofollow\"><span class=\"icon\"><\/span><span class=\"text\">Tweet<\/span><\/a><div class=\"onoffswitch2 mash-large mashsb-noshadow\" style=\"display:none\"><\/div><\/div>\n            <\/div>\n                <div style=\"clear:both\"><\/div><div class=\"mashsb-toggle-container\"><\/div><\/aside>\n            <!-- Share buttons by mashshare.net - Version: 4.0.47-->\n<p><em>Por Jos\u00e9 Luis Romero Ruiz\/Zunoticia<\/em><\/p>\n\n\n\n<p><strong>Huejutla, Hgo.-<\/strong> Vecina de Barrio Arriba (Capit\u00e1n Antonio Reyes) de esta cabecera municipal, Petra Mart\u00ednez Ram\u00edrez, coment\u00f3 para Zunoticia que, la plaza 21 de Mayo es el centro de Huejutla y est\u00e1 convertido en un \u201caut\u00e9ntico cochinero\u201d.<\/p>\n\n\n\n<p>Do\u00f1a Petra Mart\u00ednez Ram\u00edrez transit\u00f3 desde su domicilio hasta llegar a la plaza dominical de esta ciudad y atraves\u00f3 la Plaza 21 de Mayo de la zona Centro en compa\u00f1\u00eda de su hija y al ver la Plaza con desechos s\u00f3lidos por doquier se\u00f1al\u00f3 que, \u201ces una verg\u00fcenza tener la Plaza as\u00ed\u201d.<\/p>\n\n\n\n<figure class=\"wp-block-image size-full\"><img fetchpriority=\"high\" decoding=\"async\" width=\"1600\" height=\"900\" src=\"https:\/\/www.zunoticia.com\/noticias-de-hidalgo\/wp-content\/uploads\/2024\/08\/eZy-Watermark_18-08-2024_04-15-30-1520p.m.jpg\" alt=\"\" class=\"wp-image-556517\"\/><\/figure>\n\n\n\n<p>\u201cSabemos que hubo un evento el s\u00e1bado pasado, pero, no se vale que la gente deje la basura tirada por toda la Plaza, Huejutla es nuestra ciudad, y no se vale que la dejen tan sucia, si vinieron a divertirse, est\u00e1 bien, pero que se lleven su basura o que busquen donde depositarla\u201d, extern\u00f3.<\/p>\n\n\n\n<p>La se\u00f1ora Petra Mart\u00ednez coment\u00f3 que, \u201ces una verg\u00fcenza tener la plaza as\u00ed, si se hacen eventos de cualquier \u00edndole est\u00e1 bien, pero debemos mostrar una educaci\u00f3n de higiene y no tirar la basura en la calle, ya que la Plaza es un \u2018aut\u00e9ntico cochinero\u2019\u201d.<\/p>\n","protected":false},"excerpt":{"rendered":"<p>Por Jos\u00e9 Luis Romero Ruiz\/Zunoticia Huejutla, Hgo.- Vecina de Barrio Arriba (Capit\u00e1n Antonio Reyes) de esta cabecera municipal, Petra Mart\u00ednez Ram\u00edrez, coment\u00f3 para Zunoticia que, la plaza 21 de Mayo es el centro de Huejutla y est\u00e1 convertido en un \u201caut\u00e9ntico cochinero\u201d. Do\u00f1a Petra Mart\u00ednez Ram\u00edrez transit\u00f3 desde su domicilio hasta llegar a la plaza&hellip; <a class=\"more-link\" href=\"https:\/\/www.zunoticia.com\/noticias-de-hidalgo\/2024\/08\/18\/la-plaza-21-de-mayo-un-autentico-cochinero-vecina-de-barrio-arriba\/\">Seguir leyendo <span class=\"screen-reader-text\">La Plaza 21 de Mayo un \u201caut\u00e9ntico cochinero\u201d: vecina de Barrio Arriba<\/span><\/a><\/p>\n","protected":false},"author":12,"featured_media":556516,"comment_status":"open","ping_status":"open","sticky":false,"template":"","format":"standard","meta":{"rop_custom_images_group":[],"rop_custom_messages_group":[],"rop_publish_now":"yes","rop_publish_now_accounts":{"facebook_10159540855086992_322828327761733":"#HuejutlaDeReyes #HuastecaHidalguense | Vecina de Barrio Arriba (Capit\u00e1n Antonio Reyes) de esta cabecera municipal, Petra Mart\u00ednez...\u00a0Ent\u00e9rate\u2b07"},"rop_publish_now_history":[],"rop_publish_now_status":"pending","footnotes":""},"categories":[181],"tags":[121],"class_list":["post-556562","post","type-post","status-publish","format-standard","has-post-thumbnail","hentry","category-huejutla","tag-huejutla","entry"],"_links":{"self":[{"href":"https:\/\/www.zunoticia.com\/noticias-de-hidalgo\/wp-json\/wp\/v2\/posts\/556562","targetHints":{"allow":["GET"]}}],"collection":[{"href":"https:\/\/www.zunoticia.com\/noticias-de-hidalgo\/wp-json\/wp\/v2\/posts"}],"about":[{"href":"https:\/\/www.zunoticia.com\/noticias-de-hidalgo\/wp-json\/wp\/v2\/types\/post"}],"author":[{"embeddable":true,"href":"https:\/\/www.zunoticia.com\/noticias-de-hidalgo\/wp-json\/wp\/v2\/users\/12"}],"replies":[{"embeddable":true,"href":"https:\/\/www.zunoticia.com\/noticias-de-hidalgo\/wp-json\/wp\/v2\/comments?post=556562"}],"version-history":[{"count":1,"href":"https:\/\/www.zunoticia.com\/noticias-de-hidalgo\/wp-json\/wp\/v2\/posts\/556562\/revisions"}],"predecessor-version":[{"id":556563,"href":"https:\/\/www.zunoticia.com\/noticias-de-hidalgo\/wp-json\/wp\/v2\/posts\/556562\/revisions\/556563"}],"wp:featuredmedia":[{"embeddable":true,"href":"https:\/\/www.zunoticia.com\/noticias-de-hidalgo\/wp-json\/wp\/v2\/media\/556516"}],"wp:attachment":[{"href":"https:\/\/www.zunoticia.com\/noticias-de-hidalgo\/wp-json\/wp\/v2\/media?parent=556562"}],"wp:term":[{"taxonomy":"category","embeddable":true,"href":"https:\/\/www.zunoticia.com\/noticias-de-hidalgo\/wp-json\/wp\/v2\/categories?post=556562"},{"taxonomy":"post_tag","embeddable":true,"href":"https:\/\/www.zunoticia.com\/noticias-de-hidalgo\/wp-json\/wp\/v2\/tags?post=556562"}],"curies":[{"name":"wp","href":"https:\/\/api.w.org\/{rel}","templated":true}]}}