{"id":556611,"date":"2024-08-18T23:36:42","date_gmt":"2024-08-19T05:36:42","guid":{"rendered":"https:\/\/www.zunoticia.com\/noticias-de-hidalgo\/?p=556611"},"modified":"2024-08-18T23:36:45","modified_gmt":"2024-08-19T05:36:45","slug":"choque-entre-moto-y-coche-deja-un-herido","status":"publish","type":"post","link":"https:\/\/www.zunoticia.com\/noticias-de-hidalgo\/2024\/08\/18\/choque-entre-moto-y-coche-deja-un-herido\/","title":{"rendered":"Choque entre moto y coche deja un herido"},"content":{"rendered":"<aside class=\"mashsb-container mashsb-main mashsb-stretched\"><div class=\"mashsb-box\"><div class=\"mashsb-count mash-large\" style=\"float:left\"><div class=\"counts mashsbcount\">0<\/div><span class=\"mashsb-sharetext\">SHARES<\/span><\/div><div class=\"mashsb-buttons\"><a class=\"mashicon-facebook mash-large mash-center mashsb-noshadow\" href=\"https:\/\/www.facebook.com\/sharer.php?u=https%3A%2F%2Fwww.zunoticia.com%2Fnoticias-de-hidalgo%2F2024%2F08%2F18%2Fchoque-entre-moto-y-coche-deja-un-herido%2F\" target=\"_top\" rel=\"nofollow\"><span class=\"icon\"><\/span><span class=\"text\">Share<\/span><\/a><a class=\"mashicon-twitter mash-large mash-center mashsb-noshadow\" href=\"https:\/\/twitter.com\/intent\/tweet?text=&amp;url=https:\/\/www.zunoticia.com\/noticias-de-hidalgo\/2024\/08\/18\/choque-entre-moto-y-coche-deja-un-herido\/\" target=\"_top\" rel=\"nofollow\"><span class=\"icon\"><\/span><span class=\"text\">Tweet<\/span><\/a><div class=\"onoffswitch2 mash-large mashsb-noshadow\" style=\"display:none\"><\/div><\/div>\n            <\/div>\n                <div style=\"clear:both\"><\/div><div class=\"mashsb-toggle-container\"><\/div><\/aside>\n            <!-- Share buttons by mashshare.net - Version: 4.0.47-->\n<ul class=\"wp-block-list\">\n<li>El accidente se registr\u00f3 en la carretera estatal Huejutla-Santa Cruz.<\/li>\n<\/ul>\n\n\n\n<p><em>Por Francisco Rosas\/Zunoticia<\/em><\/p>\n\n\n\n<p><strong>Huejutla, Hgo.-<\/strong> Un fuerte choque frontal entre una motocicleta y un auto compacto que se registr\u00f3 la tarde de este domingo, en la carretera estatal Huejutla-Santa Cruz, dej\u00f3 como saldo una persona del sexo masculino lesionada y cuantiosos da\u00f1os materiales.<\/p>\n\n\n\n<p>El accidente ocurri\u00f3 un poco despu\u00e9s de las 18:00 horas de este domingo, en una curva que se encuentra como a 500 metros antes de llegar a la localidad de Sitl\u00e1n y de acuerdo con los datos recabados en el lugar de los hechos, los involucrados en el percance fueron, una moto de la marca Bajaj de color roja y un veh\u00edculo de la marca Chevrolet Monza de color gris, con placas de circulaci\u00f3n del estado de M\u00e9xico, que era conducido por Alejandro Azuara, de 41 a\u00f1os de la edad, vecino de la colonia El Pedregal, San Felipe Orizatl\u00e1n.<\/p>\n\n\n\n<figure class=\"wp-block-gallery has-nested-images columns-default is-cropped wp-block-gallery-1 is-layout-flex wp-block-gallery-is-layout-flex\">\n<figure class=\"wp-block-image size-large\"><img fetchpriority=\"high\" decoding=\"async\" width=\"1440\" height=\"1080\" data-id=\"556613\" src=\"https:\/\/www.zunoticia.com\/noticias-de-hidalgo\/wp-content\/uploads\/2024\/08\/WhatsApp-Image-2024-08-18-at-8.10.12-PM-3.jpeg\" alt=\"\" class=\"wp-image-556613\"\/><\/figure>\n\n\n\n<figure class=\"wp-block-image size-large\"><img decoding=\"async\" width=\"1440\" height=\"1080\" data-id=\"556614\" src=\"https:\/\/www.zunoticia.com\/noticias-de-hidalgo\/wp-content\/uploads\/2024\/08\/WhatsApp-Image-2024-08-18-at-8.10.12-PM-2.jpeg\" alt=\"\" class=\"wp-image-556614\"\/><\/figure>\n<\/figure>\n\n\n\n<p>Tras el impact\u00f3, el tripulante de la moto de nombre Romeo Guillen Vera, con domicilio en la colonia Valle del Encinal de esta ciudad, result\u00f3 lesionado, por lo que fue atendido y llevado a un centro hospitalario por param\u00e9dicos de la Cruz Roja Mexicana.<\/p>\n\n\n\n<p>Elementos de la Polic\u00eda Estatal acudieron al sitio para tomar conocimiento de lo sucedido y \u00e9stos se encargaron de realizar el peritaje de tr\u00e1nsito terrestre y deslinde de responsabilidades.<\/p>\n","protected":false},"excerpt":{"rendered":"<p>Por Francisco Rosas\/Zunoticia Huejutla, Hgo.- Un fuerte choque frontal entre una motocicleta y un auto compacto que se registr\u00f3 la tarde de este domingo, en la carretera estatal Huejutla-Santa Cruz, dej\u00f3 como saldo una persona del sexo masculino lesionada y cuantiosos da\u00f1os materiales. El accidente ocurri\u00f3 un poco despu\u00e9s de las 18:00 horas de este&hellip; <a class=\"more-link\" href=\"https:\/\/www.zunoticia.com\/noticias-de-hidalgo\/2024\/08\/18\/choque-entre-moto-y-coche-deja-un-herido\/\">Seguir leyendo <span class=\"screen-reader-text\">Choque entre moto y coche deja un herido<\/span><\/a><\/p>\n","protected":false},"author":22,"featured_media":556612,"comment_status":"open","ping_status":"open","sticky":false,"template":"","format":"standard","meta":{"rop_custom_images_group":[],"rop_custom_messages_group":[],"rop_publish_now":"yes","rop_publish_now_accounts":{"facebook_10159540855086992_322828327761733":"#Policiaca #Huejutla | Un fuerte choque frontal entre una motocicleta y un auto compacto que se registr\u00f3 la tarde de este domingo..."},"rop_publish_now_history":[],"rop_publish_now_status":"pending","footnotes":""},"categories":[178],"tags":[121],"class_list":["post-556611","post","type-post","status-publish","format-standard","has-post-thumbnail","hentry","category-policiaca","tag-huejutla","entry"],"_links":{"self":[{"href":"https:\/\/www.zunoticia.com\/noticias-de-hidalgo\/wp-json\/wp\/v2\/posts\/556611","targetHints":{"allow":["GET"]}}],"collection":[{"href":"https:\/\/www.zunoticia.com\/noticias-de-hidalgo\/wp-json\/wp\/v2\/posts"}],"about":[{"href":"https:\/\/www.zunoticia.com\/noticias-de-hidalgo\/wp-json\/wp\/v2\/types\/post"}],"author":[{"embeddable":true,"href":"https:\/\/www.zunoticia.com\/noticias-de-hidalgo\/wp-json\/wp\/v2\/users\/22"}],"replies":[{"embeddable":true,"href":"https:\/\/www.zunoticia.com\/noticias-de-hidalgo\/wp-json\/wp\/v2\/comments?post=556611"}],"version-history":[{"count":1,"href":"https:\/\/www.zunoticia.com\/noticias-de-hidalgo\/wp-json\/wp\/v2\/posts\/556611\/revisions"}],"predecessor-version":[{"id":556615,"href":"https:\/\/www.zunoticia.com\/noticias-de-hidalgo\/wp-json\/wp\/v2\/posts\/556611\/revisions\/556615"}],"wp:featuredmedia":[{"embeddable":true,"href":"https:\/\/www.zunoticia.com\/noticias-de-hidalgo\/wp-json\/wp\/v2\/media\/556612"}],"wp:attachment":[{"href":"https:\/\/www.zunoticia.com\/noticias-de-hidalgo\/wp-json\/wp\/v2\/media?parent=556611"}],"wp:term":[{"taxonomy":"category","embeddable":true,"href":"https:\/\/www.zunoticia.com\/noticias-de-hidalgo\/wp-json\/wp\/v2\/categories?post=556611"},{"taxonomy":"post_tag","embeddable":true,"href":"https:\/\/www.zunoticia.com\/noticias-de-hidalgo\/wp-json\/wp\/v2\/tags?post=556611"}],"curies":[{"name":"wp","href":"https:\/\/api.w.org\/{rel}","templated":true}]}}