{"id":556638,"date":"2024-08-19T11:55:07","date_gmt":"2024-08-19T17:55:07","guid":{"rendered":"https:\/\/www.zunoticia.com\/noticias-de-hidalgo\/?p=556638"},"modified":"2024-08-19T11:55:11","modified_gmt":"2024-08-19T17:55:11","slug":"fieles-catolicos-llevan-en-procesion-a-totata-jesus-para-acuapa-ii","status":"publish","type":"post","link":"https:\/\/www.zunoticia.com\/noticias-de-hidalgo\/2024\/08\/19\/fieles-catolicos-llevan-en-procesion-a-totata-jesus-para-acuapa-ii\/","title":{"rendered":"Fieles cat\u00f3licos llevan en procesi\u00f3n a &#8216;Totata Jes\u00fas&#8217; para Acuapa II"},"content":{"rendered":"<aside class=\"mashsb-container mashsb-main mashsb-stretched\"><div class=\"mashsb-box\"><div class=\"mashsb-count mash-large\" style=\"float:left\"><div class=\"counts mashsbcount\">4<\/div><span class=\"mashsb-sharetext\">SHARES<\/span><\/div><div class=\"mashsb-buttons\"><a class=\"mashicon-facebook mash-large mash-center mashsb-noshadow\" href=\"https:\/\/www.facebook.com\/sharer.php?u=https%3A%2F%2Fwww.zunoticia.com%2Fnoticias-de-hidalgo%2F2024%2F08%2F19%2Ffieles-catolicos-llevan-en-procesion-a-totata-jesus-para-acuapa-ii%2F\" target=\"_top\" rel=\"nofollow\"><span class=\"icon\"><\/span><span class=\"text\">Share<\/span><\/a><a class=\"mashicon-twitter mash-large mash-center mashsb-noshadow\" href=\"https:\/\/twitter.com\/intent\/tweet?text=&amp;url=https:\/\/www.zunoticia.com\/noticias-de-hidalgo\/2024\/08\/19\/fieles-catolicos-llevan-en-procesion-a-totata-jesus-para-acuapa-ii\/\" target=\"_top\" rel=\"nofollow\"><span class=\"icon\"><\/span><span class=\"text\">Tweet<\/span><\/a><div class=\"onoffswitch2 mash-large mashsb-noshadow\" style=\"display:none\"><\/div><\/div>\n            <\/div>\n                <div style=\"clear:both\"><\/div><div class=\"mashsb-toggle-container\"><\/div><\/aside>\n            <!-- Share buttons by mashshare.net - Version: 4.0.47-->\n<p><em>Por Enedino Hern\u00e1ndez\/Zunoticia<\/em><\/p>\n\n\n\n<p><strong>Huejutla, Hgo<\/strong>.- Decenas de fieles cat\u00f3licos se llevan en procesi\u00f3n a &#8216;Totata Jes\u00fas&#8217;, a una velaci\u00f3n en la poblaci\u00f3n de Acuapa II.<\/p>\n\n\n\n<p>En la procesi\u00f3n de los fieles cat\u00f3licos de Acuapa II son acompa\u00f1ados por la tradicional banda de viento, as\u00ed como dos grupos de Inditas y uno m\u00e1s de danzantes.<\/p>\n\n\n\n<p>Los elementos de Seguridad P\u00fablica Municipal con toda oportunidad apoyan en el recorrido en procesi\u00f3n de los fieles cat\u00f3licos. Es de esta manera como en las comunidades ind\u00edgenas de esta zona de la huasteca, siguen fortaleciendo la fe en la iglesia cat\u00f3lica.<\/p>\n\n\n\n<figure class=\"wp-block-gallery has-nested-images columns-default is-cropped wp-block-gallery-1 is-layout-flex wp-block-gallery-is-layout-flex\">\n<figure class=\"wp-block-image size-large\"><img fetchpriority=\"high\" decoding=\"async\" width=\"933\" height=\"524\" data-id=\"556641\" src=\"https:\/\/www.zunoticia.com\/noticias-de-hidalgo\/wp-content\/uploads\/2024\/08\/Zunoticia-Huejutla-2-67.png\" alt=\"\" class=\"wp-image-556641\"\/><\/figure>\n\n\n\n<figure class=\"wp-block-image size-large\"><img decoding=\"async\" width=\"933\" height=\"524\" data-id=\"556640\" src=\"https:\/\/www.zunoticia.com\/noticias-de-hidalgo\/wp-content\/uploads\/2024\/08\/Zunoticia-Huejutla-1-192.png\" alt=\"\" class=\"wp-image-556640\"\/><\/figure>\n<\/figure>\n","protected":false},"excerpt":{"rendered":"<p>Por Enedino Hern\u00e1ndez\/Zunoticia Huejutla, Hgo.- Decenas de fieles cat\u00f3licos se llevan en procesi\u00f3n a &#8216;Totata Jes\u00fas&#8217;, a una velaci\u00f3n en la poblaci\u00f3n de Acuapa II. En la procesi\u00f3n de los fieles cat\u00f3licos de Acuapa II son acompa\u00f1ados por la tradicional banda de viento, as\u00ed como dos grupos de Inditas y uno m\u00e1s de danzantes. Los&hellip; <a class=\"more-link\" href=\"https:\/\/www.zunoticia.com\/noticias-de-hidalgo\/2024\/08\/19\/fieles-catolicos-llevan-en-procesion-a-totata-jesus-para-acuapa-ii\/\">Seguir leyendo <span class=\"screen-reader-text\">Fieles cat\u00f3licos llevan en procesi\u00f3n a &#8216;Totata Jes\u00fas&#8217; para Acuapa II<\/span><\/a><\/p>\n","protected":false},"author":20,"featured_media":556639,"comment_status":"open","ping_status":"open","sticky":false,"template":"","format":"standard","meta":{"rop_custom_images_group":[],"rop_custom_messages_group":[],"rop_publish_now":"yes","rop_publish_now_accounts":{"facebook_10159540855086992_322828327761733":""},"rop_publish_now_history":[],"rop_publish_now_status":"pending","footnotes":""},"categories":[181],"tags":[121],"class_list":["post-556638","post","type-post","status-publish","format-standard","has-post-thumbnail","hentry","category-huejutla","tag-huejutla","entry"],"_links":{"self":[{"href":"https:\/\/www.zunoticia.com\/noticias-de-hidalgo\/wp-json\/wp\/v2\/posts\/556638","targetHints":{"allow":["GET"]}}],"collection":[{"href":"https:\/\/www.zunoticia.com\/noticias-de-hidalgo\/wp-json\/wp\/v2\/posts"}],"about":[{"href":"https:\/\/www.zunoticia.com\/noticias-de-hidalgo\/wp-json\/wp\/v2\/types\/post"}],"author":[{"embeddable":true,"href":"https:\/\/www.zunoticia.com\/noticias-de-hidalgo\/wp-json\/wp\/v2\/users\/20"}],"replies":[{"embeddable":true,"href":"https:\/\/www.zunoticia.com\/noticias-de-hidalgo\/wp-json\/wp\/v2\/comments?post=556638"}],"version-history":[{"count":1,"href":"https:\/\/www.zunoticia.com\/noticias-de-hidalgo\/wp-json\/wp\/v2\/posts\/556638\/revisions"}],"predecessor-version":[{"id":556642,"href":"https:\/\/www.zunoticia.com\/noticias-de-hidalgo\/wp-json\/wp\/v2\/posts\/556638\/revisions\/556642"}],"wp:featuredmedia":[{"embeddable":true,"href":"https:\/\/www.zunoticia.com\/noticias-de-hidalgo\/wp-json\/wp\/v2\/media\/556639"}],"wp:attachment":[{"href":"https:\/\/www.zunoticia.com\/noticias-de-hidalgo\/wp-json\/wp\/v2\/media?parent=556638"}],"wp:term":[{"taxonomy":"category","embeddable":true,"href":"https:\/\/www.zunoticia.com\/noticias-de-hidalgo\/wp-json\/wp\/v2\/categories?post=556638"},{"taxonomy":"post_tag","embeddable":true,"href":"https:\/\/www.zunoticia.com\/noticias-de-hidalgo\/wp-json\/wp\/v2\/tags?post=556638"}],"curies":[{"name":"wp","href":"https:\/\/api.w.org\/{rel}","templated":true}]}}