{"id":556662,"date":"2024-08-19T15:04:24","date_gmt":"2024-08-19T21:04:24","guid":{"rendered":"https:\/\/www.zunoticia.com\/noticias-de-hidalgo\/?p=556662"},"modified":"2024-08-19T15:04:27","modified_gmt":"2024-08-19T21:04:27","slug":"programa-ine-recorrido-de-modulos-moviles-de-atencion-ciudadana","status":"publish","type":"post","link":"https:\/\/www.zunoticia.com\/noticias-de-hidalgo\/2024\/08\/19\/programa-ine-recorrido-de-modulos-moviles-de-atencion-ciudadana\/","title":{"rendered":"Programa INE recorrido de M\u00f3dulos M\u00f3viles de Atenci\u00f3n Ciudadana"},"content":{"rendered":"<aside class=\"mashsb-container mashsb-main mashsb-stretched\"><div class=\"mashsb-box\"><div class=\"mashsb-count mash-large\" style=\"float:left\"><div class=\"counts mashsbcount\">2<\/div><span class=\"mashsb-sharetext\">SHARES<\/span><\/div><div class=\"mashsb-buttons\"><a class=\"mashicon-facebook mash-large mash-center mashsb-noshadow\" href=\"https:\/\/www.facebook.com\/sharer.php?u=https%3A%2F%2Fwww.zunoticia.com%2Fnoticias-de-hidalgo%2F2024%2F08%2F19%2Fprograma-ine-recorrido-de-modulos-moviles-de-atencion-ciudadana%2F\" target=\"_top\" rel=\"nofollow\"><span class=\"icon\"><\/span><span class=\"text\">Share<\/span><\/a><a class=\"mashicon-twitter mash-large mash-center mashsb-noshadow\" href=\"https:\/\/twitter.com\/intent\/tweet?text=&amp;url=https:\/\/www.zunoticia.com\/noticias-de-hidalgo\/2024\/08\/19\/programa-ine-recorrido-de-modulos-moviles-de-atencion-ciudadana\/\" target=\"_top\" rel=\"nofollow\"><span class=\"icon\"><\/span><span class=\"text\">Tweet<\/span><\/a><div class=\"onoffswitch2 mash-large mashsb-noshadow\" style=\"display:none\"><\/div><\/div>\n            <\/div>\n                <div style=\"clear:both\"><\/div><div class=\"mashsb-toggle-container\"><\/div><\/aside>\n            <!-- Share buttons by mashshare.net - Version: 4.0.47-->\n<p><em>Por Enedino Hern\u00e1ndez\/Zunoticia<\/em><\/p>\n\n\n\n<p><strong>Huejutla, Hgo<\/strong>.- El vocal del Registro Federal de Electores del INE, Vicente Rodr\u00edguez, confirm\u00f3 el recorrido programado para esta semana de los M\u00f3dulos M\u00f3viles de Atenci\u00f3n Ciudadana.<\/p>\n\n\n\n<p>Explic\u00f3 que, el M\u00f3dulo M\u00f3vil de Atenci\u00f3n Ciudadana del INE 130152 est\u00e1 los lunes 19 y martes 20 de agosto en Huautla, el mi\u00e9rcoles 21 y jueves 22 en Calnali y el viernes 23 de agosto en Zacualtip\u00e1n.<\/p>\n\n\n\n<p>El M\u00f3dulo M\u00f3vil de Atenci\u00f3n Ciudadana 130253 el lunes 19 de agosto est\u00e1 en Zacualtipanito, el martes 20 en Xilitla, el mi\u00e9rcoles 21 en San Juan Ahuehueco, el jueves 22 en La Reforma y el viernes 23 de agosto en el Naranjal, todos del municipio de Tepehuac\u00e1n de Guerrero.<\/p>\n\n\n\n<p>A\u00f1adi\u00f3 que, son tres los documentos en original los que deben de presentar los ciudadanos para poder hacer alg\u00fan tr\u00e1mite de la credencial de elector con fotograf\u00eda que son: acta de nacimiento, comprobante de domicilio y una identificaci\u00f3n oficial con fotograf\u00eda.<\/p>\n\n\n\n<p>Concluy\u00f3 citando que, los M\u00f3dulos M\u00f3viles de Atenci\u00f3n Ciudadana brindan el servicio de lunes a viernes, de 09:00 a las 16:00 horas, cuatro de la tarde, y el M\u00f3dulo Fijo Distrital en Huejutla atiende de lunes a s\u00e1bado, de 08:00 a las 15:00 horas, tres de la tarde.<\/p>\n\n\n\n<p><\/p>\n","protected":false},"excerpt":{"rendered":"<p>Por Enedino Hern\u00e1ndez\/Zunoticia Huejutla, Hgo.- El vocal del Registro Federal de Electores del INE, Vicente Rodr\u00edguez, confirm\u00f3 el recorrido programado para esta semana de los M\u00f3dulos M\u00f3viles de Atenci\u00f3n Ciudadana. Explic\u00f3 que, el M\u00f3dulo M\u00f3vil de Atenci\u00f3n Ciudadana del INE 130152 est\u00e1 los lunes 19 y martes 20 de agosto en Huautla, el mi\u00e9rcoles 21&hellip; <a class=\"more-link\" href=\"https:\/\/www.zunoticia.com\/noticias-de-hidalgo\/2024\/08\/19\/programa-ine-recorrido-de-modulos-moviles-de-atencion-ciudadana\/\">Seguir leyendo <span class=\"screen-reader-text\">Programa INE recorrido de M\u00f3dulos M\u00f3viles de Atenci\u00f3n Ciudadana<\/span><\/a><\/p>\n","protected":false},"author":20,"featured_media":556663,"comment_status":"open","ping_status":"open","sticky":false,"template":"","format":"standard","meta":{"rop_custom_images_group":[],"rop_custom_messages_group":[],"rop_publish_now":"yes","rop_publish_now_accounts":{"facebook_10159540855086992_322828327761733":""},"rop_publish_now_history":[],"rop_publish_now_status":"pending","footnotes":""},"categories":[181],"tags":[121],"class_list":["post-556662","post","type-post","status-publish","format-standard","has-post-thumbnail","hentry","category-huejutla","tag-huejutla","entry"],"_links":{"self":[{"href":"https:\/\/www.zunoticia.com\/noticias-de-hidalgo\/wp-json\/wp\/v2\/posts\/556662","targetHints":{"allow":["GET"]}}],"collection":[{"href":"https:\/\/www.zunoticia.com\/noticias-de-hidalgo\/wp-json\/wp\/v2\/posts"}],"about":[{"href":"https:\/\/www.zunoticia.com\/noticias-de-hidalgo\/wp-json\/wp\/v2\/types\/post"}],"author":[{"embeddable":true,"href":"https:\/\/www.zunoticia.com\/noticias-de-hidalgo\/wp-json\/wp\/v2\/users\/20"}],"replies":[{"embeddable":true,"href":"https:\/\/www.zunoticia.com\/noticias-de-hidalgo\/wp-json\/wp\/v2\/comments?post=556662"}],"version-history":[{"count":1,"href":"https:\/\/www.zunoticia.com\/noticias-de-hidalgo\/wp-json\/wp\/v2\/posts\/556662\/revisions"}],"predecessor-version":[{"id":556664,"href":"https:\/\/www.zunoticia.com\/noticias-de-hidalgo\/wp-json\/wp\/v2\/posts\/556662\/revisions\/556664"}],"wp:featuredmedia":[{"embeddable":true,"href":"https:\/\/www.zunoticia.com\/noticias-de-hidalgo\/wp-json\/wp\/v2\/media\/556663"}],"wp:attachment":[{"href":"https:\/\/www.zunoticia.com\/noticias-de-hidalgo\/wp-json\/wp\/v2\/media?parent=556662"}],"wp:term":[{"taxonomy":"category","embeddable":true,"href":"https:\/\/www.zunoticia.com\/noticias-de-hidalgo\/wp-json\/wp\/v2\/categories?post=556662"},{"taxonomy":"post_tag","embeddable":true,"href":"https:\/\/www.zunoticia.com\/noticias-de-hidalgo\/wp-json\/wp\/v2\/tags?post=556662"}],"curies":[{"name":"wp","href":"https:\/\/api.w.org\/{rel}","templated":true}]}}