{"id":556701,"date":"2024-08-19T17:21:38","date_gmt":"2024-08-19T23:21:38","guid":{"rendered":"https:\/\/www.zunoticia.com\/noticias-de-hidalgo\/?p=556701"},"modified":"2024-08-19T17:21:42","modified_gmt":"2024-08-19T23:21:42","slug":"exito-total-en-el-concurso-de-bandas-de-viento-en-huejutla-2024","status":"publish","type":"post","link":"https:\/\/www.zunoticia.com\/noticias-de-hidalgo\/2024\/08\/19\/exito-total-en-el-concurso-de-bandas-de-viento-en-huejutla-2024\/","title":{"rendered":"\u00c9xito total en el Concurso de Bandas de Viento en Huejutla 2024"},"content":{"rendered":"<aside class=\"mashsb-container mashsb-main mashsb-stretched\"><div class=\"mashsb-box\"><div class=\"mashsb-count mash-large\" style=\"float:left\"><div class=\"counts mashsbcount\">33<\/div><span class=\"mashsb-sharetext\">SHARES<\/span><\/div><div class=\"mashsb-buttons\"><a class=\"mashicon-facebook mash-large mash-center mashsb-noshadow\" href=\"https:\/\/www.facebook.com\/sharer.php?u=https%3A%2F%2Fwww.zunoticia.com%2Fnoticias-de-hidalgo%2F2024%2F08%2F19%2Fexito-total-en-el-concurso-de-bandas-de-viento-en-huejutla-2024%2F\" target=\"_top\" rel=\"nofollow\"><span class=\"icon\"><\/span><span class=\"text\">Share<\/span><\/a><a class=\"mashicon-twitter mash-large mash-center mashsb-noshadow\" href=\"https:\/\/twitter.com\/intent\/tweet?text=&amp;url=https:\/\/www.zunoticia.com\/noticias-de-hidalgo\/2024\/08\/19\/exito-total-en-el-concurso-de-bandas-de-viento-en-huejutla-2024\/\" target=\"_top\" rel=\"nofollow\"><span class=\"icon\"><\/span><span class=\"text\">Tweet<\/span><\/a><div class=\"onoffswitch2 mash-large mashsb-noshadow\" style=\"display:none\"><\/div><\/div>\n            <\/div>\n                <div style=\"clear:both\"><\/div><div class=\"mashsb-toggle-container\"><\/div><\/aside>\n            <!-- Share buttons by mashshare.net - Version: 4.0.47-->\n<p><em>Por Redacci\u00f3n\/Zunoticia<\/em><\/p>\n\n\n\n<p><strong>Huejutla, Hgo.-<\/strong> El gobierno municipal de Huejutla, a trav\u00e9s del \u00e1rea de Turismo, llev\u00f3 a cabo con gran \u00e9xito el Concurso de Bandas de Viento, uno de los eventos m\u00e1s esperados de la Feria de Verano Huejutla 2024. Durante los d\u00edas viernes 16 y s\u00e1bado 17 de agosto, nueve talentosas agrupaciones se enfrentaron en una intensa eliminatoria que culmin\u00f3 con una emocionante gran final.<\/p>\n\n\n\n<p>Tras la competencia, el primer lugar fue otorgado a Dinast\u00eda Huasteca de Santa Catarina, quienes se llevaron un premio de 30 mil pesos. El segundo lugar fue para Los Primos de Tixcuayuca, Tamazunchale, San Luis Potos\u00ed, que recibieron 15 mil pesos. Finalmente, La Tradicional Banda Malague\u00f1ita de Chalahuiyapa obtuvo el tercer lugar con un premio de 5 mil pesos.<\/p>\n\n\n\n<p>El Ingeniero Jos\u00e9 Pilar L\u00f3pez Espinoza, presidente municipal de Huejutla, reconoci\u00f3 y agradeci\u00f3 la participaci\u00f3n de todas las agrupaciones, resaltando el compromiso de la administraci\u00f3n en la promoci\u00f3n y preservaci\u00f3n de las expresiones culturales que enorgullecen a nuestro pueblo. \u201cEste concurso es una ventana para nuestras ra\u00edces musicales, y conf\u00edo en que, con el apoyo de los gobiernos por venir, este evento se fortalecer\u00e1 y se convertir\u00e1 en una tradici\u00f3n que enorgullezca a\u00fan m\u00e1s a nuestra comunidad\u201d, afirm\u00f3.<\/p>\n\n\n\n<p>La Feria de Verano Huejutla 2024 se desarroll\u00f3 en un ambiente vibrante, donde la m\u00fasica, el baile, la gastronom\u00eda y las artesan\u00edas de la regi\u00f3n brillaron en la plaza 21 de Mayo, de la zona Centro de la ciudad, ofreciendo una experiencia \u00fanica para todos los asistentes.<\/p>\n\n\n\n<figure class=\"wp-block-gallery has-nested-images columns-default is-cropped wp-block-gallery-1 is-layout-flex wp-block-gallery-is-layout-flex\">\n<figure class=\"wp-block-image size-large\"><img fetchpriority=\"high\" decoding=\"async\" width=\"933\" height=\"524\" data-id=\"556704\" src=\"https:\/\/www.zunoticia.com\/noticias-de-hidalgo\/wp-content\/uploads\/2024\/08\/Zunoticia-Huejutla-2-72.png\" alt=\"\" class=\"wp-image-556704\"\/><\/figure>\n\n\n\n<figure class=\"wp-block-image size-large\"><img decoding=\"async\" width=\"933\" height=\"524\" data-id=\"556703\" src=\"https:\/\/www.zunoticia.com\/noticias-de-hidalgo\/wp-content\/uploads\/2024\/08\/Zunoticia-Huejutla-1-200.png\" alt=\"\" class=\"wp-image-556703\"\/><\/figure>\n<\/figure>\n","protected":false},"excerpt":{"rendered":"<p>Por Redacci\u00f3n\/Zunoticia Huejutla, Hgo.- El gobierno municipal de Huejutla, a trav\u00e9s del \u00e1rea de Turismo, llev\u00f3 a cabo con gran \u00e9xito el Concurso de Bandas de Viento, uno de los eventos m\u00e1s esperados de la Feria de Verano Huejutla 2024. Durante los d\u00edas viernes 16 y s\u00e1bado 17 de agosto, nueve talentosas agrupaciones se enfrentaron&hellip; <a class=\"more-link\" href=\"https:\/\/www.zunoticia.com\/noticias-de-hidalgo\/2024\/08\/19\/exito-total-en-el-concurso-de-bandas-de-viento-en-huejutla-2024\/\">Seguir leyendo <span class=\"screen-reader-text\">\u00c9xito total en el Concurso de Bandas de Viento en Huejutla 2024<\/span><\/a><\/p>\n","protected":false},"author":20,"featured_media":556702,"comment_status":"open","ping_status":"open","sticky":false,"template":"","format":"standard","meta":{"rop_custom_images_group":[],"rop_custom_messages_group":[],"rop_publish_now":"yes","rop_publish_now_accounts":{"facebook_10159540855086992_322828327761733":""},"rop_publish_now_history":[],"rop_publish_now_status":"pending","footnotes":""},"categories":[181],"tags":[121],"class_list":["post-556701","post","type-post","status-publish","format-standard","has-post-thumbnail","hentry","category-huejutla","tag-huejutla","entry"],"_links":{"self":[{"href":"https:\/\/www.zunoticia.com\/noticias-de-hidalgo\/wp-json\/wp\/v2\/posts\/556701","targetHints":{"allow":["GET"]}}],"collection":[{"href":"https:\/\/www.zunoticia.com\/noticias-de-hidalgo\/wp-json\/wp\/v2\/posts"}],"about":[{"href":"https:\/\/www.zunoticia.com\/noticias-de-hidalgo\/wp-json\/wp\/v2\/types\/post"}],"author":[{"embeddable":true,"href":"https:\/\/www.zunoticia.com\/noticias-de-hidalgo\/wp-json\/wp\/v2\/users\/20"}],"replies":[{"embeddable":true,"href":"https:\/\/www.zunoticia.com\/noticias-de-hidalgo\/wp-json\/wp\/v2\/comments?post=556701"}],"version-history":[{"count":1,"href":"https:\/\/www.zunoticia.com\/noticias-de-hidalgo\/wp-json\/wp\/v2\/posts\/556701\/revisions"}],"predecessor-version":[{"id":556705,"href":"https:\/\/www.zunoticia.com\/noticias-de-hidalgo\/wp-json\/wp\/v2\/posts\/556701\/revisions\/556705"}],"wp:featuredmedia":[{"embeddable":true,"href":"https:\/\/www.zunoticia.com\/noticias-de-hidalgo\/wp-json\/wp\/v2\/media\/556702"}],"wp:attachment":[{"href":"https:\/\/www.zunoticia.com\/noticias-de-hidalgo\/wp-json\/wp\/v2\/media?parent=556701"}],"wp:term":[{"taxonomy":"category","embeddable":true,"href":"https:\/\/www.zunoticia.com\/noticias-de-hidalgo\/wp-json\/wp\/v2\/categories?post=556701"},{"taxonomy":"post_tag","embeddable":true,"href":"https:\/\/www.zunoticia.com\/noticias-de-hidalgo\/wp-json\/wp\/v2\/tags?post=556701"}],"curies":[{"name":"wp","href":"https:\/\/api.w.org\/{rel}","templated":true}]}}