{"id":556860,"date":"2024-08-20T18:22:24","date_gmt":"2024-08-21T00:22:24","guid":{"rendered":"https:\/\/www.zunoticia.com\/noticias-de-hidalgo\/?p=556860"},"modified":"2024-08-20T18:22:28","modified_gmt":"2024-08-21T00:22:28","slug":"programan-asamblea-diocesana-de-pastoral-en-huejutla-2","status":"publish","type":"post","link":"https:\/\/www.zunoticia.com\/noticias-de-hidalgo\/2024\/08\/20\/programan-asamblea-diocesana-de-pastoral-en-huejutla-2\/","title":{"rendered":"Programan Asamblea Diocesana de Pastoral en Huejutla"},"content":{"rendered":"<aside class=\"mashsb-container mashsb-main mashsb-stretched\"><div class=\"mashsb-box\"><div class=\"mashsb-count mash-large\" style=\"float:left\"><div class=\"counts mashsbcount\">2<\/div><span class=\"mashsb-sharetext\">SHARES<\/span><\/div><div class=\"mashsb-buttons\"><a class=\"mashicon-facebook mash-large mash-center mashsb-noshadow\" href=\"https:\/\/www.facebook.com\/sharer.php?u=https%3A%2F%2Fwww.zunoticia.com%2Fnoticias-de-hidalgo%2F2024%2F08%2F20%2Fprograman-asamblea-diocesana-de-pastoral-en-huejutla-2%2F\" target=\"_top\" rel=\"nofollow\"><span class=\"icon\"><\/span><span class=\"text\">Share<\/span><\/a><a class=\"mashicon-twitter mash-large mash-center mashsb-noshadow\" href=\"https:\/\/twitter.com\/intent\/tweet?text=&amp;url=https:\/\/www.zunoticia.com\/noticias-de-hidalgo\/2024\/08\/20\/programan-asamblea-diocesana-de-pastoral-en-huejutla-2\/\" target=\"_top\" rel=\"nofollow\"><span class=\"icon\"><\/span><span class=\"text\">Tweet<\/span><\/a><div class=\"onoffswitch2 mash-large mashsb-noshadow\" style=\"display:none\"><\/div><\/div>\n            <\/div>\n                <div style=\"clear:both\"><\/div><div class=\"mashsb-toggle-container\"><\/div><\/aside>\n            <!-- Share buttons by mashshare.net - Version: 4.0.47-->\n<p><em>Por Enedino Hern\u00e1ndez\/Zunoticia<\/em><\/p>\n\n\n\n<p><strong>Huejutla, Hgo.-<\/strong> Con toda anticipaci\u00f3n se lleva a cabo la programaci\u00f3n de las diversas actividades religiosas, previstas con motivo de la Asamblea Diocesana de Pastoral que se llevar\u00e1 a cabo del 17 al 20 de septiembre, en esta ciudad de Huejutla de Reyes.<\/p>\n\n\n\n<p>El Obispo de la Di\u00f3cesis de Huejutla, Jos\u00e9 Hir\u00e1is Acosta Beltr\u00e1n, expone que, la Asamblea Diocesana de Pastoral se lleva a cabo a\u00f1o con a\u00f1o en la cual participan Sacerdotes, Religiosas y Laicos comprometidos.<\/p>\n\n\n\n<p>Detalla que, con la asamblea se busca continuar con el trabajo Diocesano en relaci\u00f3n a las diferentes actividades y prioridades de la pastoral, comisiones y dimensiones, la pastoral lit\u00fargica, prof\u00e9tica y social; el de fortalecer las prioridades de inculturaci\u00f3n del evangelio, en la familia, en los j\u00f3venes, la catequesis, en los pueblos originarios o inculturaci\u00f3n del evangelio, as\u00ed como en la formaci\u00f3n permanente de los disc\u00edpulos misioneros de la Di\u00f3cesis y de los agentes de pastoral.<\/p>\n\n\n\n<p>Jos\u00e9 Hir\u00e1is Acosta Beltr\u00e1n, afirma que, las actividades de la Asamblea Diocesana de Pastoral iniciar\u00e1n con una evaluaci\u00f3n de lo que ha sido el trabajo de un a\u00f1o, asimismo reprogramar las actividades para el a\u00f1o siguiente y al mismo tiempo se recibir\u00e1 una iluminaci\u00f3n pastoral a fin de continuar avanzando en las tareas de la pastoral.<\/p>\n\n\n\n<p><\/p>\n\n\n\n<p><\/p>\n","protected":false},"excerpt":{"rendered":"<p>Por Enedino Hern\u00e1ndez\/Zunoticia Huejutla, Hgo.- Con toda anticipaci\u00f3n se lleva a cabo la programaci\u00f3n de las diversas actividades religiosas, previstas con motivo de la Asamblea Diocesana de Pastoral que se llevar\u00e1 a cabo del 17 al 20 de septiembre, en esta ciudad de Huejutla de Reyes. El Obispo de la Di\u00f3cesis de Huejutla, Jos\u00e9 Hir\u00e1is&hellip; <a class=\"more-link\" href=\"https:\/\/www.zunoticia.com\/noticias-de-hidalgo\/2024\/08\/20\/programan-asamblea-diocesana-de-pastoral-en-huejutla-2\/\">Seguir leyendo <span class=\"screen-reader-text\">Programan Asamblea Diocesana de Pastoral en Huejutla<\/span><\/a><\/p>\n","protected":false},"author":20,"featured_media":556861,"comment_status":"open","ping_status":"open","sticky":false,"template":"","format":"standard","meta":{"rop_custom_images_group":[],"rop_custom_messages_group":[],"rop_publish_now":"yes","rop_publish_now_accounts":{"facebook_10159540855086992_322828327761733":""},"rop_publish_now_history":[],"rop_publish_now_status":"pending","footnotes":""},"categories":[181],"tags":[121],"class_list":["post-556860","post","type-post","status-publish","format-standard","has-post-thumbnail","hentry","category-huejutla","tag-huejutla","entry"],"_links":{"self":[{"href":"https:\/\/www.zunoticia.com\/noticias-de-hidalgo\/wp-json\/wp\/v2\/posts\/556860","targetHints":{"allow":["GET"]}}],"collection":[{"href":"https:\/\/www.zunoticia.com\/noticias-de-hidalgo\/wp-json\/wp\/v2\/posts"}],"about":[{"href":"https:\/\/www.zunoticia.com\/noticias-de-hidalgo\/wp-json\/wp\/v2\/types\/post"}],"author":[{"embeddable":true,"href":"https:\/\/www.zunoticia.com\/noticias-de-hidalgo\/wp-json\/wp\/v2\/users\/20"}],"replies":[{"embeddable":true,"href":"https:\/\/www.zunoticia.com\/noticias-de-hidalgo\/wp-json\/wp\/v2\/comments?post=556860"}],"version-history":[{"count":1,"href":"https:\/\/www.zunoticia.com\/noticias-de-hidalgo\/wp-json\/wp\/v2\/posts\/556860\/revisions"}],"predecessor-version":[{"id":556862,"href":"https:\/\/www.zunoticia.com\/noticias-de-hidalgo\/wp-json\/wp\/v2\/posts\/556860\/revisions\/556862"}],"wp:featuredmedia":[{"embeddable":true,"href":"https:\/\/www.zunoticia.com\/noticias-de-hidalgo\/wp-json\/wp\/v2\/media\/556861"}],"wp:attachment":[{"href":"https:\/\/www.zunoticia.com\/noticias-de-hidalgo\/wp-json\/wp\/v2\/media?parent=556860"}],"wp:term":[{"taxonomy":"category","embeddable":true,"href":"https:\/\/www.zunoticia.com\/noticias-de-hidalgo\/wp-json\/wp\/v2\/categories?post=556860"},{"taxonomy":"post_tag","embeddable":true,"href":"https:\/\/www.zunoticia.com\/noticias-de-hidalgo\/wp-json\/wp\/v2\/tags?post=556860"}],"curies":[{"name":"wp","href":"https:\/\/api.w.org\/{rel}","templated":true}]}}