{"id":558128,"date":"2024-08-28T09:37:15","date_gmt":"2024-08-28T15:37:15","guid":{"rendered":"https:\/\/www.zunoticia.com\/noticias-de-hidalgo\/?p=558128"},"modified":"2024-08-28T09:37:17","modified_gmt":"2024-08-28T15:37:17","slug":"celebrara-la-iglesia-catolica-septiembre-el-mes-de-la-biblia","status":"publish","type":"post","link":"https:\/\/www.zunoticia.com\/noticias-de-hidalgo\/2024\/08\/28\/celebrara-la-iglesia-catolica-septiembre-el-mes-de-la-biblia\/","title":{"rendered":"Celebrar\u00e1 la Iglesia Cat\u00f3lica Septiembre el Mes de la Biblia"},"content":{"rendered":"<aside class=\"mashsb-container mashsb-main mashsb-stretched\"><div class=\"mashsb-box\"><div class=\"mashsb-count mash-large\" style=\"float:left\"><div class=\"counts mashsbcount\">22<\/div><span class=\"mashsb-sharetext\">SHARES<\/span><\/div><div class=\"mashsb-buttons\"><a class=\"mashicon-facebook mash-large mash-center mashsb-noshadow\" href=\"https:\/\/www.facebook.com\/sharer.php?u=https%3A%2F%2Fwww.zunoticia.com%2Fnoticias-de-hidalgo%2F2024%2F08%2F28%2Fcelebrara-la-iglesia-catolica-septiembre-el-mes-de-la-biblia%2F\" target=\"_top\" rel=\"nofollow\"><span class=\"icon\"><\/span><span class=\"text\">Share<\/span><\/a><a class=\"mashicon-twitter mash-large mash-center mashsb-noshadow\" href=\"https:\/\/twitter.com\/intent\/tweet?text=&amp;url=https:\/\/www.zunoticia.com\/noticias-de-hidalgo\/2024\/08\/28\/celebrara-la-iglesia-catolica-septiembre-el-mes-de-la-biblia\/\" target=\"_top\" rel=\"nofollow\"><span class=\"icon\"><\/span><span class=\"text\">Tweet<\/span><\/a><div class=\"onoffswitch2 mash-large mashsb-noshadow\" style=\"display:none\"><\/div><\/div>\n            <\/div>\n                <div style=\"clear:both\"><\/div><div class=\"mashsb-toggle-container\"><\/div><\/aside>\n            <!-- Share buttons by mashshare.net - Version: 4.0.47-->\n<p><em>Por Enedino Hern\u00e1ndez\/Zunoticia<\/em><\/p>\n\n\n\n<p><strong>Huejutla, Hidalgo.-<\/strong> Con toda anticipaci\u00f3n se llevan a cabo los preparativos correspondientes de parte de la Iglesia Cat\u00f3lica para celebrar en septiembre el Mes de la Biblia, as\u00ed lo se\u00f1ala el Vocero de la di\u00f3cesis de Huejutla, Jes\u00fas Morfin Cartagena.<\/p>\n\n\n\n<p>Expone que el mes de septiembre es dedicado a la Biblia, es el libro que conocemos y en donde est\u00e1 escrita la palabra de Dios, libro en donde millones de personas nos basamos en la Biblia para nuestra vida diaria.<\/p>\n\n\n\n<p>Dijo que en cada una de las Parroquias de la Di\u00f3cesis de Huejutla de Reyes de una manera previamente organizada se habr\u00e1n de llevar a cabo diversas actividades durante todo el mes de septiembre con el cual se habr\u00e1 de celebrar el llamado mes de la Biblia.<\/p>\n\n\n\n<p>Indica que lo m\u00e1s importante que se pudiera hacer en las Parroquias, en las capillas y en las colonias y comunidades, es que las personas se juntaran y que cada quien leyera por lo menos un pedazo de la Biblia con lo cual ser\u00eda todo de gran conocimiento y de entendimiento de este libro sagrado.<\/p>\n\n\n\n<p>Jes\u00fas Morfin Cartagena, concluye que es importante que toda la poblaci\u00f3n cat\u00f3lica se programe y participen en las diversas actividades que se han programado por las Parroquias y que se realizar\u00e1n con motivo del mes de la Biblia.<\/p>\n","protected":false},"excerpt":{"rendered":"<p>Por Enedino Hern\u00e1ndez\/Zunoticia Huejutla, Hidalgo.- Con toda anticipaci\u00f3n se llevan a cabo los preparativos correspondientes de parte de la Iglesia Cat\u00f3lica para celebrar en septiembre el Mes de la Biblia, as\u00ed lo se\u00f1ala el Vocero de la di\u00f3cesis de Huejutla, Jes\u00fas Morfin Cartagena. Expone que el mes de septiembre es dedicado a la Biblia, es&hellip; <a class=\"more-link\" href=\"https:\/\/www.zunoticia.com\/noticias-de-hidalgo\/2024\/08\/28\/celebrara-la-iglesia-catolica-septiembre-el-mes-de-la-biblia\/\">Seguir leyendo <span class=\"screen-reader-text\">Celebrar\u00e1 la Iglesia Cat\u00f3lica Septiembre el Mes de la Biblia<\/span><\/a><\/p>\n","protected":false},"author":23,"featured_media":558129,"comment_status":"open","ping_status":"open","sticky":false,"template":"","format":"standard","meta":{"rop_custom_images_group":[],"rop_custom_messages_group":[],"rop_publish_now":"yes","rop_publish_now_accounts":{"facebook_10159540855086992_322828327761733":"#HuejutladeReyes #HuastecaHidalguense | El Vocero de la di\u00f3cesis de Huejutla, expone que el mes de septiembre es dedicado a la Biblia, es el libro que conocemos y en donde est\u00e1 escrita la palabra de Dios. Ent\u00e9rate"},"rop_publish_now_history":[],"rop_publish_now_status":"pending","footnotes":""},"categories":[181],"tags":[121],"class_list":["post-558128","post","type-post","status-publish","format-standard","has-post-thumbnail","hentry","category-huejutla","tag-huejutla","entry"],"_links":{"self":[{"href":"https:\/\/www.zunoticia.com\/noticias-de-hidalgo\/wp-json\/wp\/v2\/posts\/558128","targetHints":{"allow":["GET"]}}],"collection":[{"href":"https:\/\/www.zunoticia.com\/noticias-de-hidalgo\/wp-json\/wp\/v2\/posts"}],"about":[{"href":"https:\/\/www.zunoticia.com\/noticias-de-hidalgo\/wp-json\/wp\/v2\/types\/post"}],"author":[{"embeddable":true,"href":"https:\/\/www.zunoticia.com\/noticias-de-hidalgo\/wp-json\/wp\/v2\/users\/23"}],"replies":[{"embeddable":true,"href":"https:\/\/www.zunoticia.com\/noticias-de-hidalgo\/wp-json\/wp\/v2\/comments?post=558128"}],"version-history":[{"count":1,"href":"https:\/\/www.zunoticia.com\/noticias-de-hidalgo\/wp-json\/wp\/v2\/posts\/558128\/revisions"}],"predecessor-version":[{"id":558130,"href":"https:\/\/www.zunoticia.com\/noticias-de-hidalgo\/wp-json\/wp\/v2\/posts\/558128\/revisions\/558130"}],"wp:featuredmedia":[{"embeddable":true,"href":"https:\/\/www.zunoticia.com\/noticias-de-hidalgo\/wp-json\/wp\/v2\/media\/558129"}],"wp:attachment":[{"href":"https:\/\/www.zunoticia.com\/noticias-de-hidalgo\/wp-json\/wp\/v2\/media?parent=558128"}],"wp:term":[{"taxonomy":"category","embeddable":true,"href":"https:\/\/www.zunoticia.com\/noticias-de-hidalgo\/wp-json\/wp\/v2\/categories?post=558128"},{"taxonomy":"post_tag","embeddable":true,"href":"https:\/\/www.zunoticia.com\/noticias-de-hidalgo\/wp-json\/wp\/v2\/tags?post=558128"}],"curies":[{"name":"wp","href":"https:\/\/api.w.org\/{rel}","templated":true}]}}