{"id":558136,"date":"2024-08-28T11:40:27","date_gmt":"2024-08-28T17:40:27","guid":{"rendered":"https:\/\/www.zunoticia.com\/noticias-de-hidalgo\/?p=558136"},"modified":"2024-08-28T12:08:09","modified_gmt":"2024-08-28T18:08:09","slug":"senon-navarro-pone-a-la-vanguardia-seguridad-al-inaugurar-el-c2","status":"publish","type":"post","link":"https:\/\/www.zunoticia.com\/noticias-de-hidalgo\/2024\/08\/28\/senon-navarro-pone-a-la-vanguardia-seguridad-al-inaugurar-el-c2\/","title":{"rendered":"Sen\u00f3n Navarro pone a la vanguardia seguridad al inaugurar el C2"},"content":{"rendered":"<aside class=\"mashsb-container mashsb-main mashsb-stretched\"><div class=\"mashsb-box\"><div class=\"mashsb-count mash-large\" style=\"float:left\"><div class=\"counts mashsbcount\">51<\/div><span class=\"mashsb-sharetext\">SHARES<\/span><\/div><div class=\"mashsb-buttons\"><a class=\"mashicon-facebook mash-large mash-center mashsb-noshadow\" href=\"https:\/\/www.facebook.com\/sharer.php?u=https%3A%2F%2Fwww.zunoticia.com%2Fnoticias-de-hidalgo%2F2024%2F08%2F28%2Fsenon-navarro-pone-a-la-vanguardia-seguridad-al-inaugurar-el-c2%2F\" target=\"_top\" rel=\"nofollow\"><span class=\"icon\"><\/span><span class=\"text\">Share<\/span><\/a><a class=\"mashicon-twitter mash-large mash-center mashsb-noshadow\" href=\"https:\/\/twitter.com\/intent\/tweet?text=&amp;url=https:\/\/www.zunoticia.com\/noticias-de-hidalgo\/2024\/08\/28\/senon-navarro-pone-a-la-vanguardia-seguridad-al-inaugurar-el-c2\/\" target=\"_top\" rel=\"nofollow\"><span class=\"icon\"><\/span><span class=\"text\">Tweet<\/span><\/a><div class=\"onoffswitch2 mash-large mashsb-noshadow\" style=\"display:none\"><\/div><\/div>\n            <\/div>\n                <div style=\"clear:both\"><\/div><div class=\"mashsb-toggle-container\"><\/div><\/aside>\n            <!-- Share buttons by mashshare.net - Version: 4.0.47-->\n<p><em>Por Roberto Meza Ram\u00edrez\/Zunoticia<\/em><\/p>\n\n\n\n<p><strong>Yahualica, Hgo.-<\/strong> En la recta final de este gobierno municipal que preside el Licenciado Sen\u00f3n Navarro Morales, pone a la vanguardia la seguridad de los yahualiquenses, inaugurando el Centro de Comando y Control de seguridad p\u00fablica municipal (C2) con esto habr\u00e1 vigilancia las 24 horas del d\u00eda en la cabecera municipal y zonas aleda\u00f1as.<\/p>\n\n\n\n<p>En el corte del list\u00f3n inaugural acompa\u00f1aron el director de seguridad p\u00fablica municipal Francisco Leandro P\u00e9rez Zamora, integrantes de la asamblea municipal y dem\u00e1s funcionarios municipales.<\/p>\n\n\n\n<p>Fue el director de seguridad p\u00fablica municipal, quien dio detalles del C2 en Yahualica, expresando que con esto el municipio tendr\u00e1 m\u00e1s seguridad a trav\u00e9s de los monitoreos de c\u00e1maras de vigilancia colocadas en puntos estrat\u00e9gicos de la cabecera y zona aleda\u00f1as.<\/p>\n\n\n\n<p>El presidente municipal, inform\u00f3 que este logro es gracias al esfuerzo de las gestiones que se llevaron a cabo y hoy se cristaliz\u00f3 este proyecto de seguridad para todos los yahualiquenses y con esto se suma a las estrategias de seguridad en beneficio de todos.<\/p>\n\n\n\n<figure class=\"wp-block-image size-full\"><img fetchpriority=\"high\" decoding=\"async\" width=\"1080\" height=\"727\" src=\"https:\/\/www.zunoticia.com\/noticias-de-hidalgo\/wp-content\/uploads\/2024\/08\/C2-Yahualica2.jpeg\" alt=\"\" class=\"wp-image-558137\"\/><\/figure>\n","protected":false},"excerpt":{"rendered":"<p>Por Roberto Meza Ram\u00edrez\/Zunoticia Yahualica, Hgo.- En la recta final de este gobierno municipal que preside el Licenciado Sen\u00f3n Navarro Morales, pone a la vanguardia la seguridad de los yahualiquenses, inaugurando el Centro de Comando y Control de seguridad p\u00fablica municipal (C2) con esto habr\u00e1 vigilancia las 24 horas del d\u00eda en la cabecera municipal&hellip; <a class=\"more-link\" href=\"https:\/\/www.zunoticia.com\/noticias-de-hidalgo\/2024\/08\/28\/senon-navarro-pone-a-la-vanguardia-seguridad-al-inaugurar-el-c2\/\">Seguir leyendo <span class=\"screen-reader-text\">Sen\u00f3n Navarro pone a la vanguardia seguridad al inaugurar el C2<\/span><\/a><\/p>\n","protected":false},"author":23,"featured_media":558138,"comment_status":"open","ping_status":"open","sticky":false,"template":"","format":"standard","meta":{"rop_custom_images_group":[],"rop_custom_messages_group":[],"rop_publish_now":"initial","rop_publish_now_accounts":{"facebook_10159540855086992_322828327761733":""},"rop_publish_now_history":[],"rop_publish_now_status":"pending","footnotes":""},"categories":[203],"tags":[123],"class_list":["post-558136","post","type-post","status-publish","format-standard","has-post-thumbnail","hentry","category-yahualica","tag-yahualica","entry"],"_links":{"self":[{"href":"https:\/\/www.zunoticia.com\/noticias-de-hidalgo\/wp-json\/wp\/v2\/posts\/558136","targetHints":{"allow":["GET"]}}],"collection":[{"href":"https:\/\/www.zunoticia.com\/noticias-de-hidalgo\/wp-json\/wp\/v2\/posts"}],"about":[{"href":"https:\/\/www.zunoticia.com\/noticias-de-hidalgo\/wp-json\/wp\/v2\/types\/post"}],"author":[{"embeddable":true,"href":"https:\/\/www.zunoticia.com\/noticias-de-hidalgo\/wp-json\/wp\/v2\/users\/23"}],"replies":[{"embeddable":true,"href":"https:\/\/www.zunoticia.com\/noticias-de-hidalgo\/wp-json\/wp\/v2\/comments?post=558136"}],"version-history":[{"count":2,"href":"https:\/\/www.zunoticia.com\/noticias-de-hidalgo\/wp-json\/wp\/v2\/posts\/558136\/revisions"}],"predecessor-version":[{"id":558141,"href":"https:\/\/www.zunoticia.com\/noticias-de-hidalgo\/wp-json\/wp\/v2\/posts\/558136\/revisions\/558141"}],"wp:featuredmedia":[{"embeddable":true,"href":"https:\/\/www.zunoticia.com\/noticias-de-hidalgo\/wp-json\/wp\/v2\/media\/558138"}],"wp:attachment":[{"href":"https:\/\/www.zunoticia.com\/noticias-de-hidalgo\/wp-json\/wp\/v2\/media?parent=558136"}],"wp:term":[{"taxonomy":"category","embeddable":true,"href":"https:\/\/www.zunoticia.com\/noticias-de-hidalgo\/wp-json\/wp\/v2\/categories?post=558136"},{"taxonomy":"post_tag","embeddable":true,"href":"https:\/\/www.zunoticia.com\/noticias-de-hidalgo\/wp-json\/wp\/v2\/tags?post=558136"}],"curies":[{"name":"wp","href":"https:\/\/api.w.org\/{rel}","templated":true}]}}