{"id":558151,"date":"2024-08-28T16:21:05","date_gmt":"2024-08-28T22:21:05","guid":{"rendered":"https:\/\/www.zunoticia.com\/noticias-de-hidalgo\/?p=558151"},"modified":"2024-08-28T16:21:06","modified_gmt":"2024-08-28T22:21:06","slug":"antorcha-campesina-realizaran-una-marcha-el-6-de-septiembre","status":"publish","type":"post","link":"https:\/\/www.zunoticia.com\/noticias-de-hidalgo\/2024\/08\/28\/antorcha-campesina-realizaran-una-marcha-el-6-de-septiembre\/","title":{"rendered":"Antorcha Campesina realizar\u00e1n una marcha el 6 de septiembre"},"content":{"rendered":"<aside class=\"mashsb-container mashsb-main mashsb-stretched\"><div class=\"mashsb-box\"><div class=\"mashsb-count mash-large\" style=\"float:left\"><div class=\"counts mashsbcount\">22<\/div><span class=\"mashsb-sharetext\">SHARES<\/span><\/div><div class=\"mashsb-buttons\"><a class=\"mashicon-facebook mash-large mash-center mashsb-noshadow\" href=\"https:\/\/www.facebook.com\/sharer.php?u=https%3A%2F%2Fwww.zunoticia.com%2Fnoticias-de-hidalgo%2F2024%2F08%2F28%2Fantorcha-campesina-realizaran-una-marcha-el-6-de-septiembre%2F\" target=\"_top\" rel=\"nofollow\"><span class=\"icon\"><\/span><span class=\"text\">Share<\/span><\/a><a class=\"mashicon-twitter mash-large mash-center mashsb-noshadow\" href=\"https:\/\/twitter.com\/intent\/tweet?text=&amp;url=https:\/\/www.zunoticia.com\/noticias-de-hidalgo\/2024\/08\/28\/antorcha-campesina-realizaran-una-marcha-el-6-de-septiembre\/\" target=\"_top\" rel=\"nofollow\"><span class=\"icon\"><\/span><span class=\"text\">Tweet<\/span><\/a><div class=\"onoffswitch2 mash-large mashsb-noshadow\" style=\"display:none\"><\/div><\/div>\n            <\/div>\n                <div style=\"clear:both\"><\/div><div class=\"mashsb-toggle-container\"><\/div><\/aside>\n            <!-- Share buttons by mashshare.net - Version: 4.0.47-->\n<p><em>Por Karen Rivera\/Zunoticia<\/em><\/p>\n\n\n\n<p><strong>Huejutla de Reyes, Hgo.-<\/strong> El pr\u00f3ximo 6 de septiembre en punto de las 8:00 horas a la altura del kiosco municipal, integrantes de Antorcha Campesina realizar\u00e1n una marcha hacia las oficinas de la Subsecretar\u00eda de Gobierno de la Huasteca.<\/p>\n\n\n\n<p>El pasado mi\u00e9rcoles por la ma\u00f1ana, a la altura del kiosco municipal, integrantes de esta agrupaci\u00f3n se concentraron para realizar una rueda de prensa y anunciar sobre la marcha.<\/p>\n\n\n\n<p>Este acto estuvo encabezado por el Coordinador Regional, Federico G\u00f3mez Morales, y Humberto Guti\u00e9rrez, coordinador en el Municipio de Tlanchinol.<\/p>\n\n\n\n<p>Solicitan la aplicaci\u00f3n de Ley contra los invasores del predio en el Rancho La G\u00fcera, la pavimentaci\u00f3n de caminos, el arreglo de las carreteras, adem\u00e1s de los servicios de agua potable, apoyos a la vivienda, programa alimentario de ma\u00edz, apoyo al campo y salud digna.<\/p>\n\n\n\n<p><\/p>\n","protected":false},"excerpt":{"rendered":"<p>Por Karen Rivera\/Zunoticia Huejutla de Reyes, Hgo.- El pr\u00f3ximo 6 de septiembre en punto de las 8:00 horas a la altura del kiosco municipal, integrantes de Antorcha Campesina realizar\u00e1n una marcha hacia las oficinas de la Subsecretar\u00eda de Gobierno de la Huasteca. El pasado mi\u00e9rcoles por la ma\u00f1ana, a la altura del kiosco municipal, integrantes&hellip; <a class=\"more-link\" href=\"https:\/\/www.zunoticia.com\/noticias-de-hidalgo\/2024\/08\/28\/antorcha-campesina-realizaran-una-marcha-el-6-de-septiembre\/\">Seguir leyendo <span class=\"screen-reader-text\">Antorcha Campesina realizar\u00e1n una marcha el 6 de septiembre<\/span><\/a><\/p>\n","protected":false},"author":13,"featured_media":558182,"comment_status":"open","ping_status":"open","sticky":false,"template":"","format":"standard","meta":{"rop_custom_images_group":[],"rop_custom_messages_group":[],"rop_publish_now":"yes","rop_publish_now_accounts":{"facebook_10159540855086992_322828327761733":"#Huejutla | El pr\u00f3ximo 6 de septiembre en punto de las 8:00 horas a la altura del kiosco municipal, integrantes de Antorcha Campesina realizar\u00e1n una marcha."},"rop_publish_now_history":[],"rop_publish_now_status":"pending","footnotes":""},"categories":[181],"tags":[121],"class_list":["post-558151","post","type-post","status-publish","format-standard","has-post-thumbnail","hentry","category-huejutla","tag-huejutla","entry"],"_links":{"self":[{"href":"https:\/\/www.zunoticia.com\/noticias-de-hidalgo\/wp-json\/wp\/v2\/posts\/558151","targetHints":{"allow":["GET"]}}],"collection":[{"href":"https:\/\/www.zunoticia.com\/noticias-de-hidalgo\/wp-json\/wp\/v2\/posts"}],"about":[{"href":"https:\/\/www.zunoticia.com\/noticias-de-hidalgo\/wp-json\/wp\/v2\/types\/post"}],"author":[{"embeddable":true,"href":"https:\/\/www.zunoticia.com\/noticias-de-hidalgo\/wp-json\/wp\/v2\/users\/13"}],"replies":[{"embeddable":true,"href":"https:\/\/www.zunoticia.com\/noticias-de-hidalgo\/wp-json\/wp\/v2\/comments?post=558151"}],"version-history":[{"count":2,"href":"https:\/\/www.zunoticia.com\/noticias-de-hidalgo\/wp-json\/wp\/v2\/posts\/558151\/revisions"}],"predecessor-version":[{"id":558183,"href":"https:\/\/www.zunoticia.com\/noticias-de-hidalgo\/wp-json\/wp\/v2\/posts\/558151\/revisions\/558183"}],"wp:featuredmedia":[{"embeddable":true,"href":"https:\/\/www.zunoticia.com\/noticias-de-hidalgo\/wp-json\/wp\/v2\/media\/558182"}],"wp:attachment":[{"href":"https:\/\/www.zunoticia.com\/noticias-de-hidalgo\/wp-json\/wp\/v2\/media?parent=558151"}],"wp:term":[{"taxonomy":"category","embeddable":true,"href":"https:\/\/www.zunoticia.com\/noticias-de-hidalgo\/wp-json\/wp\/v2\/categories?post=558151"},{"taxonomy":"post_tag","embeddable":true,"href":"https:\/\/www.zunoticia.com\/noticias-de-hidalgo\/wp-json\/wp\/v2\/tags?post=558151"}],"curies":[{"name":"wp","href":"https:\/\/api.w.org\/{rel}","templated":true}]}}