{"id":558201,"date":"2024-08-28T16:59:02","date_gmt":"2024-08-28T22:59:02","guid":{"rendered":"https:\/\/www.zunoticia.com\/noticias-de-hidalgo\/?p=558201"},"modified":"2024-08-28T16:59:04","modified_gmt":"2024-08-28T22:59:04","slug":"piden-a-ciudadanos-actualizar-la-credencial-de-elector","status":"publish","type":"post","link":"https:\/\/www.zunoticia.com\/noticias-de-hidalgo\/2024\/08\/28\/piden-a-ciudadanos-actualizar-la-credencial-de-elector\/","title":{"rendered":"Piden a ciudadanos actualizar la Credencial de elector"},"content":{"rendered":"<aside class=\"mashsb-container mashsb-main mashsb-stretched\"><div class=\"mashsb-box\"><div class=\"mashsb-count mash-large\" style=\"float:left\"><div class=\"counts mashsbcount\">18<\/div><span class=\"mashsb-sharetext\">SHARES<\/span><\/div><div class=\"mashsb-buttons\"><a class=\"mashicon-facebook mash-large mash-center mashsb-noshadow\" href=\"https:\/\/www.facebook.com\/sharer.php?u=https%3A%2F%2Fwww.zunoticia.com%2Fnoticias-de-hidalgo%2F2024%2F08%2F28%2Fpiden-a-ciudadanos-actualizar-la-credencial-de-elector%2F\" target=\"_top\" rel=\"nofollow\"><span class=\"icon\"><\/span><span class=\"text\">Share<\/span><\/a><a class=\"mashicon-twitter mash-large mash-center mashsb-noshadow\" href=\"https:\/\/twitter.com\/intent\/tweet?text=&amp;url=https:\/\/www.zunoticia.com\/noticias-de-hidalgo\/2024\/08\/28\/piden-a-ciudadanos-actualizar-la-credencial-de-elector\/\" target=\"_top\" rel=\"nofollow\"><span class=\"icon\"><\/span><span class=\"text\">Tweet<\/span><\/a><div class=\"onoffswitch2 mash-large mashsb-noshadow\" style=\"display:none\"><\/div><\/div>\n            <\/div>\n                <div style=\"clear:both\"><\/div><div class=\"mashsb-toggle-container\"><\/div><\/aside>\n            <!-- Share buttons by mashshare.net - Version: 4.0.47-->\n<ul class=\"wp-block-list\">\n<li>A quienes pertenec\u00edan a la Secci\u00f3n 460.<\/li>\n<\/ul>\n\n\n\n<p><em>Por Enedino Hern\u00e1ndez\/Zunoticia<\/em><\/p>\n\n\n\n<p><strong>Huejutla, Hgo.- <\/strong>El Vocal del Registro Federal de Electores del INE en Huejutla de Reyes, Vicente Rodr\u00edguez, pide a los ciudadanos a quienes pertenec\u00edan con anterioridad a la Secci\u00f3n 460 a que acudan ante el M\u00f3dulo de Atenci\u00f3n Ciudadana para actualizar la credencial de elector con fotograf\u00eda.<\/p>\n\n\n\n<p>El funcionario electoral, recuerda que por lineamiento se tiene que las Secciones que rebasan el promedio m\u00e1ximo de tres mil ciudadanos deben de subdividir y en este caso, fue lo que pas\u00f3 en la Secci\u00f3n 460 del municipio de Huejutla de Reyes ya ten\u00eda un promedio de seis mil ciudadanos, por lo que se realiz\u00f3 el reseccionamiento, integr\u00e1ndose en tres nuevas Secciones.<\/p>\n\n\n\n<p>Abund\u00f3 que las nuevas Secciones son 1856, 1857 y 1858, las cuales corresponden a los vecinos de la zona del Parque de Poblamiento, a los cuales se les insiste sobre la importancia de acudir ante el M\u00f3dulo Fijo Distrital en Huejutla para que actualicen su identificaci\u00f3n oficial, que es la credencial de elector.<\/p>\n\n\n\n<p>Reconoce que hasta el momento se ha tenido poca respuesta de los ciudadanos que se encuentran en estas tres Secciones y hasta este d\u00eda solo se tiene un 50% de los ciudadanos quienes ya se han actualizado, el resto a\u00fan tiene pendiente por hacerlo.<\/p>\n\n\n\n<p>Vicente Rodr\u00edguez, hace un llamado a quienes tienen en su credencial la Secci\u00f3n 460 para que acudan al M\u00f3dulo de Atenci\u00f3n Ciudadana para que la actualicen de manera oportuna, para lo cual se les requiere que presenten tres documentos en original que son: acta de nacimiento, comprobante de domicilio y una identificaci\u00f3n oficial con fotograf\u00eda.<\/p>\n","protected":false},"excerpt":{"rendered":"<p>Por Enedino Hern\u00e1ndez\/Zunoticia Huejutla, Hgo.- El Vocal del Registro Federal de Electores del INE en Huejutla de Reyes, Vicente Rodr\u00edguez, pide a los ciudadanos a quienes pertenec\u00edan con anterioridad a la Secci\u00f3n 460 a que acudan ante el M\u00f3dulo de Atenci\u00f3n Ciudadana para actualizar la credencial de elector con fotograf\u00eda. El funcionario electoral, recuerda que&hellip; <a class=\"more-link\" href=\"https:\/\/www.zunoticia.com\/noticias-de-hidalgo\/2024\/08\/28\/piden-a-ciudadanos-actualizar-la-credencial-de-elector\/\">Seguir leyendo <span class=\"screen-reader-text\">Piden a ciudadanos actualizar la Credencial de elector<\/span><\/a><\/p>\n","protected":false},"author":13,"featured_media":558195,"comment_status":"open","ping_status":"open","sticky":false,"template":"","format":"standard","meta":{"rop_custom_images_group":[],"rop_custom_messages_group":[],"rop_publish_now":"yes","rop_publish_now_accounts":{"facebook_10159540855086992_322828327761733":"#Huejutla | Piden a los ciudadanos a quienes pertenec\u00edan con anterioridad a la Secci\u00f3n 460 a que acudan ante el M\u00f3dulo de Atenci\u00f3n Ciudadana para actualizar la credencial de elector con fotograf\u00eda."},"rop_publish_now_history":[],"rop_publish_now_status":"pending","footnotes":""},"categories":[181],"tags":[121],"class_list":["post-558201","post","type-post","status-publish","format-standard","has-post-thumbnail","hentry","category-huejutla","tag-huejutla","entry"],"_links":{"self":[{"href":"https:\/\/www.zunoticia.com\/noticias-de-hidalgo\/wp-json\/wp\/v2\/posts\/558201","targetHints":{"allow":["GET"]}}],"collection":[{"href":"https:\/\/www.zunoticia.com\/noticias-de-hidalgo\/wp-json\/wp\/v2\/posts"}],"about":[{"href":"https:\/\/www.zunoticia.com\/noticias-de-hidalgo\/wp-json\/wp\/v2\/types\/post"}],"author":[{"embeddable":true,"href":"https:\/\/www.zunoticia.com\/noticias-de-hidalgo\/wp-json\/wp\/v2\/users\/13"}],"replies":[{"embeddable":true,"href":"https:\/\/www.zunoticia.com\/noticias-de-hidalgo\/wp-json\/wp\/v2\/comments?post=558201"}],"version-history":[{"count":1,"href":"https:\/\/www.zunoticia.com\/noticias-de-hidalgo\/wp-json\/wp\/v2\/posts\/558201\/revisions"}],"predecessor-version":[{"id":558202,"href":"https:\/\/www.zunoticia.com\/noticias-de-hidalgo\/wp-json\/wp\/v2\/posts\/558201\/revisions\/558202"}],"wp:featuredmedia":[{"embeddable":true,"href":"https:\/\/www.zunoticia.com\/noticias-de-hidalgo\/wp-json\/wp\/v2\/media\/558195"}],"wp:attachment":[{"href":"https:\/\/www.zunoticia.com\/noticias-de-hidalgo\/wp-json\/wp\/v2\/media?parent=558201"}],"wp:term":[{"taxonomy":"category","embeddable":true,"href":"https:\/\/www.zunoticia.com\/noticias-de-hidalgo\/wp-json\/wp\/v2\/categories?post=558201"},{"taxonomy":"post_tag","embeddable":true,"href":"https:\/\/www.zunoticia.com\/noticias-de-hidalgo\/wp-json\/wp\/v2\/tags?post=558201"}],"curies":[{"name":"wp","href":"https:\/\/api.w.org\/{rel}","templated":true}]}}