{"id":558218,"date":"2024-08-28T17:38:17","date_gmt":"2024-08-28T23:38:17","guid":{"rendered":"https:\/\/www.zunoticia.com\/noticias-de-hidalgo\/?p=558218"},"modified":"2024-08-28T17:38:18","modified_gmt":"2024-08-28T23:38:18","slug":"espera-subsecretaria-de-gobierno-cambio-de-poderes-con-tranquilidad","status":"publish","type":"post","link":"https:\/\/www.zunoticia.com\/noticias-de-hidalgo\/2024\/08\/28\/espera-subsecretaria-de-gobierno-cambio-de-poderes-con-tranquilidad\/","title":{"rendered":"Espera Subsecretar\u00eda de Gobierno \u201ccambio de poderes\u201d con tranquilidad"},"content":{"rendered":"<aside class=\"mashsb-container mashsb-main mashsb-stretched\"><div class=\"mashsb-box\"><div class=\"mashsb-count mash-large\" style=\"float:left\"><div class=\"counts mashsbcount\">8<\/div><span class=\"mashsb-sharetext\">SHARES<\/span><\/div><div class=\"mashsb-buttons\"><a class=\"mashicon-facebook mash-large mash-center mashsb-noshadow\" href=\"https:\/\/www.facebook.com\/sharer.php?u=https%3A%2F%2Fwww.zunoticia.com%2Fnoticias-de-hidalgo%2F2024%2F08%2F28%2Fespera-subsecretaria-de-gobierno-cambio-de-poderes-con-tranquilidad%2F\" target=\"_top\" rel=\"nofollow\"><span class=\"icon\"><\/span><span class=\"text\">Share<\/span><\/a><a class=\"mashicon-twitter mash-large mash-center mashsb-noshadow\" href=\"https:\/\/twitter.com\/intent\/tweet?text=&amp;url=https:\/\/www.zunoticia.com\/noticias-de-hidalgo\/2024\/08\/28\/espera-subsecretaria-de-gobierno-cambio-de-poderes-con-tranquilidad\/\" target=\"_top\" rel=\"nofollow\"><span class=\"icon\"><\/span><span class=\"text\">Tweet<\/span><\/a><div class=\"onoffswitch2 mash-large mashsb-noshadow\" style=\"display:none\"><\/div><\/div>\n            <\/div>\n                <div style=\"clear:both\"><\/div><div class=\"mashsb-toggle-container\"><\/div><\/aside>\n            <!-- Share buttons by mashshare.net - Version: 4.0.47-->\n<p><em>Por Enedino Hern\u00e1ndez\/Zunoticia<\/em><\/p>\n\n\n\n<p><strong>Huejutla, Hgo.-<\/strong> La Subsecretar\u00eda de Gobierno en la Huasteca espera que el \u201ccambio de poderes\u201d se realice con toda tranquilidad, as\u00ed lo confirm\u00f3 el titular de la dependencia, Marco Antonio Ramos Moguel; destacando que el cambio ser\u00e1 el 5 de septiembre, previamente las asambleas determinar\u00e1n la hora y el lugar de estas actividades.<\/p>\n\n\n\n<p>Detall\u00f3 que previamente se llevan a cabo los di\u00e1logos y acercamientos correspondientes con las administraciones actuales a efecto de que con toda oportunidad se declaren los recintos oficiales para el cambio de poderes municipales.<\/p>\n\n\n\n<p>Abund\u00f3 que los cambios de poderes han sido programados para el 5 de septiembre, y ser\u00e1n las asambleas municipales quienes ser\u00e1n los que definan la hora y el lugar de estos eventos.<\/p>\n\n\n\n<p>A\u00f1adi\u00f3 que todo se espera que transcurra en la m\u00e1s completa tranquilidad, y descart\u00f3 que exista alg\u00fan municipio como \u201cfoco rojo\u201d, ya que hasta el momento todo avanza en la calma correspondiente.<\/p>\n\n\n\n<p>Marco Antonio Ramos Moguel, insisti\u00f3 que todo avanza de una manera tranquila y se espera que esta situaci\u00f3n prevalezca hasta el d\u00eda del cambio de poderes municipales que es el d\u00eda 5 de septiembre.<\/p>\n\n\n\n<p>Recomend\u00f3 a quienes en su momento habr\u00e1n de asumir la responsabilidad como nuevos Alcaldes Municipales en Hidalgo, para que fortalezcan las instrucciones del gobernador del estado, Julio Menchaca Salazar; quien pide estar siempre de cerca con el pueblo, sobretodo que se espera que todos lleven un equipo extraordinario para atender a los ciudadanos.<\/p>\n","protected":false},"excerpt":{"rendered":"<p>Por Enedino Hern\u00e1ndez\/Zunoticia Huejutla, Hgo.- La Subsecretar\u00eda de Gobierno en la Huasteca espera que el \u201ccambio de poderes\u201d se realice con toda tranquilidad, as\u00ed lo confirm\u00f3 el titular de la dependencia, Marco Antonio Ramos Moguel; destacando que el cambio ser\u00e1 el 5 de septiembre, previamente las asambleas determinar\u00e1n la hora y el lugar de estas&hellip; <a class=\"more-link\" href=\"https:\/\/www.zunoticia.com\/noticias-de-hidalgo\/2024\/08\/28\/espera-subsecretaria-de-gobierno-cambio-de-poderes-con-tranquilidad\/\">Seguir leyendo <span class=\"screen-reader-text\">Espera Subsecretar\u00eda de Gobierno \u201ccambio de poderes\u201d con tranquilidad<\/span><\/a><\/p>\n","protected":false},"author":13,"featured_media":558210,"comment_status":"open","ping_status":"open","sticky":false,"template":"","format":"standard","meta":{"rop_custom_images_group":[],"rop_custom_messages_group":[],"rop_publish_now":"yes","rop_publish_now_accounts":{"facebook_10159540855086992_322828327761733":"#Huejutla | La Subsecretar\u00eda de Gobierno en la Huasteca espera que el \u201ccambio de poderes\u201d se realice con toda tranquilidad, as\u00ed lo confirm\u00f3 el titular de la dependencia, Marco Antonio Ramos Moguel."},"rop_publish_now_history":[],"rop_publish_now_status":"pending","footnotes":""},"categories":[181],"tags":[121],"class_list":["post-558218","post","type-post","status-publish","format-standard","has-post-thumbnail","hentry","category-huejutla","tag-huejutla","entry"],"_links":{"self":[{"href":"https:\/\/www.zunoticia.com\/noticias-de-hidalgo\/wp-json\/wp\/v2\/posts\/558218","targetHints":{"allow":["GET"]}}],"collection":[{"href":"https:\/\/www.zunoticia.com\/noticias-de-hidalgo\/wp-json\/wp\/v2\/posts"}],"about":[{"href":"https:\/\/www.zunoticia.com\/noticias-de-hidalgo\/wp-json\/wp\/v2\/types\/post"}],"author":[{"embeddable":true,"href":"https:\/\/www.zunoticia.com\/noticias-de-hidalgo\/wp-json\/wp\/v2\/users\/13"}],"replies":[{"embeddable":true,"href":"https:\/\/www.zunoticia.com\/noticias-de-hidalgo\/wp-json\/wp\/v2\/comments?post=558218"}],"version-history":[{"count":1,"href":"https:\/\/www.zunoticia.com\/noticias-de-hidalgo\/wp-json\/wp\/v2\/posts\/558218\/revisions"}],"predecessor-version":[{"id":558219,"href":"https:\/\/www.zunoticia.com\/noticias-de-hidalgo\/wp-json\/wp\/v2\/posts\/558218\/revisions\/558219"}],"wp:featuredmedia":[{"embeddable":true,"href":"https:\/\/www.zunoticia.com\/noticias-de-hidalgo\/wp-json\/wp\/v2\/media\/558210"}],"wp:attachment":[{"href":"https:\/\/www.zunoticia.com\/noticias-de-hidalgo\/wp-json\/wp\/v2\/media?parent=558218"}],"wp:term":[{"taxonomy":"category","embeddable":true,"href":"https:\/\/www.zunoticia.com\/noticias-de-hidalgo\/wp-json\/wp\/v2\/categories?post=558218"},{"taxonomy":"post_tag","embeddable":true,"href":"https:\/\/www.zunoticia.com\/noticias-de-hidalgo\/wp-json\/wp\/v2\/tags?post=558218"}],"curies":[{"name":"wp","href":"https:\/\/api.w.org\/{rel}","templated":true}]}}