{"id":558916,"date":"2024-09-02T11:48:51","date_gmt":"2024-09-02T17:48:51","guid":{"rendered":"https:\/\/www.zunoticia.com\/noticias-de-hidalgo\/?p=558916"},"modified":"2024-09-02T11:48:53","modified_gmt":"2024-09-02T17:48:53","slug":"programan-recorrido-de-modulos-de-atencion-ciudadana-ine-2","status":"publish","type":"post","link":"https:\/\/www.zunoticia.com\/noticias-de-hidalgo\/2024\/09\/02\/programan-recorrido-de-modulos-de-atencion-ciudadana-ine-2\/","title":{"rendered":"Programan recorrido de M\u00f3dulos de Atenci\u00f3n Ciudadana: INE"},"content":{"rendered":"<aside class=\"mashsb-container mashsb-main mashsb-stretched\"><div class=\"mashsb-box\"><div class=\"mashsb-count mash-large\" style=\"float:left\"><div class=\"counts mashsbcount\">0<\/div><span class=\"mashsb-sharetext\">SHARES<\/span><\/div><div class=\"mashsb-buttons\"><a class=\"mashicon-facebook mash-large mash-center mashsb-noshadow\" href=\"https:\/\/www.facebook.com\/sharer.php?u=https%3A%2F%2Fwww.zunoticia.com%2Fnoticias-de-hidalgo%2F2024%2F09%2F02%2Fprograman-recorrido-de-modulos-de-atencion-ciudadana-ine-2%2F\" target=\"_top\" rel=\"nofollow\"><span class=\"icon\"><\/span><span class=\"text\">Share<\/span><\/a><a class=\"mashicon-twitter mash-large mash-center mashsb-noshadow\" href=\"https:\/\/twitter.com\/intent\/tweet?text=&amp;url=https:\/\/www.zunoticia.com\/noticias-de-hidalgo\/2024\/09\/02\/programan-recorrido-de-modulos-de-atencion-ciudadana-ine-2\/\" target=\"_top\" rel=\"nofollow\"><span class=\"icon\"><\/span><span class=\"text\">Tweet<\/span><\/a><div class=\"onoffswitch2 mash-large mashsb-noshadow\" style=\"display:none\"><\/div><\/div>\n            <\/div>\n                <div style=\"clear:both\"><\/div><div class=\"mashsb-toggle-container\"><\/div><\/aside>\n            <!-- Share buttons by mashshare.net - Version: 4.0.47-->\n<p><em>Por Enedino Hern\u00e1ndez\/Zunoticia<\/em><\/p>\n\n\n\n<p><strong>Huejutla, Hgo.-<\/strong> El Vocal del Registro Federal de Electores del Instituto Nacional Electoral (INE) en Huejutla de Reyes, Vicente Rodr\u00edguez, confirm\u00f3 sobre el recorrido que realizan los M\u00f3dulos de Atenci\u00f3n Ciudadana durante la semana comprendida del 2 al 6 de septiembre, en d\u00f3nde los ciudadanos tienen la oportunidad de tramitar la credencial de elector con fotograf\u00eda.<\/p>\n\n\n\n<p>Se\u00f1al\u00f3 que el M\u00f3dulo de Atenci\u00f3n Ciudadana 130152 este lunes 2 de septiembre est\u00e1 en Tzincoatl\u00e1n, el martes 3 en Jalapa, el mi\u00e9rcoles 4 en Coatlila, el jueves 5 en Olonteco y el viernes 6 de septiembre en Tlahuelompa, todas estas comunidades pertenecientes al municipio de Zacualtip\u00e1n de \u00c1ngeles.<\/p>\n\n\n\n<p>El M\u00f3dulo M\u00f3vil de Atenci\u00f3n Ciudadana 130153 este lunes 2 de septiembre est\u00e1 en Piedra Hincada, el martes 3 en Santa Ana, el mi\u00e9rcoles 4 en Totonicapa y los d\u00edas 5 y 6 de septiembre en Huitzitzilingo, todas estas poblaciones pertenecientes al municipio de San Felipe Orizatl\u00e1n.<\/p>\n\n\n\n<p>Asimismo, dijo que los M\u00f3dulos M\u00f3viles de Atenci\u00f3n Ciudadana brindan el servicio de lunes a viernes de 9 a las 16 horas cuatro de la tarde, mientras que el M\u00f3dulo Fijo Distrital en Huejutla atiende de lunes a s\u00e1bado de 8 a las 15 horas tres de la tarde.<\/p>\n\n\n\n<p>Concluye que son tres los documentos en original los que deben de presentar los ciudadanos para tramitar la credencial de elector con fotograf\u00eda y son: Acta de nacimiento, Comprobante de domicilio y una Identificaci\u00f3n oficial con fotograf\u00eda.<\/p>\n","protected":false},"excerpt":{"rendered":"<p>Por Enedino Hern\u00e1ndez\/Zunoticia Huejutla, Hgo.- El Vocal del Registro Federal de Electores del Instituto Nacional Electoral (INE) en Huejutla de Reyes, Vicente Rodr\u00edguez, confirm\u00f3 sobre el recorrido que realizan los M\u00f3dulos de Atenci\u00f3n Ciudadana durante la semana comprendida del 2 al 6 de septiembre, en d\u00f3nde los ciudadanos tienen la oportunidad de tramitar la credencial&hellip; <a class=\"more-link\" href=\"https:\/\/www.zunoticia.com\/noticias-de-hidalgo\/2024\/09\/02\/programan-recorrido-de-modulos-de-atencion-ciudadana-ine-2\/\">Seguir leyendo <span class=\"screen-reader-text\">Programan recorrido de M\u00f3dulos de Atenci\u00f3n Ciudadana: INE<\/span><\/a><\/p>\n","protected":false},"author":13,"featured_media":558917,"comment_status":"open","ping_status":"open","sticky":false,"template":"","format":"standard","meta":{"rop_custom_images_group":[],"rop_custom_messages_group":[],"rop_publish_now":"yes","rop_publish_now_accounts":{"facebook_10159540855086992_322828327761733":"#Huejutla | El Vocal del Registro Federal de Electores del Instituto Nacional Electoral (INE) en Huejutla de Reyes, Vicente Rodr\u00edguez, confirm\u00f3 sobre el recorrido que realizan los M\u00f3dulos de Atenci\u00f3n Ciudadana."},"rop_publish_now_history":[],"rop_publish_now_status":"pending","footnotes":""},"categories":[181],"tags":[121],"class_list":["post-558916","post","type-post","status-publish","format-standard","has-post-thumbnail","hentry","category-huejutla","tag-huejutla","entry"],"_links":{"self":[{"href":"https:\/\/www.zunoticia.com\/noticias-de-hidalgo\/wp-json\/wp\/v2\/posts\/558916","targetHints":{"allow":["GET"]}}],"collection":[{"href":"https:\/\/www.zunoticia.com\/noticias-de-hidalgo\/wp-json\/wp\/v2\/posts"}],"about":[{"href":"https:\/\/www.zunoticia.com\/noticias-de-hidalgo\/wp-json\/wp\/v2\/types\/post"}],"author":[{"embeddable":true,"href":"https:\/\/www.zunoticia.com\/noticias-de-hidalgo\/wp-json\/wp\/v2\/users\/13"}],"replies":[{"embeddable":true,"href":"https:\/\/www.zunoticia.com\/noticias-de-hidalgo\/wp-json\/wp\/v2\/comments?post=558916"}],"version-history":[{"count":1,"href":"https:\/\/www.zunoticia.com\/noticias-de-hidalgo\/wp-json\/wp\/v2\/posts\/558916\/revisions"}],"predecessor-version":[{"id":558918,"href":"https:\/\/www.zunoticia.com\/noticias-de-hidalgo\/wp-json\/wp\/v2\/posts\/558916\/revisions\/558918"}],"wp:featuredmedia":[{"embeddable":true,"href":"https:\/\/www.zunoticia.com\/noticias-de-hidalgo\/wp-json\/wp\/v2\/media\/558917"}],"wp:attachment":[{"href":"https:\/\/www.zunoticia.com\/noticias-de-hidalgo\/wp-json\/wp\/v2\/media?parent=558916"}],"wp:term":[{"taxonomy":"category","embeddable":true,"href":"https:\/\/www.zunoticia.com\/noticias-de-hidalgo\/wp-json\/wp\/v2\/categories?post=558916"},{"taxonomy":"post_tag","embeddable":true,"href":"https:\/\/www.zunoticia.com\/noticias-de-hidalgo\/wp-json\/wp\/v2\/tags?post=558916"}],"curies":[{"name":"wp","href":"https:\/\/api.w.org\/{rel}","templated":true}]}}