{"id":558919,"date":"2024-09-02T13:40:08","date_gmt":"2024-09-02T19:40:08","guid":{"rendered":"https:\/\/www.zunoticia.com\/noticias-de-hidalgo\/?p=558919"},"modified":"2024-09-02T13:40:10","modified_gmt":"2024-09-02T19:40:10","slug":"tras-iniciar-el-ciclo-escolar-se-tiene-un-mayor-movimiento-economico-sector-empresarial","status":"publish","type":"post","link":"https:\/\/www.zunoticia.com\/noticias-de-hidalgo\/2024\/09\/02\/tras-iniciar-el-ciclo-escolar-se-tiene-un-mayor-movimiento-economico-sector-empresarial\/","title":{"rendered":"Tras iniciar el ciclo escolar se tiene un mayor movimiento econ\u00f3mico: Sector empresarial"},"content":{"rendered":"<aside class=\"mashsb-container mashsb-main mashsb-stretched\"><div class=\"mashsb-box\"><div class=\"mashsb-count mash-large\" style=\"float:left\"><div class=\"counts mashsbcount\">2<\/div><span class=\"mashsb-sharetext\">SHARES<\/span><\/div><div class=\"mashsb-buttons\"><a class=\"mashicon-facebook mash-large mash-center mashsb-noshadow\" href=\"https:\/\/www.facebook.com\/sharer.php?u=https%3A%2F%2Fwww.zunoticia.com%2Fnoticias-de-hidalgo%2F2024%2F09%2F02%2Ftras-iniciar-el-ciclo-escolar-se-tiene-un-mayor-movimiento-economico-sector-empresarial%2F\" target=\"_top\" rel=\"nofollow\"><span class=\"icon\"><\/span><span class=\"text\">Share<\/span><\/a><a class=\"mashicon-twitter mash-large mash-center mashsb-noshadow\" href=\"https:\/\/twitter.com\/intent\/tweet?text=&amp;url=https:\/\/www.zunoticia.com\/noticias-de-hidalgo\/2024\/09\/02\/tras-iniciar-el-ciclo-escolar-se-tiene-un-mayor-movimiento-economico-sector-empresarial\/\" target=\"_top\" rel=\"nofollow\"><span class=\"icon\"><\/span><span class=\"text\">Tweet<\/span><\/a><div class=\"onoffswitch2 mash-large mashsb-noshadow\" style=\"display:none\"><\/div><\/div>\n            <\/div>\n                <div style=\"clear:both\"><\/div><div class=\"mashsb-toggle-container\"><\/div><\/aside>\n            <!-- Share buttons by mashshare.net - Version: 4.0.47-->\n<p><em>Por Enedino Hern\u00e1ndez\/Zunoticia<\/em><\/p>\n\n\n\n<p><strong>Huejutla, Hgo.-<\/strong> Con el inicio de las actividades correspondiente al ciclo escolar 2024-2025 en las diversas instituciones educativas del nivel b\u00e1sico, pr\u00e1cticamente ahora ya se tiene un mayor movimiento econ\u00f3mico que es de beneficio para quienes se dedican a la actividad comercial en especial para quienes expenden productos de temporada, confirm\u00f3 el representante del Sector Empresarial en Huejutla, Luis Enrique Camargo.<\/p>\n\n\n\n<p>Detall\u00f3 que por este motivo se tiene un mayor movimiento comercial, as\u00ed como todo un dinamismo en el transporte p\u00fablico, todo esto ayuda en mucho la actividad econ\u00f3mica y ojal\u00e1 se pueda lograr a\u00fan mucho m\u00e1s.<\/p>\n\n\n\n<p>Reconoce que previamente muchos padres de familia realizaron varios gastos por el regreso a clases, la situaci\u00f3n de cierta manera afecta la econom\u00eda con la compra de lo indispensable para que los hijos volvieran a las escuelas, pero poco a poco la situaci\u00f3n ir\u00e1 mejorando.<\/p>\n\n\n\n<p>Dijo que los agremiados al sector empresarial esperan mejorar las ventas de sus diversos productos, por lo que se empieza un periodo de actividad muy importante el cual se espera se prolongue en los meses siguientes hasta llegar a diciembre.<\/p>\n\n\n\n<p>Subray\u00f3 que generalmente los \u00faltimos meses del a\u00f1o se destaca por mantenerse con una actividad econ\u00f3mica muy importante y se est\u00e1 a la espera de este periodo, por lo que sugiere a los agremiados a mantener la calidad en el servicio y en los productos.<\/p>\n\n\n\n<p>Concluy\u00f3 que cuando se tienen estas dos cuestiones que son muy fundamentales, los clientes van a preferirnos, debemos ofertar productos duraderos y de buena calidad, que cumplan con las expectativas de los clientes, adem\u00e1s de ofrecerles una atenci\u00f3n c\u00e1lida, un buen servicio, y eso va a ayudar much\u00edsimo a que la gente prefiera nuestros establecimientos para hacer sus compras.<\/p>\n","protected":false},"excerpt":{"rendered":"<p>Por Enedino Hern\u00e1ndez\/Zunoticia Huejutla, Hgo.- Con el inicio de las actividades correspondiente al ciclo escolar 2024-2025 en las diversas instituciones educativas del nivel b\u00e1sico, pr\u00e1cticamente ahora ya se tiene un mayor movimiento econ\u00f3mico que es de beneficio para quienes se dedican a la actividad comercial en especial para quienes expenden productos de temporada, confirm\u00f3 el&hellip; <a class=\"more-link\" href=\"https:\/\/www.zunoticia.com\/noticias-de-hidalgo\/2024\/09\/02\/tras-iniciar-el-ciclo-escolar-se-tiene-un-mayor-movimiento-economico-sector-empresarial\/\">Seguir leyendo <span class=\"screen-reader-text\">Tras iniciar el ciclo escolar se tiene un mayor movimiento econ\u00f3mico: Sector empresarial<\/span><\/a><\/p>\n","protected":false},"author":13,"featured_media":558920,"comment_status":"open","ping_status":"open","sticky":false,"template":"","format":"standard","meta":{"rop_custom_images_group":[],"rop_custom_messages_group":[],"rop_publish_now":"yes","rop_publish_now_accounts":{"facebook_10159540855086992_322828327761733":"#Huejutla | Con el inicio de las actividades correspondiente al ciclo escolar 2024-2025 en las diversas instituciones educativas del nivel b\u00e1sico, pr\u00e1cticamente ahora ya se tiene un mayor movimiento econ\u00f3mico."},"rop_publish_now_history":[],"rop_publish_now_status":"pending","footnotes":""},"categories":[181],"tags":[121],"class_list":["post-558919","post","type-post","status-publish","format-standard","has-post-thumbnail","hentry","category-huejutla","tag-huejutla","entry"],"_links":{"self":[{"href":"https:\/\/www.zunoticia.com\/noticias-de-hidalgo\/wp-json\/wp\/v2\/posts\/558919","targetHints":{"allow":["GET"]}}],"collection":[{"href":"https:\/\/www.zunoticia.com\/noticias-de-hidalgo\/wp-json\/wp\/v2\/posts"}],"about":[{"href":"https:\/\/www.zunoticia.com\/noticias-de-hidalgo\/wp-json\/wp\/v2\/types\/post"}],"author":[{"embeddable":true,"href":"https:\/\/www.zunoticia.com\/noticias-de-hidalgo\/wp-json\/wp\/v2\/users\/13"}],"replies":[{"embeddable":true,"href":"https:\/\/www.zunoticia.com\/noticias-de-hidalgo\/wp-json\/wp\/v2\/comments?post=558919"}],"version-history":[{"count":1,"href":"https:\/\/www.zunoticia.com\/noticias-de-hidalgo\/wp-json\/wp\/v2\/posts\/558919\/revisions"}],"predecessor-version":[{"id":558922,"href":"https:\/\/www.zunoticia.com\/noticias-de-hidalgo\/wp-json\/wp\/v2\/posts\/558919\/revisions\/558922"}],"wp:featuredmedia":[{"embeddable":true,"href":"https:\/\/www.zunoticia.com\/noticias-de-hidalgo\/wp-json\/wp\/v2\/media\/558920"}],"wp:attachment":[{"href":"https:\/\/www.zunoticia.com\/noticias-de-hidalgo\/wp-json\/wp\/v2\/media?parent=558919"}],"wp:term":[{"taxonomy":"category","embeddable":true,"href":"https:\/\/www.zunoticia.com\/noticias-de-hidalgo\/wp-json\/wp\/v2\/categories?post=558919"},{"taxonomy":"post_tag","embeddable":true,"href":"https:\/\/www.zunoticia.com\/noticias-de-hidalgo\/wp-json\/wp\/v2\/tags?post=558919"}],"curies":[{"name":"wp","href":"https:\/\/api.w.org\/{rel}","templated":true}]}}