{"id":559012,"date":"2024-09-02T18:24:29","date_gmt":"2024-09-03T00:24:29","guid":{"rendered":"https:\/\/www.zunoticia.com\/noticias-de-hidalgo\/?p=559012"},"modified":"2024-09-02T18:24:30","modified_gmt":"2024-09-03T00:24:30","slug":"dictaran-conferencia-sobre-el-tema-del-plan-de-estudios-programas-y-libros-de-texto","status":"publish","type":"post","link":"https:\/\/www.zunoticia.com\/noticias-de-hidalgo\/2024\/09\/02\/dictaran-conferencia-sobre-el-tema-del-plan-de-estudios-programas-y-libros-de-texto\/","title":{"rendered":"Dictar\u00e1n Conferencia sobre el tema del Plan de Estudios, programas y libros de texto"},"content":{"rendered":"<aside class=\"mashsb-container mashsb-main mashsb-stretched\"><div class=\"mashsb-box\"><div class=\"mashsb-count mash-large\" style=\"float:left\"><div class=\"counts mashsbcount\">0<\/div><span class=\"mashsb-sharetext\">SHARES<\/span><\/div><div class=\"mashsb-buttons\"><a class=\"mashicon-facebook mash-large mash-center mashsb-noshadow\" href=\"https:\/\/www.facebook.com\/sharer.php?u=https%3A%2F%2Fwww.zunoticia.com%2Fnoticias-de-hidalgo%2F2024%2F09%2F02%2Fdictaran-conferencia-sobre-el-tema-del-plan-de-estudios-programas-y-libros-de-texto%2F\" target=\"_top\" rel=\"nofollow\"><span class=\"icon\"><\/span><span class=\"text\">Share<\/span><\/a><a class=\"mashicon-twitter mash-large mash-center mashsb-noshadow\" href=\"https:\/\/twitter.com\/intent\/tweet?text=&amp;url=https:\/\/www.zunoticia.com\/noticias-de-hidalgo\/2024\/09\/02\/dictaran-conferencia-sobre-el-tema-del-plan-de-estudios-programas-y-libros-de-texto\/\" target=\"_top\" rel=\"nofollow\"><span class=\"icon\"><\/span><span class=\"text\">Tweet<\/span><\/a><div class=\"onoffswitch2 mash-large mashsb-noshadow\" style=\"display:none\"><\/div><\/div>\n            <\/div>\n                <div style=\"clear:both\"><\/div><div class=\"mashsb-toggle-container\"><\/div><\/aside>\n            <!-- Share buttons by mashshare.net - Version: 4.0.47-->\n<p><em>Por Enedino Hern\u00e1ndez\/Zunoticia<\/em><\/p>\n\n\n\n<p><strong>Huejutla, Hgo.-<\/strong> Maestros de las Escuelas Primarias integradas en la octava zona escolar en Huejutla participar\u00e1n en una conferencia magistral que ser\u00e1 dictada por el maestro Marx Arriaga, responsable de Materiales Educativos de la SEP.<\/p>\n\n\n\n<p>El Director de la Escuela Primaria Idelfonso Vel\u00e1zquez Ibarra, Eduardo Hern\u00e1ndez Lara; se\u00f1al\u00f3 que la conferencia magistral se llevar\u00e1 a cabo durante este martes 3 de septiembre.<\/p>\n\n\n\n<p>Dijo que la conferencia magistral es organizada por la Escuela Primaria Idelfonso Vel\u00e1zquez Ibarra, con el apoyo de la Supervisi\u00f3n Escolar y Jefatura de Sector, en donde se invita a maestros de la octava zona escolar, as\u00ed como docentes del Sector 10 y dem\u00e1s docentes interesados a participar.<\/p>\n\n\n\n<p>A\u00f1adi\u00f3 que la idea principal de la conferencia es abundar en la tem\u00e1tica de los libros de texto gratuito, abordar el tema del Plan de Estudios 2022, los programas y los libros de texto que son instrumentos para la formaci\u00f3n de ciudadan\u00eda transformadora de los ni\u00f1os.<\/p>\n\n\n\n<p>Eduardo Hern\u00e1ndez Lara, concluy\u00f3 que la idea principal es el de recrear el pensamiento de los docentes que est\u00e1n interactuando de manera constante con estos materiales, del plan de estudios y los programas de libros de texto.<\/p>\n","protected":false},"excerpt":{"rendered":"<p>Por Enedino Hern\u00e1ndez\/Zunoticia Huejutla, Hgo.- Maestros de las Escuelas Primarias integradas en la octava zona escolar en Huejutla participar\u00e1n en una conferencia magistral que ser\u00e1 dictada por el maestro Marx Arriaga, responsable de Materiales Educativos de la SEP. El Director de la Escuela Primaria Idelfonso Vel\u00e1zquez Ibarra, Eduardo Hern\u00e1ndez Lara; se\u00f1al\u00f3 que la conferencia magistral&hellip; <a class=\"more-link\" href=\"https:\/\/www.zunoticia.com\/noticias-de-hidalgo\/2024\/09\/02\/dictaran-conferencia-sobre-el-tema-del-plan-de-estudios-programas-y-libros-de-texto\/\">Seguir leyendo <span class=\"screen-reader-text\">Dictar\u00e1n Conferencia sobre el tema del Plan de Estudios, programas y libros de texto<\/span><\/a><\/p>\n","protected":false},"author":13,"featured_media":559013,"comment_status":"open","ping_status":"open","sticky":false,"template":"","format":"standard","meta":{"rop_custom_images_group":[],"rop_custom_messages_group":[],"rop_publish_now":"yes","rop_publish_now_accounts":{"facebook_10159540855086992_322828327761733":"#Huejutla | Maestros de las Escuelas Primarias integradas en la octava zona escolar en Huejutla participar\u00e1n en una conferencia magistral que ser\u00e1 dictada por el maestro Marx Arriaga."},"rop_publish_now_history":[],"rop_publish_now_status":"pending","footnotes":""},"categories":[181],"tags":[121],"class_list":["post-559012","post","type-post","status-publish","format-standard","has-post-thumbnail","hentry","category-huejutla","tag-huejutla","entry"],"_links":{"self":[{"href":"https:\/\/www.zunoticia.com\/noticias-de-hidalgo\/wp-json\/wp\/v2\/posts\/559012","targetHints":{"allow":["GET"]}}],"collection":[{"href":"https:\/\/www.zunoticia.com\/noticias-de-hidalgo\/wp-json\/wp\/v2\/posts"}],"about":[{"href":"https:\/\/www.zunoticia.com\/noticias-de-hidalgo\/wp-json\/wp\/v2\/types\/post"}],"author":[{"embeddable":true,"href":"https:\/\/www.zunoticia.com\/noticias-de-hidalgo\/wp-json\/wp\/v2\/users\/13"}],"replies":[{"embeddable":true,"href":"https:\/\/www.zunoticia.com\/noticias-de-hidalgo\/wp-json\/wp\/v2\/comments?post=559012"}],"version-history":[{"count":1,"href":"https:\/\/www.zunoticia.com\/noticias-de-hidalgo\/wp-json\/wp\/v2\/posts\/559012\/revisions"}],"predecessor-version":[{"id":559019,"href":"https:\/\/www.zunoticia.com\/noticias-de-hidalgo\/wp-json\/wp\/v2\/posts\/559012\/revisions\/559019"}],"wp:featuredmedia":[{"embeddable":true,"href":"https:\/\/www.zunoticia.com\/noticias-de-hidalgo\/wp-json\/wp\/v2\/media\/559013"}],"wp:attachment":[{"href":"https:\/\/www.zunoticia.com\/noticias-de-hidalgo\/wp-json\/wp\/v2\/media?parent=559012"}],"wp:term":[{"taxonomy":"category","embeddable":true,"href":"https:\/\/www.zunoticia.com\/noticias-de-hidalgo\/wp-json\/wp\/v2\/categories?post=559012"},{"taxonomy":"post_tag","embeddable":true,"href":"https:\/\/www.zunoticia.com\/noticias-de-hidalgo\/wp-json\/wp\/v2\/tags?post=559012"}],"curies":[{"name":"wp","href":"https:\/\/api.w.org\/{rel}","templated":true}]}}