{"id":559020,"date":"2024-09-02T18:28:04","date_gmt":"2024-09-03T00:28:04","guid":{"rendered":"https:\/\/www.zunoticia.com\/noticias-de-hidalgo\/?p=559020"},"modified":"2024-09-02T18:28:05","modified_gmt":"2024-09-03T00:28:05","slug":"todo-listo-para-la-toma-de-protesta-de-la-proxima-presidenta-municipal-de-yahualica","status":"publish","type":"post","link":"https:\/\/www.zunoticia.com\/noticias-de-hidalgo\/2024\/09\/02\/todo-listo-para-la-toma-de-protesta-de-la-proxima-presidenta-municipal-de-yahualica\/","title":{"rendered":"Todo listo para la toma de protesta de la pr\u00f3xima presidenta municipal de Yahualica"},"content":{"rendered":"<aside class=\"mashsb-container mashsb-main mashsb-stretched\"><div class=\"mashsb-box\"><div class=\"mashsb-count mash-large\" style=\"float:left\"><div class=\"counts mashsbcount\">48<\/div><span class=\"mashsb-sharetext\">SHARES<\/span><\/div><div class=\"mashsb-buttons\"><a class=\"mashicon-facebook mash-large mash-center mashsb-noshadow\" href=\"https:\/\/www.facebook.com\/sharer.php?u=https%3A%2F%2Fwww.zunoticia.com%2Fnoticias-de-hidalgo%2F2024%2F09%2F02%2Ftodo-listo-para-la-toma-de-protesta-de-la-proxima-presidenta-municipal-de-yahualica%2F\" target=\"_top\" rel=\"nofollow\"><span class=\"icon\"><\/span><span class=\"text\">Share<\/span><\/a><a class=\"mashicon-twitter mash-large mash-center mashsb-noshadow\" href=\"https:\/\/twitter.com\/intent\/tweet?text=&amp;url=https:\/\/www.zunoticia.com\/noticias-de-hidalgo\/2024\/09\/02\/todo-listo-para-la-toma-de-protesta-de-la-proxima-presidenta-municipal-de-yahualica\/\" target=\"_top\" rel=\"nofollow\"><span class=\"icon\"><\/span><span class=\"text\">Tweet<\/span><\/a><div class=\"onoffswitch2 mash-large mashsb-noshadow\" style=\"display:none\"><\/div><\/div>\n            <\/div>\n                <div style=\"clear:both\"><\/div><div class=\"mashsb-toggle-container\"><\/div><\/aside>\n            <!-- Share buttons by mashshare.net - Version: 4.0.47-->\n<p><em>Por Roberto Ram\u00edrez\/Zunoticia<\/em><\/p>\n\n\n\n<p><strong>Yahualica, Hgo.-<\/strong> La presidenta municipal electa Francisca Lara, reporta que todo est\u00e1 listo para su toma de protesta, en el evento se habr\u00e1n de dar cita autoridades federales, estatales, municipales y del pueblo de Yahualica para ser testigos del solemne acto de cambio de poderes municipales conforme a lo que establece la ley.<\/p>\n\n\n\n<p>Por lo pronto, se reporta que ya se program\u00f3 todas las actividades, ser\u00e1 en la galera p\u00fablica de la cabecera municipal, donde la pr\u00f3xima presidenta municipal tome la protesta de ley de acuerdo con los protocolos que ya se tiene preparado, ah\u00ed tambi\u00e9n la futura presidenta municipal rendir\u00e1 su mensaje a los yahualiquenses y con ello, dar paso a un nuevo gobierno municipal.<\/p>\n\n\n\n<p>Ser\u00e1 en una sesi\u00f3n solemne de los nuevos integrantes de la asamblea municipal quienes inicien con la sesi\u00f3n y posterior vendr\u00e1 la toma de posesi\u00f3n de la presidenta electa y originaria de la comunidad de Tepetitla. Por lo que ya se est\u00e1n convocando a los delegados, comisariados, maestros y poblaci\u00f3n en general para que acudan a tan importante acto.<\/p>\n","protected":false},"excerpt":{"rendered":"<p>Por Roberto Ram\u00edrez\/Zunoticia Yahualica, Hgo.- La presidenta municipal electa Francisca Lara, reporta que todo est\u00e1 listo para su toma de protesta, en el evento se habr\u00e1n de dar cita autoridades federales, estatales, municipales y del pueblo de Yahualica para ser testigos del solemne acto de cambio de poderes municipales conforme a lo que establece la&hellip; <a class=\"more-link\" href=\"https:\/\/www.zunoticia.com\/noticias-de-hidalgo\/2024\/09\/02\/todo-listo-para-la-toma-de-protesta-de-la-proxima-presidenta-municipal-de-yahualica\/\">Seguir leyendo <span class=\"screen-reader-text\">Todo listo para la toma de protesta de la pr\u00f3xima presidenta municipal de Yahualica<\/span><\/a><\/p>\n","protected":false},"author":13,"featured_media":559018,"comment_status":"open","ping_status":"open","sticky":false,"template":"","format":"standard","meta":{"rop_custom_images_group":[],"rop_custom_messages_group":[],"rop_publish_now":"yes","rop_publish_now_accounts":{"facebook_10159540855086992_322828327761733":"#Yahualica #HuastecaHidalguense | La presidenta municipal electa Francisca Lara, reporta que todo est\u00e1 listo para su toma de protesta, en el evento se habr\u00e1n de dar cita autoridades."},"rop_publish_now_history":[],"rop_publish_now_status":"pending","footnotes":""},"categories":[179,203],"tags":[123],"class_list":["post-559020","post","type-post","status-publish","format-standard","has-post-thumbnail","hentry","category-huasteca","category-yahualica","tag-yahualica","entry"],"_links":{"self":[{"href":"https:\/\/www.zunoticia.com\/noticias-de-hidalgo\/wp-json\/wp\/v2\/posts\/559020","targetHints":{"allow":["GET"]}}],"collection":[{"href":"https:\/\/www.zunoticia.com\/noticias-de-hidalgo\/wp-json\/wp\/v2\/posts"}],"about":[{"href":"https:\/\/www.zunoticia.com\/noticias-de-hidalgo\/wp-json\/wp\/v2\/types\/post"}],"author":[{"embeddable":true,"href":"https:\/\/www.zunoticia.com\/noticias-de-hidalgo\/wp-json\/wp\/v2\/users\/13"}],"replies":[{"embeddable":true,"href":"https:\/\/www.zunoticia.com\/noticias-de-hidalgo\/wp-json\/wp\/v2\/comments?post=559020"}],"version-history":[{"count":1,"href":"https:\/\/www.zunoticia.com\/noticias-de-hidalgo\/wp-json\/wp\/v2\/posts\/559020\/revisions"}],"predecessor-version":[{"id":559021,"href":"https:\/\/www.zunoticia.com\/noticias-de-hidalgo\/wp-json\/wp\/v2\/posts\/559020\/revisions\/559021"}],"wp:featuredmedia":[{"embeddable":true,"href":"https:\/\/www.zunoticia.com\/noticias-de-hidalgo\/wp-json\/wp\/v2\/media\/559018"}],"wp:attachment":[{"href":"https:\/\/www.zunoticia.com\/noticias-de-hidalgo\/wp-json\/wp\/v2\/media?parent=559020"}],"wp:term":[{"taxonomy":"category","embeddable":true,"href":"https:\/\/www.zunoticia.com\/noticias-de-hidalgo\/wp-json\/wp\/v2\/categories?post=559020"},{"taxonomy":"post_tag","embeddable":true,"href":"https:\/\/www.zunoticia.com\/noticias-de-hidalgo\/wp-json\/wp\/v2\/tags?post=559020"}],"curies":[{"name":"wp","href":"https:\/\/api.w.org\/{rel}","templated":true}]}}