{"id":559060,"date":"2024-09-02T21:10:56","date_gmt":"2024-09-03T03:10:56","guid":{"rendered":"https:\/\/www.zunoticia.com\/noticias-de-hidalgo\/?p=559060"},"modified":"2024-09-02T21:10:57","modified_gmt":"2024-09-03T03:10:57","slug":"no-a-la-eleccion-popular-de-magistrados-ministros-y-jueces-abogados","status":"publish","type":"post","link":"https:\/\/www.zunoticia.com\/noticias-de-hidalgo\/2024\/09\/02\/no-a-la-eleccion-popular-de-magistrados-ministros-y-jueces-abogados\/","title":{"rendered":"No a la elecci\u00f3n popular de magistrados, ministros y jueces: Abogados"},"content":{"rendered":"<aside class=\"mashsb-container mashsb-main mashsb-stretched\"><div class=\"mashsb-box\"><div class=\"mashsb-count mash-large\" style=\"float:left\"><div class=\"counts mashsbcount\">102<\/div><span class=\"mashsb-sharetext\">SHARES<\/span><\/div><div class=\"mashsb-buttons\"><a class=\"mashicon-facebook mash-large mash-center mashsb-noshadow\" href=\"https:\/\/www.facebook.com\/sharer.php?u=https%3A%2F%2Fwww.zunoticia.com%2Fnoticias-de-hidalgo%2F2024%2F09%2F02%2Fno-a-la-eleccion-popular-de-magistrados-ministros-y-jueces-abogados%2F\" target=\"_top\" rel=\"nofollow\"><span class=\"icon\"><\/span><span class=\"text\">Share<\/span><\/a><a class=\"mashicon-twitter mash-large mash-center mashsb-noshadow\" href=\"https:\/\/twitter.com\/intent\/tweet?text=&amp;url=https:\/\/www.zunoticia.com\/noticias-de-hidalgo\/2024\/09\/02\/no-a-la-eleccion-popular-de-magistrados-ministros-y-jueces-abogados\/\" target=\"_top\" rel=\"nofollow\"><span class=\"icon\"><\/span><span class=\"text\">Tweet<\/span><\/a><div class=\"onoffswitch2 mash-large mashsb-noshadow\" style=\"display:none\"><\/div><\/div>\n            <\/div>\n                <div style=\"clear:both\"><\/div><div class=\"mashsb-toggle-container\"><\/div><\/aside>\n            <!-- Share buttons by mashshare.net - Version: 4.0.47-->\n<p><em>Por Karen Rivera\/ Zunoticia<\/em><\/p>\n\n\n\n<p><strong>Huejutla de Reyes, Hgo.-<\/strong> Como en todo, se requieren de reformas para la aplicaci\u00f3n de las leyes, sin embargo, en el Poder Judicial, la elecci\u00f3n popular para los impartidores de justicia no es la m\u00e1s apta, ya que tienen que ser conocedores del tema para impartir justicia y tomar decisiones.<\/p>\n\n\n\n<p>El Abogado litigante H\u00e9ctor Hern\u00e1ndez Hern\u00e1ndez inform\u00f3 que, la Reforma al sistema Judicial contiene muchas novedades, sin embargo, asegur\u00f3 que la elecci\u00f3n popular para la selecci\u00f3n de los impartidores de justicia no es la correcta, ya que cualquiera pudiera ocupar el puesto y se requiere de personas capacitadas y con experiencia.<\/p>\n\n\n\n<p>Dijo, &#8220;Hoy la reforma que se pretende aprobar y que ya fue pasada a la C\u00e1mara de Diputados para su aprobaci\u00f3n, nos enteramos de que su contenido es muy amplio, pero lo m\u00e1s novedoso es que hoy los juzgadores, en este caso los magistrados, los ministros y los jueces, tendr\u00e1n que ser electos de manera popular, como si fuera una elecci\u00f3n de presidentes municipales, diputados locales o presidentes de la rep\u00fablica, ser\u00e1n seleccionados bajo el voto&#8221;.<\/p>\n\n\n\n<p>\u201cOpino desde mi particular punto de vista, creemos que no deber\u00edamos de permitir ese tipo de situaciones, como profesionista del derecho no puedo decidir si se hace o no se hace, pero el poder judicial necesita una reforma, s\u00ed es necesaria y no solo el poder judicial, sino el poder ejecutivo y legislativo, deber\u00edan ser reformados&#8221;.<\/p>\n\n\n\n<p>&#8220;Hoy le toca el poder judicial esta reforma, pero no deber\u00eda de ser de esta manera, porque cualquiera puede tomar decisiones, pero no cualquiera puede impartir justicia; deben de ser personas preparadas en la materia, contar con la experiencia suficiente para poder tomar esas decisiones, porque mucho va a depender la libertad de las personas, una pensi\u00f3n alimenticia, una guarda de custodia y se tiene que ir viendo lo que realmente se requiere&#8221;, argument\u00f3.<\/p>\n\n\n\n<p>&#8220;La reforma judicial, en cuanto a elegir a sus jueces, magistrados y ministros por elecci\u00f3n popular, no deber\u00eda de ser, el ciudadano los elige de manera indirecta, actualmente los ministros de la corte son una propuesta del Presidente de la Rep\u00fablica, son ratificados por el Senado y es el procedimiento que se utiliza&#8221;.<\/p>\n\n\n\n<p>Extern\u00f3 que, hoy esa elecci\u00f3n se pretende que sea directa al voto, asegurando que deja mucho que desear, porque quien llegue a ostentar el cargo, no ser\u00e1 por conocimiento sino por popularidad, lo que entorpecer\u00eda a\u00fan m\u00e1s el sistema y la aplicaci\u00f3n de las leyes.<\/p>\n","protected":false},"excerpt":{"rendered":"<p>Por Karen Rivera\/ Zunoticia Huejutla de Reyes, Hgo.- Como en todo, se requieren de reformas para la aplicaci\u00f3n de las leyes, sin embargo, en el Poder Judicial, la elecci\u00f3n popular para los impartidores de justicia no es la m\u00e1s apta, ya que tienen que ser conocedores del tema para impartir justicia y tomar decisiones. El&hellip; <a class=\"more-link\" href=\"https:\/\/www.zunoticia.com\/noticias-de-hidalgo\/2024\/09\/02\/no-a-la-eleccion-popular-de-magistrados-ministros-y-jueces-abogados\/\">Seguir leyendo <span class=\"screen-reader-text\">No a la elecci\u00f3n popular de magistrados, ministros y jueces: Abogados<\/span><\/a><\/p>\n","protected":false},"author":12,"featured_media":559042,"comment_status":"open","ping_status":"open","sticky":false,"template":"","format":"standard","meta":{"rop_custom_images_group":[],"rop_custom_messages_group":[],"rop_publish_now":"yes","rop_publish_now_accounts":{"facebook_10159540855086992_322828327761733":"#HuejutlaDeReyes #HuastecaHidalguense | Como en todo, se requieren de reformas para la aplicaci\u00f3n de las leyes, sin embargo, en el Poder...\u00a0Ent\u00e9rate\u2b07"},"rop_publish_now_history":[],"rop_publish_now_status":"pending","footnotes":""},"categories":[181],"tags":[121],"class_list":["post-559060","post","type-post","status-publish","format-standard","has-post-thumbnail","hentry","category-huejutla","tag-huejutla","entry"],"_links":{"self":[{"href":"https:\/\/www.zunoticia.com\/noticias-de-hidalgo\/wp-json\/wp\/v2\/posts\/559060","targetHints":{"allow":["GET"]}}],"collection":[{"href":"https:\/\/www.zunoticia.com\/noticias-de-hidalgo\/wp-json\/wp\/v2\/posts"}],"about":[{"href":"https:\/\/www.zunoticia.com\/noticias-de-hidalgo\/wp-json\/wp\/v2\/types\/post"}],"author":[{"embeddable":true,"href":"https:\/\/www.zunoticia.com\/noticias-de-hidalgo\/wp-json\/wp\/v2\/users\/12"}],"replies":[{"embeddable":true,"href":"https:\/\/www.zunoticia.com\/noticias-de-hidalgo\/wp-json\/wp\/v2\/comments?post=559060"}],"version-history":[{"count":1,"href":"https:\/\/www.zunoticia.com\/noticias-de-hidalgo\/wp-json\/wp\/v2\/posts\/559060\/revisions"}],"predecessor-version":[{"id":559063,"href":"https:\/\/www.zunoticia.com\/noticias-de-hidalgo\/wp-json\/wp\/v2\/posts\/559060\/revisions\/559063"}],"wp:featuredmedia":[{"embeddable":true,"href":"https:\/\/www.zunoticia.com\/noticias-de-hidalgo\/wp-json\/wp\/v2\/media\/559042"}],"wp:attachment":[{"href":"https:\/\/www.zunoticia.com\/noticias-de-hidalgo\/wp-json\/wp\/v2\/media?parent=559060"}],"wp:term":[{"taxonomy":"category","embeddable":true,"href":"https:\/\/www.zunoticia.com\/noticias-de-hidalgo\/wp-json\/wp\/v2\/categories?post=559060"},{"taxonomy":"post_tag","embeddable":true,"href":"https:\/\/www.zunoticia.com\/noticias-de-hidalgo\/wp-json\/wp\/v2\/tags?post=559060"}],"curies":[{"name":"wp","href":"https:\/\/api.w.org\/{rel}","templated":true}]}}