{"id":559066,"date":"2024-09-02T21:28:36","date_gmt":"2024-09-03T03:28:36","guid":{"rendered":"https:\/\/www.zunoticia.com\/noticias-de-hidalgo\/?p=559066"},"modified":"2024-09-02T21:28:38","modified_gmt":"2024-09-03T03:28:38","slug":"firmaron-acuerdo-para-la-conformacion-de-la-red-veracruzana-de-nodess","status":"publish","type":"post","link":"https:\/\/www.zunoticia.com\/noticias-de-hidalgo\/2024\/09\/02\/firmaron-acuerdo-para-la-conformacion-de-la-red-veracruzana-de-nodess\/","title":{"rendered":"Firmaron acuerdo para la conformaci\u00f3n de la Red Veracruzana de NODESS"},"content":{"rendered":"<aside class=\"mashsb-container mashsb-main mashsb-stretched\"><div class=\"mashsb-box\"><div class=\"mashsb-count mash-large\" style=\"float:left\"><div class=\"counts mashsbcount\">2<\/div><span class=\"mashsb-sharetext\">SHARES<\/span><\/div><div class=\"mashsb-buttons\"><a class=\"mashicon-facebook mash-large mash-center mashsb-noshadow\" href=\"https:\/\/www.facebook.com\/sharer.php?u=https%3A%2F%2Fwww.zunoticia.com%2Fnoticias-de-hidalgo%2F2024%2F09%2F02%2Ffirmaron-acuerdo-para-la-conformacion-de-la-red-veracruzana-de-nodess%2F\" target=\"_top\" rel=\"nofollow\"><span class=\"icon\"><\/span><span class=\"text\">Share<\/span><\/a><a class=\"mashicon-twitter mash-large mash-center mashsb-noshadow\" href=\"https:\/\/twitter.com\/intent\/tweet?text=&amp;url=https:\/\/www.zunoticia.com\/noticias-de-hidalgo\/2024\/09\/02\/firmaron-acuerdo-para-la-conformacion-de-la-red-veracruzana-de-nodess\/\" target=\"_top\" rel=\"nofollow\"><span class=\"icon\"><\/span><span class=\"text\">Tweet<\/span><\/a><div class=\"onoffswitch2 mash-large mashsb-noshadow\" style=\"display:none\"><\/div><\/div>\n            <\/div>\n                <div style=\"clear:both\"><\/div><div class=\"mashsb-toggle-container\"><\/div><\/aside>\n            <!-- Share buttons by mashshare.net - Version: 4.0.47-->\n<p><em>Por Karen Rivera\/ Zunoticia<\/em><\/p>\n\n\n\n<p><strong>Huejutla de Reyes, Hgo.-<\/strong> Con el prop\u00f3sito de conformar un nodo de impulso a la econom\u00eda social y solidaria, en Tantoyuca, Veracruz, el Instituto Tecnol\u00f3gico de Huejutla, hizo acto de presencia con el NODESS &#8220;Citricultores de Los Parajes&#8221;, donde firmaron un acuerdo para la conformaci\u00f3n de la &#8220;Red veracruzana de NODESS&#8221; y la &#8220;Red Regional de NODESS Territorio Huasteco&#8221;.<\/p>\n\n\n\n<p>El evento estuvo a cargo del Doctor Francisco Gerardo Ponce del \u00c1ngel, coordinador del NODESS &#8220;Territorio Huasteca Digna&#8221;; se cont\u00f3 con la presencia del Doctor \u00d3scar del \u00c1ngel Pi\u00f1a, director del TecNM &#8211; Tantoyuca, quien acudi\u00f3 en representaci\u00f3n de la maestra Lisset Camacho Mu\u00f1oz, de la Subsecretar\u00eda de Educaci\u00f3n Media Superior y Superior de Veracruz; tambi\u00e9n hizo acto de presencia el director del Instituto Tecnol\u00f3gico de Huejutla, Evaristo Rogaciano L\u00f3pez Hern\u00e1ndez; la ingeniero Egleyde G\u00f3mez Nochebuena, subdirectora de planeaci\u00f3n y vinculaci\u00f3n; maestro Jacobo Antonio Cruz, subdirectora acad\u00e9mico; la licenciada Mayrely Nava Guzm\u00e1n, jefa del departamento de gesti\u00f3n tecnol\u00f3gica y vinculaci\u00f3n coordinadora del NODESS; en representaci\u00f3n del grupo de citricultores de Los Parajes, acudieron Esteban Cruz Ch\u00e1vez y Alejandro Delgado Hern\u00e1ndez, entre otras personalidades.<\/p>\n\n\n\n<p>La Red Regional de NODESS &#8220;Territorio Huasteco&#8221; est\u00e1 conformada por 18 nodos de los estados de Hidalgo, San Luis Potos\u00ed, Tamaulipas y Veracruz.<\/p>\n\n\n\n<p>La final de este proyecto es desarrollar una plataforma de intercambio con los diversos actores e instancias de los NODESS que integran la red regional Territorio Huasteco, donde cuenten con un espacio de encuentro desde sus quehaceres para descifrar las estrategias, acciones, metodolog\u00edas, pol\u00edticas p\u00fablicas y efectuar sus pr\u00e1cticas.<\/p>\n\n\n\n<p>Con esto se pretende lograr la transferencia de conocimiento, el di\u00e1logo, acompa\u00f1amiento y la cooperaci\u00f3n que impulse una articulaci\u00f3n a nivel regional y nacional para detonar y fortalecer, crear e impulsar diferentes proyectos de econom\u00eda social y solidaria.<\/p>\n\n\n\n<p>Tambi\u00e9n a este evento hicieron acto productores, artesanos, apicultores y los diferentes directores de los tecnol\u00f3gicos de Hidalgo, San Luis Potos\u00ed, Tamaulipas y Veracruz.<\/p>\n","protected":false},"excerpt":{"rendered":"<p>Por Karen Rivera\/ Zunoticia Huejutla de Reyes, Hgo.- Con el prop\u00f3sito de conformar un nodo de impulso a la econom\u00eda social y solidaria, en Tantoyuca, Veracruz, el Instituto Tecnol\u00f3gico de Huejutla, hizo acto de presencia con el NODESS &#8220;Citricultores de Los Parajes&#8221;, donde firmaron un acuerdo para la conformaci\u00f3n de la &#8220;Red veracruzana de NODESS&#8221;&hellip; <a class=\"more-link\" href=\"https:\/\/www.zunoticia.com\/noticias-de-hidalgo\/2024\/09\/02\/firmaron-acuerdo-para-la-conformacion-de-la-red-veracruzana-de-nodess\/\">Seguir leyendo <span class=\"screen-reader-text\">Firmaron acuerdo para la conformaci\u00f3n de la Red Veracruzana de NODESS<\/span><\/a><\/p>\n","protected":false},"author":12,"featured_media":559045,"comment_status":"open","ping_status":"open","sticky":false,"template":"","format":"standard","meta":{"rop_custom_images_group":[],"rop_custom_messages_group":[],"rop_publish_now":"yes","rop_publish_now_accounts":{"facebook_10159540855086992_322828327761733":"#HuejutlaDeReyes #HuastecaHidalguense | Con el prop\u00f3sito de conformar un nodo de impulso a la econom\u00eda social y solidaria, en...\u00a0Ent\u00e9rate\u2b07"},"rop_publish_now_history":[],"rop_publish_now_status":"pending","footnotes":""},"categories":[181],"tags":[121],"class_list":["post-559066","post","type-post","status-publish","format-standard","has-post-thumbnail","hentry","category-huejutla","tag-huejutla","entry"],"_links":{"self":[{"href":"https:\/\/www.zunoticia.com\/noticias-de-hidalgo\/wp-json\/wp\/v2\/posts\/559066","targetHints":{"allow":["GET"]}}],"collection":[{"href":"https:\/\/www.zunoticia.com\/noticias-de-hidalgo\/wp-json\/wp\/v2\/posts"}],"about":[{"href":"https:\/\/www.zunoticia.com\/noticias-de-hidalgo\/wp-json\/wp\/v2\/types\/post"}],"author":[{"embeddable":true,"href":"https:\/\/www.zunoticia.com\/noticias-de-hidalgo\/wp-json\/wp\/v2\/users\/12"}],"replies":[{"embeddable":true,"href":"https:\/\/www.zunoticia.com\/noticias-de-hidalgo\/wp-json\/wp\/v2\/comments?post=559066"}],"version-history":[{"count":1,"href":"https:\/\/www.zunoticia.com\/noticias-de-hidalgo\/wp-json\/wp\/v2\/posts\/559066\/revisions"}],"predecessor-version":[{"id":559068,"href":"https:\/\/www.zunoticia.com\/noticias-de-hidalgo\/wp-json\/wp\/v2\/posts\/559066\/revisions\/559068"}],"wp:featuredmedia":[{"embeddable":true,"href":"https:\/\/www.zunoticia.com\/noticias-de-hidalgo\/wp-json\/wp\/v2\/media\/559045"}],"wp:attachment":[{"href":"https:\/\/www.zunoticia.com\/noticias-de-hidalgo\/wp-json\/wp\/v2\/media?parent=559066"}],"wp:term":[{"taxonomy":"category","embeddable":true,"href":"https:\/\/www.zunoticia.com\/noticias-de-hidalgo\/wp-json\/wp\/v2\/categories?post=559066"},{"taxonomy":"post_tag","embeddable":true,"href":"https:\/\/www.zunoticia.com\/noticias-de-hidalgo\/wp-json\/wp\/v2\/tags?post=559066"}],"curies":[{"name":"wp","href":"https:\/\/api.w.org\/{rel}","templated":true}]}}