{"id":559109,"date":"2024-09-03T14:36:48","date_gmt":"2024-09-03T20:36:48","guid":{"rendered":"https:\/\/www.zunoticia.com\/noticias-de-hidalgo\/?p=559109"},"modified":"2024-09-03T14:36:49","modified_gmt":"2024-09-03T20:36:49","slug":"imparten-conferencia-magistral-el-plan-de-estudios-2022","status":"publish","type":"post","link":"https:\/\/www.zunoticia.com\/noticias-de-hidalgo\/2024\/09\/03\/imparten-conferencia-magistral-el-plan-de-estudios-2022\/","title":{"rendered":"Imparten Conferencia Magistral El Plan de Estudios 2022"},"content":{"rendered":"<aside class=\"mashsb-container mashsb-main mashsb-stretched\"><div class=\"mashsb-box\"><div class=\"mashsb-count mash-large\" style=\"float:left\"><div class=\"counts mashsbcount\">67<\/div><span class=\"mashsb-sharetext\">SHARES<\/span><\/div><div class=\"mashsb-buttons\"><a class=\"mashicon-facebook mash-large mash-center mashsb-noshadow\" href=\"https:\/\/www.facebook.com\/sharer.php?u=https%3A%2F%2Fwww.zunoticia.com%2Fnoticias-de-hidalgo%2F2024%2F09%2F03%2Fimparten-conferencia-magistral-el-plan-de-estudios-2022%2F\" target=\"_top\" rel=\"nofollow\"><span class=\"icon\"><\/span><span class=\"text\">Share<\/span><\/a><a class=\"mashicon-twitter mash-large mash-center mashsb-noshadow\" href=\"https:\/\/twitter.com\/intent\/tweet?text=&amp;url=https:\/\/www.zunoticia.com\/noticias-de-hidalgo\/2024\/09\/03\/imparten-conferencia-magistral-el-plan-de-estudios-2022\/\" target=\"_top\" rel=\"nofollow\"><span class=\"icon\"><\/span><span class=\"text\">Tweet<\/span><\/a><div class=\"onoffswitch2 mash-large mashsb-noshadow\" style=\"display:none\"><\/div><\/div>\n            <\/div>\n                <div style=\"clear:both\"><\/div><div class=\"mashsb-toggle-container\"><\/div><\/aside>\n            <!-- Share buttons by mashshare.net - Version: 4.0.47-->\n<p><em>Por Enedino Hern\u00e1ndez\/Zunoticia<\/em><\/p>\n\n\n\n<p><strong>Huejutla, Hgo.-<\/strong> Maestros de diversas instituciones educativas del nivel b\u00e1sico, as\u00ed como alumnos de la Universidad Pedag\u00f3gica Nacional (UPN) Huejutla y de la Escuela Normal de las Huastecas participaron en la Conferencia Magistral &#8220;El Plan de Estudios 2022&#8230;&#8221;.<\/p>\n\n\n\n<p>La Conferencia Magistral &#8216;El Plan de Estudios 2022, los Programas y los Libros de Texto como Instrumento para la Construcci\u00f3n de Ciudadan\u00eda transformadora de la comunidad en el marco de la Nueva Escuela Mexicana&#8221; fue impartida por el Ponente Dr. Marx Arriaga Navarro, Director de Materiales Educativos de la SEP.<\/p>\n\n\n\n<figure class=\"wp-block-image size-full\"><img fetchpriority=\"high\" decoding=\"async\" width=\"1200\" height=\"630\" src=\"https:\/\/www.zunoticia.com\/noticias-de-hidalgo\/wp-content\/uploads\/2024\/09\/conferencia2.jpg\" alt=\"\" class=\"wp-image-559100\"\/><\/figure>\n\n\n\n<p>Es importante se\u00f1alar que la Conferencia Magistral fue organizada oportunamente por la Escuela Primaria General &#8220;Ildefonso Vel\u00e1zquez Ibarra&#8221;, turno vespertino, Supervisi\u00f3n Escolar 008 de esta ciudad de Huejutla de Reyes.<\/p>\n\n\n\n<p>La presentaci\u00f3n y palabras de bienvenida estuvieron a cargo del profesor Eduardo Hern\u00e1ndez Lara, director de la instituci\u00f3n antes mencionada del centro de Huejutla, quien reconoci\u00f3 a los alumnos y maestros el inter\u00e9s mostrado en esta Conferencia Magistral dictada por el Director de Materiales Educativos de la SEP, Dr. Marx Arriaga Navarro.<\/p>\n\n\n\n<figure class=\"wp-block-image size-full\"><img decoding=\"async\" width=\"1200\" height=\"630\" src=\"https:\/\/www.zunoticia.com\/noticias-de-hidalgo\/wp-content\/uploads\/2024\/09\/conferencia3.jpg\" alt=\"\" class=\"wp-image-559099\"\/><\/figure>\n\n\n\n<p>La Conferencia Magistral se llev\u00f3 a cabo despu\u00e9s de las 11 horas de este martes 3 de septiembre en un conocido sal\u00f3n de esta ciudad de Huejutla de Reyes, en la cual los maestros y alumnos escucharon con atenci\u00f3n al Ponente.<\/p>\n\n\n\n<p>Primeramente, se abordaron situaciones relacionadas con el reconocimiento de un conflicto, y las estrategias necesarias e indispensables que deben de aplicarse para darles la soluci\u00f3n correspondiente a los mismos.<\/p>\n\n\n\n<p>Alumnos y maestros escucharon con atenci\u00f3n el desarrollo de esta Conferencia Magistral El Plan de Estudios 2022 que fue de gran impacto para los asistentes quienes conocieron mayores detalles de los Programas y los Libros de Texto como Instrumento para la Construcci\u00f3n de Ciudadan\u00eda transformadora de la comunidad en el marco de la Nueva Escuela Mexicana.<\/p>\n\n\n\n<figure class=\"wp-block-image size-full\"><img decoding=\"async\" width=\"1200\" height=\"630\" src=\"https:\/\/www.zunoticia.com\/noticias-de-hidalgo\/wp-content\/uploads\/2024\/09\/conferenci4.jpg\" alt=\"\" class=\"wp-image-559098\"\/><\/figure>\n","protected":false},"excerpt":{"rendered":"<p>Por Enedino Hern\u00e1ndez\/Zunoticia Huejutla, Hgo.- Maestros de diversas instituciones educativas del nivel b\u00e1sico, as\u00ed como alumnos de la Universidad Pedag\u00f3gica Nacional (UPN) Huejutla y de la Escuela Normal de las Huastecas participaron en la Conferencia Magistral &#8220;El Plan de Estudios 2022&#8230;&#8221;. La Conferencia Magistral &#8216;El Plan de Estudios 2022, los Programas y los Libros de&hellip; <a class=\"more-link\" href=\"https:\/\/www.zunoticia.com\/noticias-de-hidalgo\/2024\/09\/03\/imparten-conferencia-magistral-el-plan-de-estudios-2022\/\">Seguir leyendo <span class=\"screen-reader-text\">Imparten Conferencia Magistral El Plan de Estudios 2022<\/span><\/a><\/p>\n","protected":false},"author":13,"featured_media":559101,"comment_status":"open","ping_status":"open","sticky":false,"template":"","format":"standard","meta":{"rop_custom_images_group":[],"rop_custom_messages_group":[],"rop_publish_now":"yes","rop_publish_now_accounts":{"facebook_10159540855086992_322828327761733":"#Huejutla | Maestros de diversas instituciones educativas del nivel b\u00e1sico, as\u00ed como alumnos de la Universidad Pedag\u00f3gica Nacional (UPN) Huejutla y de la Escuela Normal de las Huastecas participaron en la Conferencia Magistral."},"rop_publish_now_history":[],"rop_publish_now_status":"pending","footnotes":""},"categories":[181],"tags":[121],"class_list":["post-559109","post","type-post","status-publish","format-standard","has-post-thumbnail","hentry","category-huejutla","tag-huejutla","entry"],"_links":{"self":[{"href":"https:\/\/www.zunoticia.com\/noticias-de-hidalgo\/wp-json\/wp\/v2\/posts\/559109","targetHints":{"allow":["GET"]}}],"collection":[{"href":"https:\/\/www.zunoticia.com\/noticias-de-hidalgo\/wp-json\/wp\/v2\/posts"}],"about":[{"href":"https:\/\/www.zunoticia.com\/noticias-de-hidalgo\/wp-json\/wp\/v2\/types\/post"}],"author":[{"embeddable":true,"href":"https:\/\/www.zunoticia.com\/noticias-de-hidalgo\/wp-json\/wp\/v2\/users\/13"}],"replies":[{"embeddable":true,"href":"https:\/\/www.zunoticia.com\/noticias-de-hidalgo\/wp-json\/wp\/v2\/comments?post=559109"}],"version-history":[{"count":1,"href":"https:\/\/www.zunoticia.com\/noticias-de-hidalgo\/wp-json\/wp\/v2\/posts\/559109\/revisions"}],"predecessor-version":[{"id":559110,"href":"https:\/\/www.zunoticia.com\/noticias-de-hidalgo\/wp-json\/wp\/v2\/posts\/559109\/revisions\/559110"}],"wp:featuredmedia":[{"embeddable":true,"href":"https:\/\/www.zunoticia.com\/noticias-de-hidalgo\/wp-json\/wp\/v2\/media\/559101"}],"wp:attachment":[{"href":"https:\/\/www.zunoticia.com\/noticias-de-hidalgo\/wp-json\/wp\/v2\/media?parent=559109"}],"wp:term":[{"taxonomy":"category","embeddable":true,"href":"https:\/\/www.zunoticia.com\/noticias-de-hidalgo\/wp-json\/wp\/v2\/categories?post=559109"},{"taxonomy":"post_tag","embeddable":true,"href":"https:\/\/www.zunoticia.com\/noticias-de-hidalgo\/wp-json\/wp\/v2\/tags?post=559109"}],"curies":[{"name":"wp","href":"https:\/\/api.w.org\/{rel}","templated":true}]}}