{"id":559449,"date":"2024-09-05T10:26:59","date_gmt":"2024-09-05T16:26:59","guid":{"rendered":"https:\/\/www.zunoticia.com\/noticias-de-hidalgo\/?p=559449"},"modified":"2024-09-05T10:27:00","modified_gmt":"2024-09-05T16:27:00","slug":"suspenden-servicios-en-la-presidencia-municipal-por-transicion-de-poderes","status":"publish","type":"post","link":"https:\/\/www.zunoticia.com\/noticias-de-hidalgo\/2024\/09\/05\/suspenden-servicios-en-la-presidencia-municipal-por-transicion-de-poderes\/","title":{"rendered":"Suspenden servicios en la Presidencia Municipal por transici\u00f3n de poderes"},"content":{"rendered":"<aside class=\"mashsb-container mashsb-main mashsb-stretched\"><div class=\"mashsb-box\"><div class=\"mashsb-count mash-large\" style=\"float:left\"><div class=\"counts mashsbcount\">18<\/div><span class=\"mashsb-sharetext\">SHARES<\/span><\/div><div class=\"mashsb-buttons\"><a class=\"mashicon-facebook mash-large mash-center mashsb-noshadow\" href=\"https:\/\/www.facebook.com\/sharer.php?u=https%3A%2F%2Fwww.zunoticia.com%2Fnoticias-de-hidalgo%2F2024%2F09%2F05%2Fsuspenden-servicios-en-la-presidencia-municipal-por-transicion-de-poderes%2F\" target=\"_top\" rel=\"nofollow\"><span class=\"icon\"><\/span><span class=\"text\">Share<\/span><\/a><a class=\"mashicon-twitter mash-large mash-center mashsb-noshadow\" href=\"https:\/\/twitter.com\/intent\/tweet?text=&amp;url=https:\/\/www.zunoticia.com\/noticias-de-hidalgo\/2024\/09\/05\/suspenden-servicios-en-la-presidencia-municipal-por-transicion-de-poderes\/\" target=\"_top\" rel=\"nofollow\"><span class=\"icon\"><\/span><span class=\"text\">Tweet<\/span><\/a><div class=\"onoffswitch2 mash-large mashsb-noshadow\" style=\"display:none\"><\/div><\/div>\n            <\/div>\n                <div style=\"clear:both\"><\/div><div class=\"mashsb-toggle-container\"><\/div><\/aside>\n            <!-- Share buttons by mashshare.net - Version: 4.0.47-->\n<p>Por Enedino Hern\u00e1ndez\/Zunoticia<\/p>\n\n\n\n<p><strong>Huejutla, Hidalgo.-<\/strong> Con motivo de la transici\u00f3n de poderes las diversas \u00e1reas de la Presidencia Municipal de Huejutla de Reyes suspenden sus actividades durante los d\u00edas 5 y 6 de septiembre.<\/p>\n\n\n\n<p>Con toda oportunidad en el acceso principal a la Presidencia Municipal ha sido colocado un comunicado oficial en la cual se da a conocer esta disposici\u00f3n dirigido a la ciudadan\u00eda.<\/p>\n\n\n\n<p>&#8220;Les informamos que, con motivo de la transici\u00f3n en la cabecera municipal, los d\u00edas jueves 5 y viernes 6 del presente mes los servicios en nuestras oficinas municipales se ver\u00e1n suspendidos.<\/p>\n\n\n\n<p>Este periodo de ajuste es necesario para garantizar una transici\u00f3n eficiente y ordenada, as\u00ed asegurando que nuestra gesti\u00f3n se lleve a cabo con la mayor calidad y responsabilidad&#8221;.<\/p>\n\n\n\n<figure class=\"wp-block-image size-full\"><img fetchpriority=\"high\" decoding=\"async\" width=\"1599\" height=\"1200\" src=\"https:\/\/www.zunoticia.com\/noticias-de-hidalgo\/wp-content\/uploads\/2024\/09\/Comunicado2.jpeg\" alt=\"\" class=\"wp-image-559450\"\/><\/figure>\n\n\n\n<p>Asimismo, se destaca que las actividades y servicios se reanudar\u00e1n con normalidad el d\u00eda lunes 9 de septiembre, con el compromiso de seguir brindando la atenci\u00f3n que nuestra ciudadan\u00eda merece&#8221;.<\/p>\n\n\n\n<p>Finalmente, se agradece la comprensi\u00f3n y colaboraci\u00f3n en este proceso de cambio; seguros de que esta etapa fortalecer\u00e1 nuestras instituciones para el beneficio de todas y todos.<\/p>\n","protected":false},"excerpt":{"rendered":"<p>Por Enedino Hern\u00e1ndez\/Zunoticia Huejutla, Hidalgo.- Con motivo de la transici\u00f3n de poderes las diversas \u00e1reas de la Presidencia Municipal de Huejutla de Reyes suspenden sus actividades durante los d\u00edas 5 y 6 de septiembre. Con toda oportunidad en el acceso principal a la Presidencia Municipal ha sido colocado un comunicado oficial en la cual se&hellip; <a class=\"more-link\" href=\"https:\/\/www.zunoticia.com\/noticias-de-hidalgo\/2024\/09\/05\/suspenden-servicios-en-la-presidencia-municipal-por-transicion-de-poderes\/\">Seguir leyendo <span class=\"screen-reader-text\">Suspenden servicios en la Presidencia Municipal por transici\u00f3n de poderes<\/span><\/a><\/p>\n","protected":false},"author":23,"featured_media":559451,"comment_status":"open","ping_status":"open","sticky":false,"template":"","format":"standard","meta":{"rop_custom_images_group":[],"rop_custom_messages_group":[],"rop_publish_now":"initial","rop_publish_now_accounts":{"facebook_10159540855086992_322828327761733":""},"rop_publish_now_history":[],"rop_publish_now_status":"pending","footnotes":""},"categories":[181],"tags":[121],"class_list":["post-559449","post","type-post","status-publish","format-standard","has-post-thumbnail","hentry","category-huejutla","tag-huejutla","entry"],"_links":{"self":[{"href":"https:\/\/www.zunoticia.com\/noticias-de-hidalgo\/wp-json\/wp\/v2\/posts\/559449","targetHints":{"allow":["GET"]}}],"collection":[{"href":"https:\/\/www.zunoticia.com\/noticias-de-hidalgo\/wp-json\/wp\/v2\/posts"}],"about":[{"href":"https:\/\/www.zunoticia.com\/noticias-de-hidalgo\/wp-json\/wp\/v2\/types\/post"}],"author":[{"embeddable":true,"href":"https:\/\/www.zunoticia.com\/noticias-de-hidalgo\/wp-json\/wp\/v2\/users\/23"}],"replies":[{"embeddable":true,"href":"https:\/\/www.zunoticia.com\/noticias-de-hidalgo\/wp-json\/wp\/v2\/comments?post=559449"}],"version-history":[{"count":1,"href":"https:\/\/www.zunoticia.com\/noticias-de-hidalgo\/wp-json\/wp\/v2\/posts\/559449\/revisions"}],"predecessor-version":[{"id":559452,"href":"https:\/\/www.zunoticia.com\/noticias-de-hidalgo\/wp-json\/wp\/v2\/posts\/559449\/revisions\/559452"}],"wp:featuredmedia":[{"embeddable":true,"href":"https:\/\/www.zunoticia.com\/noticias-de-hidalgo\/wp-json\/wp\/v2\/media\/559451"}],"wp:attachment":[{"href":"https:\/\/www.zunoticia.com\/noticias-de-hidalgo\/wp-json\/wp\/v2\/media?parent=559449"}],"wp:term":[{"taxonomy":"category","embeddable":true,"href":"https:\/\/www.zunoticia.com\/noticias-de-hidalgo\/wp-json\/wp\/v2\/categories?post=559449"},{"taxonomy":"post_tag","embeddable":true,"href":"https:\/\/www.zunoticia.com\/noticias-de-hidalgo\/wp-json\/wp\/v2\/tags?post=559449"}],"curies":[{"name":"wp","href":"https:\/\/api.w.org\/{rel}","templated":true}]}}