{"id":559475,"date":"2024-09-05T13:11:59","date_gmt":"2024-09-05T19:11:59","guid":{"rendered":"https:\/\/www.zunoticia.com\/noticias-de-hidalgo\/?p=559475"},"modified":"2024-09-05T13:12:01","modified_gmt":"2024-09-05T19:12:01","slug":"se-quemo-vivienda-3","status":"publish","type":"post","link":"https:\/\/www.zunoticia.com\/noticias-de-hidalgo\/2024\/09\/05\/se-quemo-vivienda-3\/","title":{"rendered":"Se quem\u00f3 vivienda"},"content":{"rendered":"<aside class=\"mashsb-container mashsb-main mashsb-stretched\"><div class=\"mashsb-box\"><div class=\"mashsb-count mash-large\" style=\"float:left\"><div class=\"counts mashsbcount\">0<\/div><span class=\"mashsb-sharetext\">SHARES<\/span><\/div><div class=\"mashsb-buttons\"><a class=\"mashicon-facebook mash-large mash-center mashsb-noshadow\" href=\"https:\/\/www.facebook.com\/sharer.php?u=https%3A%2F%2Fwww.zunoticia.com%2Fnoticias-de-hidalgo%2F2024%2F09%2F05%2Fse-quemo-vivienda-3%2F\" target=\"_top\" rel=\"nofollow\"><span class=\"icon\"><\/span><span class=\"text\">Share<\/span><\/a><a class=\"mashicon-twitter mash-large mash-center mashsb-noshadow\" href=\"https:\/\/twitter.com\/intent\/tweet?text=&amp;url=https:\/\/www.zunoticia.com\/noticias-de-hidalgo\/2024\/09\/05\/se-quemo-vivienda-3\/\" target=\"_top\" rel=\"nofollow\"><span class=\"icon\"><\/span><span class=\"text\">Tweet<\/span><\/a><div class=\"onoffswitch2 mash-large mashsb-noshadow\" style=\"display:none\"><\/div><\/div>\n            <\/div>\n                <div style=\"clear:both\"><\/div><div class=\"mashsb-toggle-container\"><\/div><\/aside>\n            <!-- Share buttons by mashshare.net - Version: 4.0.47-->\n<p><em>Por Francisco Rosas\/Zunoticia<\/em><\/p>\n\n\n\n<p><strong>Plat\u00f3n S\u00e1nchez, Ver.-<\/strong> Por causas hasta el momento desconocidas, la madrugada de este jueves, un voraz incendio arras\u00f3 con una casa habitaci\u00f3n, en la colonia La Rivera de la cabecera de este municipio.<\/p>\n\n\n\n<p>El fuego consumi\u00f3 dos cuartos y una sala, donde hab\u00eda mobiliario como sillas de pl\u00e1stico, ropa, un ropero, camas, dos tanques de gas, madera y dem\u00e1s pertenencias.<\/p>\n\n\n\n<figure class=\"wp-block-image size-full\"><img fetchpriority=\"high\" decoding=\"async\" width=\"1599\" height=\"899\" src=\"https:\/\/www.zunoticia.com\/noticias-de-hidalgo\/wp-content\/uploads\/2024\/09\/WhatsApp-Image-2024-09-05-at-13.07.18-1.jpeg\" alt=\"\" class=\"wp-image-559476\"\/><\/figure>\n\n\n\n<p>El \u00edgneo moviliz\u00f3 al personal de Protecci\u00f3n Civil Municipal e integrantes del Heroico Cuerpo de Bomberos de la ciudad de Huejutla de Reyes, Hidalgo, quienes apagaron el fuego con 750 galones de agua del cami\u00f3n bomba.<\/p>\n\n\n\n<p>En la vivienda propiedad de Miguel Sobrevilla, de 43 a\u00f1os, no hab\u00eda ninguna persona, por lo que se desconocen las causas que originaron el incendio.<\/p>\n","protected":false},"excerpt":{"rendered":"<p>Por Francisco Rosas\/Zunoticia Plat\u00f3n S\u00e1nchez, Ver.- Por causas hasta el momento desconocidas, la madrugada de este jueves, un voraz incendio arras\u00f3 con una casa habitaci\u00f3n, en la colonia La Rivera de la cabecera de este municipio. El fuego consumi\u00f3 dos cuartos y una sala, donde hab\u00eda mobiliario como sillas de pl\u00e1stico, ropa, un ropero, camas,&hellip; <a class=\"more-link\" href=\"https:\/\/www.zunoticia.com\/noticias-de-hidalgo\/2024\/09\/05\/se-quemo-vivienda-3\/\">Seguir leyendo <span class=\"screen-reader-text\">Se quem\u00f3 vivienda<\/span><\/a><\/p>\n","protected":false},"author":13,"featured_media":559477,"comment_status":"open","ping_status":"open","sticky":false,"template":"","format":"standard","meta":{"rop_custom_images_group":[],"rop_custom_messages_group":[],"rop_publish_now":"yes","rop_publish_now_accounts":{"facebook_10159540855086992_322828327761733":"#Policiaca #Plat\u00f3nS\u00e1nchez | Por causas hasta el momento desconocidas, la madrugada de este jueves, un voraz incendio arras\u00f3 con una casa habitaci\u00f3n."},"rop_publish_now_history":[],"rop_publish_now_status":"pending","footnotes":""},"categories":[1],"tags":[],"class_list":["post-559475","post","type-post","status-publish","format-standard","has-post-thumbnail","hentry","category-sin-categoria","entry"],"_links":{"self":[{"href":"https:\/\/www.zunoticia.com\/noticias-de-hidalgo\/wp-json\/wp\/v2\/posts\/559475","targetHints":{"allow":["GET"]}}],"collection":[{"href":"https:\/\/www.zunoticia.com\/noticias-de-hidalgo\/wp-json\/wp\/v2\/posts"}],"about":[{"href":"https:\/\/www.zunoticia.com\/noticias-de-hidalgo\/wp-json\/wp\/v2\/types\/post"}],"author":[{"embeddable":true,"href":"https:\/\/www.zunoticia.com\/noticias-de-hidalgo\/wp-json\/wp\/v2\/users\/13"}],"replies":[{"embeddable":true,"href":"https:\/\/www.zunoticia.com\/noticias-de-hidalgo\/wp-json\/wp\/v2\/comments?post=559475"}],"version-history":[{"count":1,"href":"https:\/\/www.zunoticia.com\/noticias-de-hidalgo\/wp-json\/wp\/v2\/posts\/559475\/revisions"}],"predecessor-version":[{"id":559478,"href":"https:\/\/www.zunoticia.com\/noticias-de-hidalgo\/wp-json\/wp\/v2\/posts\/559475\/revisions\/559478"}],"wp:featuredmedia":[{"embeddable":true,"href":"https:\/\/www.zunoticia.com\/noticias-de-hidalgo\/wp-json\/wp\/v2\/media\/559477"}],"wp:attachment":[{"href":"https:\/\/www.zunoticia.com\/noticias-de-hidalgo\/wp-json\/wp\/v2\/media?parent=559475"}],"wp:term":[{"taxonomy":"category","embeddable":true,"href":"https:\/\/www.zunoticia.com\/noticias-de-hidalgo\/wp-json\/wp\/v2\/categories?post=559475"},{"taxonomy":"post_tag","embeddable":true,"href":"https:\/\/www.zunoticia.com\/noticias-de-hidalgo\/wp-json\/wp\/v2\/tags?post=559475"}],"curies":[{"name":"wp","href":"https:\/\/api.w.org\/{rel}","templated":true}]}}