{"id":559488,"date":"2024-09-05T16:25:36","date_gmt":"2024-09-05T22:25:36","guid":{"rendered":"https:\/\/www.zunoticia.com\/noticias-de-hidalgo\/?p=559488"},"modified":"2024-09-05T16:25:38","modified_gmt":"2024-09-05T22:25:38","slug":"vamos-por-un-huejutla-mas-justo-y-con-mas-oportunidades-alfredo-san-roman","status":"publish","type":"post","link":"https:\/\/www.zunoticia.com\/noticias-de-hidalgo\/2024\/09\/05\/vamos-por-un-huejutla-mas-justo-y-con-mas-oportunidades-alfredo-san-roman\/","title":{"rendered":"Vamos por un Huejutla m\u00e1s justo y con m\u00e1s oportunidades: Alfredo San Rom\u00e1n"},"content":{"rendered":"<aside class=\"mashsb-container mashsb-main mashsb-stretched\"><div class=\"mashsb-box\"><div class=\"mashsb-count mash-large\" style=\"float:left\"><div class=\"counts mashsbcount\">26<\/div><span class=\"mashsb-sharetext\">SHARES<\/span><\/div><div class=\"mashsb-buttons\"><a class=\"mashicon-facebook mash-large mash-center mashsb-noshadow\" href=\"https:\/\/www.facebook.com\/sharer.php?u=https%3A%2F%2Fwww.zunoticia.com%2Fnoticias-de-hidalgo%2F2024%2F09%2F05%2Fvamos-por-un-huejutla-mas-justo-y-con-mas-oportunidades-alfredo-san-roman%2F\" target=\"_top\" rel=\"nofollow\"><span class=\"icon\"><\/span><span class=\"text\">Share<\/span><\/a><a class=\"mashicon-twitter mash-large mash-center mashsb-noshadow\" href=\"https:\/\/twitter.com\/intent\/tweet?text=&amp;url=https:\/\/www.zunoticia.com\/noticias-de-hidalgo\/2024\/09\/05\/vamos-por-un-huejutla-mas-justo-y-con-mas-oportunidades-alfredo-san-roman\/\" target=\"_top\" rel=\"nofollow\"><span class=\"icon\"><\/span><span class=\"text\">Tweet<\/span><\/a><div class=\"onoffswitch2 mash-large mashsb-noshadow\" style=\"display:none\"><\/div><\/div>\n            <\/div>\n                <div style=\"clear:both\"><\/div><div class=\"mashsb-toggle-container\"><\/div><\/aside>\n            <!-- Share buttons by mashshare.net - Version: 4.0.47-->\n<ul class=\"wp-block-list\">\n<li>\u201cNo venimos a prometer lo imposible, venimos a trabajar de manera incansable, a escuchar y aprender, a ser un gobierno que cumpla, que mire de frente y que act\u00fae con justicia y equidad\u201d<\/li>\n<\/ul>\n\n\n\n<p>Por \u00c1ngel Osiris Castillo Garc\u00eda\/Zunoticia<\/p>\n\n\n\n<p><strong>Huejutla de Reyes, Hgo.-<\/strong> En un evento en el que se cont\u00f3 con la representaci\u00f3n tanto de las comunidades y de la zona urbana, as\u00ed como del sector pol\u00edtico y empresarial, se llev\u00f3 a cabo la toma de protesta del nuevo Ayuntamiento, encabezada por Jos\u00e9 Alfredo San Rom\u00e1n Duval, quien en su discurso destac\u00f3 la importancia de promover la educaci\u00f3n y abatir la desigualdad, adem\u00e1s de refrendar su apoyo al gobierno estatal y federal para trabajar en conjunto.<\/p>\n\n\n\n<p>En el evento estuvieron presentes como invitados especiales \u00c1lvaro Mart\u00edn Bardales, Secretario de la Contralor\u00eda del Estado; Coronel de Infanter\u00eda, diplomado del Estado Mayor, V\u00edctor Cordero, Comandante del 84 Batall\u00f3n de infanter\u00eda de Huejutla, Juan Manuel Rosas, agente encargado de la Guardia Nacional, Carlos Fayad Ruiz, exalcalde, Ra\u00fal Badillo Ram\u00edrez, exalcalde; Daniel Andrade Zurutuza, exalcalde Diputado Federal, Distrito I, Jos\u00e9 de Jes\u00fas V\u00e1zquez Contreras, juez de control y enjuiciamiento en el quinto circuito judicial con sede en Huejutla, Alberto T\u00e9llez Gir\u00f3n delegado de la oficina de SSP de Huejutla, Antonio Mandujano, empresario, Felipe Ahumada Arteaga empresario, Gerardo Guti\u00e9rrez Nava, Secretario de Finanzas del Comit\u00e9 Estatal de Morena.<\/p>\n\n\n\n<figure class=\"wp-block-image size-full\"><img fetchpriority=\"high\" decoding=\"async\" width=\"1200\" height=\"630\" src=\"https:\/\/www.zunoticia.com\/noticias-de-hidalgo\/wp-content\/uploads\/2024\/09\/san-roman2.jpg\" alt=\"\" class=\"wp-image-559491\"\/><\/figure>\n\n\n\n<p>Primeramente, el nuevo alcalde Alfredo San Rom\u00e1n Duval rindi\u00f3 protesta ante los presentes, como Presidente Municipal para el periodo 2024-2027, y enseguida realiz\u00f3 la toma de protesta a los nuevos s\u00edndicos y regidores para enseguida pasar a tomar el lugar de los ediles salientes en la asamblea municipal.<\/p>\n\n\n\n<p>Al tomar la palabra el alcalde Alfredo San Rom\u00e1n, extern\u00f3 \u201cser huasteco no es solo una identidad, sino un orgullo y una responsabilidad\u201d, afirm\u00f3 que su gobierno habr\u00e1 de ser inclusivo al tomar en cuenta a todos los habitantes de cada comunidad, cada colonia.<\/p>\n\n\n\n<figure class=\"wp-block-image size-full\"><img decoding=\"async\" width=\"1200\" height=\"630\" src=\"https:\/\/www.zunoticia.com\/noticias-de-hidalgo\/wp-content\/uploads\/2024\/09\/san-roman4.jpg\" alt=\"\" class=\"wp-image-559489\"\/><\/figure>\n\n\n\n<p>Destac\u00f3 que los principales problemas que enfrenta el municipio es la desigualdad social, falta de oportunidades, descomposici\u00f3n social, \u201cS\u00e9 que con trabajo y unidad se puede buscar oportunidades para todos, una de las prioridades ser\u00e1 la educaci\u00f3n, es fundamental para el desarrollo de nuestra sociedad, no podemos permitir que ning\u00fan ni\u00f1o se quede sin la oportunidad de aprender, se implementar\u00e1 un programa educativo innovador y accesible que se ajusta a las necesidades de nuestra gente, una educaci\u00f3n que no solo ense\u00f1e, tambi\u00e9n inspire y motive, apegado a las necesidades locales, imaginemos un Huejutla donde cada joven pueda desarrollar su talento, cada adulto pueda aprender, este es nuestro sue\u00f1o y lo haremos realidad\u201d.<\/p>\n\n\n\n<p>Afirm\u00f3 \u201cEs imperativo atender los problemas sociales que enfrentamos, no podemos voltear hacia otro lado ante la violencia, la falta de oportunidades laborales, y el deterioro de nuestro entorno, debemos crear pol\u00edticas p\u00fablicas que realmente responda a las necesidades de la gente\u201d.<\/p>\n\n\n\n<figure class=\"wp-block-image size-full\"><img decoding=\"async\" width=\"1200\" height=\"630\" src=\"https:\/\/www.zunoticia.com\/noticias-de-hidalgo\/wp-content\/uploads\/2024\/09\/san-roman3.jpg\" alt=\"\" class=\"wp-image-559490\"\/><\/figure>\n\n\n\n<p>Asimismo resalt\u00f3 \u201cAprovecho para saludar a nuestro amigo Andr\u00e9s Manuel L\u00f3pez Obrador, trabajaremos en sinton\u00eda con su visi\u00f3n para lograr un pa\u00eds m\u00e1s justo y equitativo, atenderemos con responsabilidad y con firmeza los proyectos emanados de nuestro gobierno estatal liderado por nuestro gobernador Julio Menchaca Salazar, conjuntamente con nuestro gobierno municipal, asegurando que Huejutla se beneficie con los programas y recursos destinados al desarrollo de nuestra comunidad\u201d.<\/p>\n\n\n\n<p>Adem\u00e1s aclar\u00f3 \u201cCada decisi\u00f3n que tomemos se base a los principios de transparencia, honestidad y servicio, no venimos a prometer lo imposible, venimos a trabajar de manera incansable, a escuchar y aprender, a ser un gobierno que cumpla, que mire de frente y que act\u00fae con justicia y equidad, para logarlo necesitamos de su participaci\u00f3n, hombro a hombro podemos transformar nuestra realidad, s\u00e9 que el camio no ser\u00e1 f\u00e1cil pero con su apoyo, su voz y su trabajo podremos lograrlo, gracias Huejutla por su confianza y su apoyo, viva el segundo piso de la cuarta transformaci\u00f3n\u201d.<\/p>\n","protected":false},"excerpt":{"rendered":"<p>Por \u00c1ngel Osiris Castillo Garc\u00eda\/Zunoticia Huejutla de Reyes, Hgo.- En un evento en el que se cont\u00f3 con la representaci\u00f3n tanto de las comunidades y de la zona urbana, as\u00ed como del sector pol\u00edtico y empresarial, se llev\u00f3 a cabo la toma de protesta del nuevo Ayuntamiento, encabezada por Jos\u00e9 Alfredo San Rom\u00e1n Duval, quien&hellip; <a class=\"more-link\" href=\"https:\/\/www.zunoticia.com\/noticias-de-hidalgo\/2024\/09\/05\/vamos-por-un-huejutla-mas-justo-y-con-mas-oportunidades-alfredo-san-roman\/\">Seguir leyendo <span class=\"screen-reader-text\">Vamos por un Huejutla m\u00e1s justo y con m\u00e1s oportunidades: Alfredo San Rom\u00e1n<\/span><\/a><\/p>\n","protected":false},"author":13,"featured_media":559492,"comment_status":"open","ping_status":"open","sticky":false,"template":"","format":"standard","meta":{"rop_custom_images_group":[],"rop_custom_messages_group":[],"rop_publish_now":"yes","rop_publish_now_accounts":{"facebook_10159540855086992_322828327761733":"#Huejutla | En un evento en el que se cont\u00f3 con la representaci\u00f3n tanto de las comunidades y de la zona urbana, as\u00ed como del sector pol\u00edtico y empresarial, se llev\u00f3 a cabo la toma de protesta del nuevo Ayuntamiento, encabezada por Jos\u00e9 Alfredo San Rom\u00e1n Duval."},"rop_publish_now_history":[],"rop_publish_now_status":"pending","footnotes":""},"categories":[181],"tags":[121],"class_list":["post-559488","post","type-post","status-publish","format-standard","has-post-thumbnail","hentry","category-huejutla","tag-huejutla","entry"],"_links":{"self":[{"href":"https:\/\/www.zunoticia.com\/noticias-de-hidalgo\/wp-json\/wp\/v2\/posts\/559488","targetHints":{"allow":["GET"]}}],"collection":[{"href":"https:\/\/www.zunoticia.com\/noticias-de-hidalgo\/wp-json\/wp\/v2\/posts"}],"about":[{"href":"https:\/\/www.zunoticia.com\/noticias-de-hidalgo\/wp-json\/wp\/v2\/types\/post"}],"author":[{"embeddable":true,"href":"https:\/\/www.zunoticia.com\/noticias-de-hidalgo\/wp-json\/wp\/v2\/users\/13"}],"replies":[{"embeddable":true,"href":"https:\/\/www.zunoticia.com\/noticias-de-hidalgo\/wp-json\/wp\/v2\/comments?post=559488"}],"version-history":[{"count":1,"href":"https:\/\/www.zunoticia.com\/noticias-de-hidalgo\/wp-json\/wp\/v2\/posts\/559488\/revisions"}],"predecessor-version":[{"id":559493,"href":"https:\/\/www.zunoticia.com\/noticias-de-hidalgo\/wp-json\/wp\/v2\/posts\/559488\/revisions\/559493"}],"wp:featuredmedia":[{"embeddable":true,"href":"https:\/\/www.zunoticia.com\/noticias-de-hidalgo\/wp-json\/wp\/v2\/media\/559492"}],"wp:attachment":[{"href":"https:\/\/www.zunoticia.com\/noticias-de-hidalgo\/wp-json\/wp\/v2\/media?parent=559488"}],"wp:term":[{"taxonomy":"category","embeddable":true,"href":"https:\/\/www.zunoticia.com\/noticias-de-hidalgo\/wp-json\/wp\/v2\/categories?post=559488"},{"taxonomy":"post_tag","embeddable":true,"href":"https:\/\/www.zunoticia.com\/noticias-de-hidalgo\/wp-json\/wp\/v2\/tags?post=559488"}],"curies":[{"name":"wp","href":"https:\/\/api.w.org\/{rel}","templated":true}]}}