{"id":559584,"date":"2024-09-05T19:48:02","date_gmt":"2024-09-06T01:48:02","guid":{"rendered":"https:\/\/www.zunoticia.com\/noticias-de-hidalgo\/?p=559584"},"modified":"2024-09-05T19:48:03","modified_gmt":"2024-09-06T01:48:03","slug":"titular-de-la-saderh-acudio-a-toma-de-protesta-de-los-ayuntamientos-de-tula-de-allende-y-atitalaquia","status":"publish","type":"post","link":"https:\/\/www.zunoticia.com\/noticias-de-hidalgo\/2024\/09\/05\/titular-de-la-saderh-acudio-a-toma-de-protesta-de-los-ayuntamientos-de-tula-de-allende-y-atitalaquia\/","title":{"rendered":"Titular de la Saderh acudi\u00f3 a toma de protesta de los ayuntamientos de Tula de Allende y Atitalaquia"},"content":{"rendered":"<aside class=\"mashsb-container mashsb-main mashsb-stretched\"><div class=\"mashsb-box\"><div class=\"mashsb-count mash-large\" style=\"float:left\"><div class=\"counts mashsbcount\">2<\/div><span class=\"mashsb-sharetext\">SHARES<\/span><\/div><div class=\"mashsb-buttons\"><a class=\"mashicon-facebook mash-large mash-center mashsb-noshadow\" href=\"https:\/\/www.facebook.com\/sharer.php?u=https%3A%2F%2Fwww.zunoticia.com%2Fnoticias-de-hidalgo%2F2024%2F09%2F05%2Ftitular-de-la-saderh-acudio-a-toma-de-protesta-de-los-ayuntamientos-de-tula-de-allende-y-atitalaquia%2F\" target=\"_top\" rel=\"nofollow\"><span class=\"icon\"><\/span><span class=\"text\">Share<\/span><\/a><a class=\"mashicon-twitter mash-large mash-center mashsb-noshadow\" href=\"https:\/\/twitter.com\/intent\/tweet?text=&amp;url=https:\/\/www.zunoticia.com\/noticias-de-hidalgo\/2024\/09\/05\/titular-de-la-saderh-acudio-a-toma-de-protesta-de-los-ayuntamientos-de-tula-de-allende-y-atitalaquia\/\" target=\"_top\" rel=\"nofollow\"><span class=\"icon\"><\/span><span class=\"text\">Tweet<\/span><\/a><div class=\"onoffswitch2 mash-large mashsb-noshadow\" style=\"display:none\"><\/div><\/div>\n            <\/div>\n                <div style=\"clear:both\"><\/div><div class=\"mashsb-toggle-container\"><\/div><\/aside>\n            <!-- Share buttons by mashshare.net - Version: 4.0.47-->\n<p><em>Por Redacci\u00f3n\/Zunoticia<\/em><\/p>\n\n\n\n<p><strong>Atitalaquia, Hgo.-<\/strong> Napole\u00f3n Gonz\u00e1lez P\u00e9rez, titular de la Secretar\u00eda de Agricultura y Desarrollo Rural del Estado de Hidalgo (Saderh), acudi\u00f3, en representaci\u00f3n del gobernador, Julio Menchaca, a la toma de protesta de los presidentes municipales constitucionales de Tula de Allende, Cristhian Mart\u00ednez, y de Atitalaquia, Claudia Sandoval.<\/p>\n\n\n\n<p>Alrededor de las 11:30 el alcalde electo Cristhian Mart\u00ednez, tom\u00f3 protesta a las afueras del ayuntamiento; acto seguido, dio a conocer los nombres de las y los integrantes de su cabildo, quedando as\u00ed instalado el ayuntamiento.<\/p>\n\n\n\n<p>Bajo los valores de la transformaci\u00f3n \u201cno mentir, no robar y no traicionar al pueblo\u201d, Mart\u00ednez, refrend\u00f3 en su mensaje el compromiso de hacer un cambio en favor de la poblaci\u00f3n tulenses, tener orden y fomentar la igualdad, teniendo la honestidad como uno de sus ejes de gobierno.<\/p>\n\n\n\n<p>Por su parte, Claudia Sandoval rindi\u00f3 protesta alrededor de las 13:45 horas, al igual que el gabinete que la acompa\u00f1ar\u00e1 durante el periodo 2024 \u2013 2027. En su discurso, agradeci\u00f3 la presencia del secretario Napole\u00f3n Gonz\u00e1lez P\u00e9rez, as\u00ed como a todos los asistentes.<\/p>\n\n\n\n<figure class=\"wp-block-image size-full\"><img fetchpriority=\"high\" decoding=\"async\" width=\"1200\" height=\"630\" src=\"https:\/\/www.zunoticia.com\/noticias-de-hidalgo\/wp-content\/uploads\/2024\/09\/saderh1.jpg\" alt=\"\" class=\"wp-image-559554\"\/><\/figure>\n\n\n\n<p>Destac\u00f3 que llega al ayuntamiento sabedora de las necesidades que aquejan Atitalaquia, por lo que asume la responsabilidad de transformar el municipio con un gobierno honesto y equitativo.<\/p>\n\n\n\n<p>Durante sus intervenciones, Gonz\u00e1lez P\u00e9rez destac\u00f3 que el gobierno de Hidalgo mantiene y mantendr\u00e1 las puertas abiertas al di\u00e1logo, a la escucha activa, as\u00ed como a la atenci\u00f3n de cada una de las solicitudes de los municipios.<\/p>\n\n\n\n<p>Resalt\u00f3 que este enfoque es el sello caracter\u00edstico de la administraci\u00f3n de Julio Menchaca Salazar, un servidor p\u00fablico convencido de que el trabajo territorial es clave para generar pol\u00edticas p\u00fablicas de calidad.<\/p>\n\n\n\n<p>\u201cHoy, como nunca, se le apuesta a la educaci\u00f3n, a la rehabilitaci\u00f3n de caminos, a nuestros centros de salud y al combate a la delincuencia, dado que el prop\u00f3sito es firme: nadie se puede quedar atr\u00e1s y nadie se puede quedar afuera\u201d, manifest\u00f3.<\/p>\n\n\n\n<p>De igual manera, recalc\u00f3 con el respaldo del Gobierno de M\u00e9xico en este proceso de transformaci\u00f3n Hidalgo se consolidar\u00e1 como la nueva potencia del centro de nuestro pa\u00eds.<\/p>\n\n\n\n<p>La presencia del titular de la Saderh en estos actos subraya el compromiso del gobierno estatal con el fortalecimiento de la colaboraci\u00f3n entre los distintos niveles de gobierno, siempre en beneficio del pueblo de Hidalgo.<\/p>\n","protected":false},"excerpt":{"rendered":"<p>Por Redacci\u00f3n\/Zunoticia Atitalaquia, Hgo.- Napole\u00f3n Gonz\u00e1lez P\u00e9rez, titular de la Secretar\u00eda de Agricultura y Desarrollo Rural del Estado de Hidalgo (Saderh), acudi\u00f3, en representaci\u00f3n del gobernador, Julio Menchaca, a la toma de protesta de los presidentes municipales constitucionales de Tula de Allende, Cristhian Mart\u00ednez, y de Atitalaquia, Claudia Sandoval. Alrededor de las 11:30 el alcalde&hellip; <a class=\"more-link\" href=\"https:\/\/www.zunoticia.com\/noticias-de-hidalgo\/2024\/09\/05\/titular-de-la-saderh-acudio-a-toma-de-protesta-de-los-ayuntamientos-de-tula-de-allende-y-atitalaquia\/\">Seguir leyendo <span class=\"screen-reader-text\">Titular de la Saderh acudi\u00f3 a toma de protesta de los ayuntamientos de Tula de Allende y Atitalaquia<\/span><\/a><\/p>\n","protected":false},"author":13,"featured_media":559553,"comment_status":"open","ping_status":"open","sticky":false,"template":"","format":"standard","meta":{"rop_custom_images_group":[],"rop_custom_messages_group":[],"rop_publish_now":"yes","rop_publish_now_accounts":{"facebook_10159540855086992_322828327761733":"#Estado | Napole\u00f3n Gonz\u00e1lez P\u00e9rez, titular de la Saderh, acudi\u00f3, en representaci\u00f3n del gobernador, Julio Menchaca, a la toma de protesta de los presidentes municipales constitucionales."},"rop_publish_now_history":[],"rop_publish_now_status":"pending","footnotes":""},"categories":[1],"tags":[],"class_list":["post-559584","post","type-post","status-publish","format-standard","has-post-thumbnail","hentry","category-sin-categoria","entry"],"_links":{"self":[{"href":"https:\/\/www.zunoticia.com\/noticias-de-hidalgo\/wp-json\/wp\/v2\/posts\/559584","targetHints":{"allow":["GET"]}}],"collection":[{"href":"https:\/\/www.zunoticia.com\/noticias-de-hidalgo\/wp-json\/wp\/v2\/posts"}],"about":[{"href":"https:\/\/www.zunoticia.com\/noticias-de-hidalgo\/wp-json\/wp\/v2\/types\/post"}],"author":[{"embeddable":true,"href":"https:\/\/www.zunoticia.com\/noticias-de-hidalgo\/wp-json\/wp\/v2\/users\/13"}],"replies":[{"embeddable":true,"href":"https:\/\/www.zunoticia.com\/noticias-de-hidalgo\/wp-json\/wp\/v2\/comments?post=559584"}],"version-history":[{"count":1,"href":"https:\/\/www.zunoticia.com\/noticias-de-hidalgo\/wp-json\/wp\/v2\/posts\/559584\/revisions"}],"predecessor-version":[{"id":559585,"href":"https:\/\/www.zunoticia.com\/noticias-de-hidalgo\/wp-json\/wp\/v2\/posts\/559584\/revisions\/559585"}],"wp:featuredmedia":[{"embeddable":true,"href":"https:\/\/www.zunoticia.com\/noticias-de-hidalgo\/wp-json\/wp\/v2\/media\/559553"}],"wp:attachment":[{"href":"https:\/\/www.zunoticia.com\/noticias-de-hidalgo\/wp-json\/wp\/v2\/media?parent=559584"}],"wp:term":[{"taxonomy":"category","embeddable":true,"href":"https:\/\/www.zunoticia.com\/noticias-de-hidalgo\/wp-json\/wp\/v2\/categories?post=559584"},{"taxonomy":"post_tag","embeddable":true,"href":"https:\/\/www.zunoticia.com\/noticias-de-hidalgo\/wp-json\/wp\/v2\/tags?post=559584"}],"curies":[{"name":"wp","href":"https:\/\/api.w.org\/{rel}","templated":true}]}}