{"id":559628,"date":"2024-09-05T21:14:45","date_gmt":"2024-09-06T03:14:45","guid":{"rendered":"https:\/\/www.zunoticia.com\/noticias-de-hidalgo\/?p=559628"},"modified":"2024-09-05T21:14:46","modified_gmt":"2024-09-06T03:14:46","slug":"regidora-del-pt-trabajara-y-velara-por-las-32-comunidades","status":"publish","type":"post","link":"https:\/\/www.zunoticia.com\/noticias-de-hidalgo\/2024\/09\/05\/regidora-del-pt-trabajara-y-velara-por-las-32-comunidades\/","title":{"rendered":"Regidora del PT trabajar\u00e1 y velar\u00e1 por las 32 comunidades"},"content":{"rendered":"<aside class=\"mashsb-container mashsb-main mashsb-stretched\"><div class=\"mashsb-box\"><div class=\"mashsb-count mash-large\" style=\"float:left\"><div class=\"counts mashsbcount\">18<\/div><span class=\"mashsb-sharetext\">SHARES<\/span><\/div><div class=\"mashsb-buttons\"><a class=\"mashicon-facebook mash-large mash-center mashsb-noshadow\" href=\"https:\/\/www.facebook.com\/sharer.php?u=https%3A%2F%2Fwww.zunoticia.com%2Fnoticias-de-hidalgo%2F2024%2F09%2F05%2Fregidora-del-pt-trabajara-y-velara-por-las-32-comunidades%2F\" target=\"_top\" rel=\"nofollow\"><span class=\"icon\"><\/span><span class=\"text\">Share<\/span><\/a><a class=\"mashicon-twitter mash-large mash-center mashsb-noshadow\" href=\"https:\/\/twitter.com\/intent\/tweet?text=&amp;url=https:\/\/www.zunoticia.com\/noticias-de-hidalgo\/2024\/09\/05\/regidora-del-pt-trabajara-y-velara-por-las-32-comunidades\/\" target=\"_top\" rel=\"nofollow\"><span class=\"icon\"><\/span><span class=\"text\">Tweet<\/span><\/a><div class=\"onoffswitch2 mash-large mashsb-noshadow\" style=\"display:none\"><\/div><\/div>\n            <\/div>\n                <div style=\"clear:both\"><\/div><div class=\"mashsb-toggle-container\"><\/div><\/aside>\n            <!-- Share buttons by mashshare.net - Version: 4.0.47-->\n<p><em>Por Roberto Meza\/Zunoticia<\/em><\/p>\n\n\n\n<p><strong>Yahualica, Hgo.-<\/strong> La Regidora del PT, Alvara Hern\u00e1ndez Bautista, al tomar protesta como tal, se\u00f1al\u00f3 que trabajar\u00e1 y velar\u00e1 por las 32 comunidades de este municipio, as\u00ed mismo, inform\u00f3 que, todas las propuestas de campa\u00f1a que dio las pondr\u00e1&nbsp; y defender\u00e1 en la asamblea municipal.<\/p>\n\n\n\n<p>&#8220;Lo primordial es velar por las 32 comunidades, porque tenemos la idea y convicci\u00f3n de trabajar de la mano para beneficio de todo Yahualica. No hay duda de que vamos a hacer todo lo que est\u00e1 en nuestras manos para que todo lo que se haya desarrollado en la campa\u00f1a lo vamos a llevar a cabo en asamblea y obviamente de la mano de las compa\u00f1eras y compa\u00f1eros que nos tuvieron confianza y haber dado ese voto a ese proyecto&#8221;, declar\u00f3 la asamble\u00edsta.<\/p>\n\n\n\n<p>Dijo que, en el pueblo de Yahualica est\u00e1n listos para trabajar con una mujer y ese es un gran paso que dan, \u201cya que en Yahualica todav\u00eda nos daba miedo de dar esa pauta para las mujeres y hoy tenemos un liderazgo y de las juventudes para lograr ese cambio que se anhela\u201d. Por \u00faltimo, coment\u00f3 que hoy estar\u00e1n en asamblea representado los con gran orgullo y sin credos partidistas a todos, ya que el objetivo es velar por las 32 comunidades de Yahualica&#8221;.<\/p>\n","protected":false},"excerpt":{"rendered":"<p>Por Roberto Meza\/Zunoticia Yahualica, Hgo.- La Regidora del PT, Alvara Hern\u00e1ndez Bautista, al tomar protesta como tal, se\u00f1al\u00f3 que trabajar\u00e1 y velar\u00e1 por las 32 comunidades de este municipio, as\u00ed mismo, inform\u00f3 que, todas las propuestas de campa\u00f1a que dio las pondr\u00e1&nbsp; y defender\u00e1 en la asamblea municipal. &#8220;Lo primordial es velar por las 32&hellip; <a class=\"more-link\" href=\"https:\/\/www.zunoticia.com\/noticias-de-hidalgo\/2024\/09\/05\/regidora-del-pt-trabajara-y-velara-por-las-32-comunidades\/\">Seguir leyendo <span class=\"screen-reader-text\">Regidora del PT trabajar\u00e1 y velar\u00e1 por las 32 comunidades<\/span><\/a><\/p>\n","protected":false},"author":12,"featured_media":559608,"comment_status":"open","ping_status":"open","sticky":false,"template":"","format":"standard","meta":{"rop_custom_images_group":[],"rop_custom_messages_group":[],"rop_publish_now":"yes","rop_publish_now_accounts":{"facebook_10159540855086992_322828327761733":"#Yahualica #HuastecaHidalguense | La Regidora del PT, Alvara Hern\u00e1ndez Bautista, al tomar protesta como tal, se\u00f1al\u00f3 que trabajar\u00e1 y...\u00a0Ent\u00e9rate\u2b07"},"rop_publish_now_history":[],"rop_publish_now_status":"pending","footnotes":""},"categories":[179,203],"tags":[123],"class_list":["post-559628","post","type-post","status-publish","format-standard","has-post-thumbnail","hentry","category-huasteca","category-yahualica","tag-yahualica","entry"],"_links":{"self":[{"href":"https:\/\/www.zunoticia.com\/noticias-de-hidalgo\/wp-json\/wp\/v2\/posts\/559628","targetHints":{"allow":["GET"]}}],"collection":[{"href":"https:\/\/www.zunoticia.com\/noticias-de-hidalgo\/wp-json\/wp\/v2\/posts"}],"about":[{"href":"https:\/\/www.zunoticia.com\/noticias-de-hidalgo\/wp-json\/wp\/v2\/types\/post"}],"author":[{"embeddable":true,"href":"https:\/\/www.zunoticia.com\/noticias-de-hidalgo\/wp-json\/wp\/v2\/users\/12"}],"replies":[{"embeddable":true,"href":"https:\/\/www.zunoticia.com\/noticias-de-hidalgo\/wp-json\/wp\/v2\/comments?post=559628"}],"version-history":[{"count":1,"href":"https:\/\/www.zunoticia.com\/noticias-de-hidalgo\/wp-json\/wp\/v2\/posts\/559628\/revisions"}],"predecessor-version":[{"id":559632,"href":"https:\/\/www.zunoticia.com\/noticias-de-hidalgo\/wp-json\/wp\/v2\/posts\/559628\/revisions\/559632"}],"wp:featuredmedia":[{"embeddable":true,"href":"https:\/\/www.zunoticia.com\/noticias-de-hidalgo\/wp-json\/wp\/v2\/media\/559608"}],"wp:attachment":[{"href":"https:\/\/www.zunoticia.com\/noticias-de-hidalgo\/wp-json\/wp\/v2\/media?parent=559628"}],"wp:term":[{"taxonomy":"category","embeddable":true,"href":"https:\/\/www.zunoticia.com\/noticias-de-hidalgo\/wp-json\/wp\/v2\/categories?post=559628"},{"taxonomy":"post_tag","embeddable":true,"href":"https:\/\/www.zunoticia.com\/noticias-de-hidalgo\/wp-json\/wp\/v2\/tags?post=559628"}],"curies":[{"name":"wp","href":"https:\/\/api.w.org\/{rel}","templated":true}]}}