{"id":559630,"date":"2024-09-05T21:13:57","date_gmt":"2024-09-06T03:13:57","guid":{"rendered":"https:\/\/www.zunoticia.com\/noticias-de-hidalgo\/?p=559630"},"modified":"2024-09-05T21:13:58","modified_gmt":"2024-09-06T03:13:58","slug":"confia-asmade-que-se-mejoraran-sistemas-de-movilidad-en-huejutla","status":"publish","type":"post","link":"https:\/\/www.zunoticia.com\/noticias-de-hidalgo\/2024\/09\/05\/confia-asmade-que-se-mejoraran-sistemas-de-movilidad-en-huejutla\/","title":{"rendered":"Conf\u00eda ASMADE que se mejorar\u00e1n sistemas de movilidad en Huejutla"},"content":{"rendered":"<aside class=\"mashsb-container mashsb-main mashsb-stretched\"><div class=\"mashsb-box\"><div class=\"mashsb-count mash-large\" style=\"float:left\"><div class=\"counts mashsbcount\">20<\/div><span class=\"mashsb-sharetext\">SHARES<\/span><\/div><div class=\"mashsb-buttons\"><a class=\"mashicon-facebook mash-large mash-center mashsb-noshadow\" href=\"https:\/\/www.facebook.com\/sharer.php?u=https%3A%2F%2Fwww.zunoticia.com%2Fnoticias-de-hidalgo%2F2024%2F09%2F05%2Fconfia-asmade-que-se-mejoraran-sistemas-de-movilidad-en-huejutla%2F\" target=\"_top\" rel=\"nofollow\"><span class=\"icon\"><\/span><span class=\"text\">Share<\/span><\/a><a class=\"mashicon-twitter mash-large mash-center mashsb-noshadow\" href=\"https:\/\/twitter.com\/intent\/tweet?text=&amp;url=https:\/\/www.zunoticia.com\/noticias-de-hidalgo\/2024\/09\/05\/confia-asmade-que-se-mejoraran-sistemas-de-movilidad-en-huejutla\/\" target=\"_top\" rel=\"nofollow\"><span class=\"icon\"><\/span><span class=\"text\">Tweet<\/span><\/a><div class=\"onoffswitch2 mash-large mashsb-noshadow\" style=\"display:none\"><\/div><\/div>\n            <\/div>\n                <div style=\"clear:both\"><\/div><div class=\"mashsb-toggle-container\"><\/div><\/aside>\n            <!-- Share buttons by mashshare.net - Version: 4.0.47-->\n<p><em>Por Enedino Hern\u00e1ndez\/Zunoticia<\/em><\/p>\n\n\n\n<p><strong>Huejutla, Hgo.-<\/strong> El Director de la Escuela de Manejo en Huejutla (ASMADE), Jos\u00e9 Mart\u00edn Rodr\u00edguez Morales, se\u00f1ala que, una vez que se ha iniciado con una nueva administraci\u00f3n municipal se espera y se conf\u00eda en que se mejorar\u00e1n los sistemas de movilidad del transporte en la ciudad.<\/p>\n\n\n\n<p>Expone que, con este nuevo gobierno municipal que inicia, se tiene la seguridad de que se habr\u00e1 de mejorar el sistema de movilidad, tanto para el transporte p\u00fablico como para el particular, esperando que todo vaya mejorando y que vaya a cambiar.<\/p>\n\n\n\n<p>\u201cHoy esperamos que se vayan a crear sistemas de regulaci\u00f3n de tr\u00e1fico acordes y de acuerdo a la calidad de vida que queremos los huejutlenses, que vayamos siempre adelante, lo pasado ha pasado, creo que es hora de aventar la p\u00e1gina hacia atr\u00e1s y decir que vamos hacia adelante, sabemos que hoy iniciamos con una nueva etapa en la administraci\u00f3n\u201d.<\/p>\n\n\n\n<p>A\u00f1ade con toda seguridad que, \u201cse tiene la confianza de que vamos a tener un muy buen sabor de boca con esta nueva administraci\u00f3n municipal que inicia y que todo eso se ver\u00e1 reflejado en muy poco tiempo\u201d.<\/p>\n\n\n\n<p>Reconoce que hace falta mucho por hacer en cuanto a la vialidad en Huejutla, por eso se crean algunos estudios y sistemas que tienen que ver con esta parte, \u201ccreo que el se\u00f1or Presidente Municipal va a tener que hacer uso de los mecanismos de transformaci\u00f3n, hay que modernizar, hay que poner a la altura a Huejutla de muchas m\u00e1s ciudades que desde hace tiempo gozan y disfrutan de este tipo de sistemas\u201d.<\/p>\n\n\n\n<p>Jos\u00e9 Mart\u00edn Rodr\u00edguez, concluye que, \u201cHuejutla no es m\u00e1s chico que las dem\u00e1s ciudades, merecemos un cambio en esta parte de la movilidad del transporte, de personas, conductores, pasajeros y peatones, creo que vamos a tener un buen resultado con la actual administraci\u00f3n municipal\u201d.<\/p>\n\n\n\n<p>PIE:<\/p>\n\n\n\n<p>Jos\u00e9 Martin Rodr\u00edguez&nbsp;Morales.<\/p>\n","protected":false},"excerpt":{"rendered":"<p>Por Enedino Hern\u00e1ndez\/Zunoticia Huejutla, Hgo.- El Director de la Escuela de Manejo en Huejutla (ASMADE), Jos\u00e9 Mart\u00edn Rodr\u00edguez Morales, se\u00f1ala que, una vez que se ha iniciado con una nueva administraci\u00f3n municipal se espera y se conf\u00eda en que se mejorar\u00e1n los sistemas de movilidad del transporte en la ciudad. Expone que, con este nuevo&hellip; <a class=\"more-link\" href=\"https:\/\/www.zunoticia.com\/noticias-de-hidalgo\/2024\/09\/05\/confia-asmade-que-se-mejoraran-sistemas-de-movilidad-en-huejutla\/\">Seguir leyendo <span class=\"screen-reader-text\">Conf\u00eda ASMADE que se mejorar\u00e1n sistemas de movilidad en Huejutla<\/span><\/a><\/p>\n","protected":false},"author":12,"featured_media":559618,"comment_status":"open","ping_status":"open","sticky":false,"template":"","format":"standard","meta":{"rop_custom_images_group":[],"rop_custom_messages_group":[],"rop_publish_now":"yes","rop_publish_now_accounts":{"facebook_10159540855086992_322828327761733":"#HuejutlaDeReyes #HuastecaHidalguense | El Director de la Escuela de Manejo en Huejutla (ASMADE), Jos\u00e9 Mart\u00edn Rodr\u00edguez Morales, se\u00f1ala que...\u00a0Ent\u00e9rate\u2b07"},"rop_publish_now_history":[],"rop_publish_now_status":"pending","footnotes":""},"categories":[181],"tags":[121],"class_list":["post-559630","post","type-post","status-publish","format-standard","has-post-thumbnail","hentry","category-huejutla","tag-huejutla","entry"],"_links":{"self":[{"href":"https:\/\/www.zunoticia.com\/noticias-de-hidalgo\/wp-json\/wp\/v2\/posts\/559630","targetHints":{"allow":["GET"]}}],"collection":[{"href":"https:\/\/www.zunoticia.com\/noticias-de-hidalgo\/wp-json\/wp\/v2\/posts"}],"about":[{"href":"https:\/\/www.zunoticia.com\/noticias-de-hidalgo\/wp-json\/wp\/v2\/types\/post"}],"author":[{"embeddable":true,"href":"https:\/\/www.zunoticia.com\/noticias-de-hidalgo\/wp-json\/wp\/v2\/users\/12"}],"replies":[{"embeddable":true,"href":"https:\/\/www.zunoticia.com\/noticias-de-hidalgo\/wp-json\/wp\/v2\/comments?post=559630"}],"version-history":[{"count":1,"href":"https:\/\/www.zunoticia.com\/noticias-de-hidalgo\/wp-json\/wp\/v2\/posts\/559630\/revisions"}],"predecessor-version":[{"id":559631,"href":"https:\/\/www.zunoticia.com\/noticias-de-hidalgo\/wp-json\/wp\/v2\/posts\/559630\/revisions\/559631"}],"wp:featuredmedia":[{"embeddable":true,"href":"https:\/\/www.zunoticia.com\/noticias-de-hidalgo\/wp-json\/wp\/v2\/media\/559618"}],"wp:attachment":[{"href":"https:\/\/www.zunoticia.com\/noticias-de-hidalgo\/wp-json\/wp\/v2\/media?parent=559630"}],"wp:term":[{"taxonomy":"category","embeddable":true,"href":"https:\/\/www.zunoticia.com\/noticias-de-hidalgo\/wp-json\/wp\/v2\/categories?post=559630"},{"taxonomy":"post_tag","embeddable":true,"href":"https:\/\/www.zunoticia.com\/noticias-de-hidalgo\/wp-json\/wp\/v2\/tags?post=559630"}],"curies":[{"name":"wp","href":"https:\/\/api.w.org\/{rel}","templated":true}]}}