{"id":560049,"date":"2024-09-09T11:53:23","date_gmt":"2024-09-09T17:53:23","guid":{"rendered":"https:\/\/www.zunoticia.com\/noticias-de-hidalgo\/?p=560049"},"modified":"2024-09-09T23:38:24","modified_gmt":"2024-09-10T05:38:24","slug":"desde-la-asamblea-vamos-a-vigilar-que-los-recursos-se-apliquen-con-transparencia-regidor","status":"publish","type":"post","link":"https:\/\/www.zunoticia.com\/noticias-de-hidalgo\/2024\/09\/09\/desde-la-asamblea-vamos-a-vigilar-que-los-recursos-se-apliquen-con-transparencia-regidor\/","title":{"rendered":"Desde la asamblea vamos a vigilar que los recursos se apliquen con transparencia: Regidor"},"content":{"rendered":"<aside class=\"mashsb-container mashsb-main mashsb-stretched\"><div class=\"mashsb-box\"><div class=\"mashsb-count mash-large\" style=\"float:left\"><div class=\"counts mashsbcount\">29<\/div><span class=\"mashsb-sharetext\">SHARES<\/span><\/div><div class=\"mashsb-buttons\"><a class=\"mashicon-facebook mash-large mash-center mashsb-noshadow\" href=\"https:\/\/www.facebook.com\/sharer.php?u=https%3A%2F%2Fwww.zunoticia.com%2Fnoticias-de-hidalgo%2F2024%2F09%2F09%2Fdesde-la-asamblea-vamos-a-vigilar-que-los-recursos-se-apliquen-con-transparencia-regidor%2F\" target=\"_top\" rel=\"nofollow\"><span class=\"icon\"><\/span><span class=\"text\">Share<\/span><\/a><a class=\"mashicon-twitter mash-large mash-center mashsb-noshadow\" href=\"https:\/\/twitter.com\/intent\/tweet?text=&amp;url=https:\/\/www.zunoticia.com\/noticias-de-hidalgo\/2024\/09\/09\/desde-la-asamblea-vamos-a-vigilar-que-los-recursos-se-apliquen-con-transparencia-regidor\/\" target=\"_top\" rel=\"nofollow\"><span class=\"icon\"><\/span><span class=\"text\">Tweet<\/span><\/a><div class=\"onoffswitch2 mash-large mashsb-noshadow\" style=\"display:none\"><\/div><\/div>\n            <\/div>\n                <div style=\"clear:both\"><\/div><div class=\"mashsb-toggle-container\"><\/div><\/aside>\n            <!-- Share buttons by mashshare.net - Version: 4.0.47-->\n<p>Destac\u00f3 que hay mucho por atender, para ello, aprobar\u00e1n los programas y de esa manera, que los rezagos sean atendidos a la brevedad.<\/p>\n\n\n\n<p><em>Por Roberto Ram\u00edrez\/Zunoticia<\/em><\/p>\n\n\n\n<p><strong>Yahualica, Hgo.-<\/strong> El regidor de la fracci\u00f3n del Partido Revolucionario Institucional, profesor Yocundo P\u00e9rez Herrera, se\u00f1al\u00f3 que como asambleista estar\u00e1 atento para vigilar que los recursos p\u00fablicos que lleguen al municipio y estos se traduzcan en obras, acciones y apoyos, y a su vez, no se desv\u00ede para otros fines que no beneficien a los yahualiquenses.<\/p>\n\n\n\n<p>&#8220;Vamos a trabajar de la mano con el pueblo sobre todo ver que los recursos que lleguen al municipio, se empleen para bien com\u00fan y de esta manera el pueblo tenga lo que realmente necesita, ver lo prioritario de los pueblos para sacarlos adelante, por eso vamos a estar atentos para que los recursos financieros se apliquen de acuerdo a los programas y lineamientos&#8221;, opin\u00f3 P\u00e9rez Herrera.<\/p>\n\n\n\n<p>Por otra parte, destac\u00f3 que hay mucho por atender, para ello, aprobar\u00e1n los programas y de esa manera, que los rezagos sean atendidos a la brevedad. &#8220;Desde la asamblea municipal vamos a tener los retos de abatir los rezagos educativos, el rezago en obras y principalmente, evitar que personas ajenas al municipio que quieran intervenir en la vida p\u00fablica y del gobierno de nuestro pueblo&#8221;.<\/p>\n","protected":false},"excerpt":{"rendered":"<p>Destac\u00f3 que hay mucho por atender, para ello, aprobar\u00e1n los programas y de esa manera, que los rezagos sean atendidos a la brevedad. Por Roberto Ram\u00edrez\/Zunoticia Yahualica, Hgo.- El regidor de la fracci\u00f3n del Partido Revolucionario Institucional, profesor Yocundo P\u00e9rez Herrera, se\u00f1al\u00f3 que como asambleista estar\u00e1 atento para vigilar que los recursos p\u00fablicos que lleguen&hellip; <a class=\"more-link\" href=\"https:\/\/www.zunoticia.com\/noticias-de-hidalgo\/2024\/09\/09\/desde-la-asamblea-vamos-a-vigilar-que-los-recursos-se-apliquen-con-transparencia-regidor\/\">Seguir leyendo <span class=\"screen-reader-text\">Desde la asamblea vamos a vigilar que los recursos se apliquen con transparencia: Regidor<\/span><\/a><\/p>\n","protected":false},"author":13,"featured_media":560050,"comment_status":"open","ping_status":"open","sticky":false,"template":"","format":"standard","meta":{"rop_custom_images_group":[],"rop_custom_messages_group":[],"rop_publish_now":"initial","rop_publish_now_accounts":{"facebook_10159540855086992_322828327761733":""},"rop_publish_now_history":[],"rop_publish_now_status":"pending","footnotes":""},"categories":[179,203],"tags":[123],"class_list":["post-560049","post","type-post","status-publish","format-standard","has-post-thumbnail","hentry","category-huasteca","category-yahualica","tag-yahualica","entry"],"_links":{"self":[{"href":"https:\/\/www.zunoticia.com\/noticias-de-hidalgo\/wp-json\/wp\/v2\/posts\/560049","targetHints":{"allow":["GET"]}}],"collection":[{"href":"https:\/\/www.zunoticia.com\/noticias-de-hidalgo\/wp-json\/wp\/v2\/posts"}],"about":[{"href":"https:\/\/www.zunoticia.com\/noticias-de-hidalgo\/wp-json\/wp\/v2\/types\/post"}],"author":[{"embeddable":true,"href":"https:\/\/www.zunoticia.com\/noticias-de-hidalgo\/wp-json\/wp\/v2\/users\/13"}],"replies":[{"embeddable":true,"href":"https:\/\/www.zunoticia.com\/noticias-de-hidalgo\/wp-json\/wp\/v2\/comments?post=560049"}],"version-history":[{"count":2,"href":"https:\/\/www.zunoticia.com\/noticias-de-hidalgo\/wp-json\/wp\/v2\/posts\/560049\/revisions"}],"predecessor-version":[{"id":560217,"href":"https:\/\/www.zunoticia.com\/noticias-de-hidalgo\/wp-json\/wp\/v2\/posts\/560049\/revisions\/560217"}],"wp:featuredmedia":[{"embeddable":true,"href":"https:\/\/www.zunoticia.com\/noticias-de-hidalgo\/wp-json\/wp\/v2\/media\/560050"}],"wp:attachment":[{"href":"https:\/\/www.zunoticia.com\/noticias-de-hidalgo\/wp-json\/wp\/v2\/media?parent=560049"}],"wp:term":[{"taxonomy":"category","embeddable":true,"href":"https:\/\/www.zunoticia.com\/noticias-de-hidalgo\/wp-json\/wp\/v2\/categories?post=560049"},{"taxonomy":"post_tag","embeddable":true,"href":"https:\/\/www.zunoticia.com\/noticias-de-hidalgo\/wp-json\/wp\/v2\/tags?post=560049"}],"curies":[{"name":"wp","href":"https:\/\/api.w.org\/{rel}","templated":true}]}}