{"id":560055,"date":"2024-09-09T15:44:48","date_gmt":"2024-09-09T21:44:48","guid":{"rendered":"https:\/\/www.zunoticia.com\/noticias-de-hidalgo\/?p=560055"},"modified":"2024-09-09T15:44:50","modified_gmt":"2024-09-09T21:44:50","slug":"robaron-aparatos-en-jardin-de-ninos","status":"publish","type":"post","link":"https:\/\/www.zunoticia.com\/noticias-de-hidalgo\/2024\/09\/09\/robaron-aparatos-en-jardin-de-ninos\/","title":{"rendered":"Robaron aparatos en Jard\u00edn de Ni\u00f1os"},"content":{"rendered":"<aside class=\"mashsb-container mashsb-main mashsb-stretched\"><div class=\"mashsb-box\"><div class=\"mashsb-count mash-large\" style=\"float:left\"><div class=\"counts mashsbcount\">47<\/div><span class=\"mashsb-sharetext\">SHARES<\/span><\/div><div class=\"mashsb-buttons\"><a class=\"mashicon-facebook mash-large mash-center mashsb-noshadow\" href=\"https:\/\/www.facebook.com\/sharer.php?u=https%3A%2F%2Fwww.zunoticia.com%2Fnoticias-de-hidalgo%2F2024%2F09%2F09%2Frobaron-aparatos-en-jardin-de-ninos%2F\" target=\"_top\" rel=\"nofollow\"><span class=\"icon\"><\/span><span class=\"text\">Share<\/span><\/a><a class=\"mashicon-twitter mash-large mash-center mashsb-noshadow\" href=\"https:\/\/twitter.com\/intent\/tweet?text=&amp;url=https:\/\/www.zunoticia.com\/noticias-de-hidalgo\/2024\/09\/09\/robaron-aparatos-en-jardin-de-ninos\/\" target=\"_top\" rel=\"nofollow\"><span class=\"icon\"><\/span><span class=\"text\">Tweet<\/span><\/a><div class=\"onoffswitch2 mash-large mashsb-noshadow\" style=\"display:none\"><\/div><\/div>\n            <\/div>\n                <div style=\"clear:both\"><\/div><div class=\"mashsb-toggle-container\"><\/div><\/aside>\n            <!-- Share buttons by mashshare.net - Version: 4.0.47-->\n<p><em>Por Francisco Rosas\/Zunoticia<\/em><\/p>\n\n\n\n<p><strong>Huejutla, Hgo.-<\/strong> Amantes de lo ajeno, entraron a robar en el Jard\u00edn de Ni\u00f1os &#8220;El\u00edas Amador Gonz\u00e1lez&#8221;, de la colonia Capit\u00e1n Antonio Reyes de esta ciudad y de acuerdo con las primeras indagatorias, los delincuentes se llevaron varios aparatos.<\/p>\n\n\n\n<p>El robo probablemente fue perpetrado el pasado fin de semana, sin embargo, fue hasta la ma\u00f1ana de este lunes 09 de septiembre cuando las maestras llegaron a las aulas, se percataron que hab\u00edan entrado en la direcci\u00f3n y una bodega, donde sustrajeron, una computadora, un proyector, una impresora, una bocina y micr\u00f3fonos.<\/p>\n\n\n\n<figure class=\"wp-block-image size-full\"><img fetchpriority=\"high\" decoding=\"async\" width=\"1280\" height=\"715\" src=\"https:\/\/www.zunoticia.com\/noticias-de-hidalgo\/wp-content\/uploads\/2024\/09\/WhatsApp-Image-2024-09-09-at-15.11.47.jpeg\" alt=\"\" class=\"wp-image-560057\"\/><\/figure>\n\n\n\n<p>El reportero de Zunoticia acudi\u00f3 al preescolar para realizar una entrevista, sin embargo, la directora no quiso hablar del hecho delictivo y solo confirm\u00f3 que ya hab\u00eda presentado una denuncia formal en la agencia del Ministerio P\u00fablico del Fuero Com\u00fan de este distrito judicial.<\/p>\n\n\n\n<p>Por su parte, padres de familia del Jard\u00edn de Ni\u00f1os en menci\u00f3n manifestaron su preocupaci\u00f3n por este acto delictivo, ya que los aparatos se compraron hace menos de un a\u00f1o y el o los ladrones ni siquiera forzaron la puerta para abrir la direcci\u00f3n, motivo por el cual exigen que las autoridades ministeriales investiguen el caso y se detenga al o los responsables del delito de robo.<\/p>\n","protected":false},"excerpt":{"rendered":"<p>Por Francisco Rosas\/Zunoticia Huejutla, Hgo.- Amantes de lo ajeno, entraron a robar en el Jard\u00edn de Ni\u00f1os &#8220;El\u00edas Amador Gonz\u00e1lez&#8221;, de la colonia Capit\u00e1n Antonio Reyes de esta ciudad y de acuerdo con las primeras indagatorias, los delincuentes se llevaron varios aparatos. El robo probablemente fue perpetrado el pasado fin de semana, sin embargo, fue&hellip; <a class=\"more-link\" href=\"https:\/\/www.zunoticia.com\/noticias-de-hidalgo\/2024\/09\/09\/robaron-aparatos-en-jardin-de-ninos\/\">Seguir leyendo <span class=\"screen-reader-text\">Robaron aparatos en Jard\u00edn de Ni\u00f1os<\/span><\/a><\/p>\n","protected":false},"author":13,"featured_media":560056,"comment_status":"open","ping_status":"open","sticky":false,"template":"","format":"standard","meta":{"rop_custom_images_group":[],"rop_custom_messages_group":[],"rop_publish_now":"yes","rop_publish_now_accounts":{"facebook_10159540855086992_322828327761733":"#Policiaca #Huejutla | Amantes de lo ajeno, entraron a robar en el Jard\u00edn de Ni\u00f1os \"El\u00edas Amador Gonz\u00e1lez\", de la colonia Capit\u00e1n Antonio Reyes de esta ciudad y de acuerdo con las primeras indagatorias."},"rop_publish_now_history":[],"rop_publish_now_status":"pending","footnotes":""},"categories":[178],"tags":[121,259],"class_list":["post-560055","post","type-post","status-publish","format-standard","has-post-thumbnail","hentry","category-policiaca","tag-huejutla","tag-policiaca","entry"],"_links":{"self":[{"href":"https:\/\/www.zunoticia.com\/noticias-de-hidalgo\/wp-json\/wp\/v2\/posts\/560055","targetHints":{"allow":["GET"]}}],"collection":[{"href":"https:\/\/www.zunoticia.com\/noticias-de-hidalgo\/wp-json\/wp\/v2\/posts"}],"about":[{"href":"https:\/\/www.zunoticia.com\/noticias-de-hidalgo\/wp-json\/wp\/v2\/types\/post"}],"author":[{"embeddable":true,"href":"https:\/\/www.zunoticia.com\/noticias-de-hidalgo\/wp-json\/wp\/v2\/users\/13"}],"replies":[{"embeddable":true,"href":"https:\/\/www.zunoticia.com\/noticias-de-hidalgo\/wp-json\/wp\/v2\/comments?post=560055"}],"version-history":[{"count":1,"href":"https:\/\/www.zunoticia.com\/noticias-de-hidalgo\/wp-json\/wp\/v2\/posts\/560055\/revisions"}],"predecessor-version":[{"id":560058,"href":"https:\/\/www.zunoticia.com\/noticias-de-hidalgo\/wp-json\/wp\/v2\/posts\/560055\/revisions\/560058"}],"wp:featuredmedia":[{"embeddable":true,"href":"https:\/\/www.zunoticia.com\/noticias-de-hidalgo\/wp-json\/wp\/v2\/media\/560056"}],"wp:attachment":[{"href":"https:\/\/www.zunoticia.com\/noticias-de-hidalgo\/wp-json\/wp\/v2\/media?parent=560055"}],"wp:term":[{"taxonomy":"category","embeddable":true,"href":"https:\/\/www.zunoticia.com\/noticias-de-hidalgo\/wp-json\/wp\/v2\/categories?post=560055"},{"taxonomy":"post_tag","embeddable":true,"href":"https:\/\/www.zunoticia.com\/noticias-de-hidalgo\/wp-json\/wp\/v2\/tags?post=560055"}],"curies":[{"name":"wp","href":"https:\/\/api.w.org\/{rel}","templated":true}]}}