{"id":560248,"date":"2024-09-10T14:18:46","date_gmt":"2024-09-10T20:18:46","guid":{"rendered":"https:\/\/www.zunoticia.com\/noticias-de-hidalgo\/?p=560248"},"modified":"2024-09-10T14:18:47","modified_gmt":"2024-09-10T20:18:47","slug":"identifican-a-hombre-asesinado-en-la-aviacion","status":"publish","type":"post","link":"https:\/\/www.zunoticia.com\/noticias-de-hidalgo\/2024\/09\/10\/identifican-a-hombre-asesinado-en-la-aviacion\/","title":{"rendered":"Identifican a hombre asesinado en la Aviaci\u00f3n"},"content":{"rendered":"<aside class=\"mashsb-container mashsb-main mashsb-stretched\"><div class=\"mashsb-box\"><div class=\"mashsb-count mash-large\" style=\"float:left\"><div class=\"counts mashsbcount\">14<\/div><span class=\"mashsb-sharetext\">SHARES<\/span><\/div><div class=\"mashsb-buttons\"><a class=\"mashicon-facebook mash-large mash-center mashsb-noshadow\" href=\"https:\/\/www.facebook.com\/sharer.php?u=https%3A%2F%2Fwww.zunoticia.com%2Fnoticias-de-hidalgo%2F2024%2F09%2F10%2Fidentifican-a-hombre-asesinado-en-la-aviacion%2F\" target=\"_top\" rel=\"nofollow\"><span class=\"icon\"><\/span><span class=\"text\">Share<\/span><\/a><a class=\"mashicon-twitter mash-large mash-center mashsb-noshadow\" href=\"https:\/\/twitter.com\/intent\/tweet?text=&amp;url=https:\/\/www.zunoticia.com\/noticias-de-hidalgo\/2024\/09\/10\/identifican-a-hombre-asesinado-en-la-aviacion\/\" target=\"_top\" rel=\"nofollow\"><span class=\"icon\"><\/span><span class=\"text\">Tweet<\/span><\/a><div class=\"onoffswitch2 mash-large mashsb-noshadow\" style=\"display:none\"><\/div><\/div>\n            <\/div>\n                <div style=\"clear:both\"><\/div><div class=\"mashsb-toggle-container\"><\/div><\/aside>\n            <!-- Share buttons by mashshare.net - Version: 4.0.47-->\n<p><em>Por Francisco Rosas\/Zunoticia<\/em><\/p>\n\n\n\n<p><strong>Huejutla, Hgo.-<\/strong> La Procuradur\u00eda General de Justicia del Estado de Hidalgo (PGJEH), confirm\u00f3 que ha sido identificado legalmente el hombre que fue asesinado a balazos la noche del lunes, en un domicilio de la colonia Aviaci\u00f3n Civil de esta ciudad.<\/p>\n\n\n\n<p>La v\u00edctima de nombre Uriel Ulises B.A., conocida con el alias de \u201cEl Chalmero\u201d o \u201cEl G\u00fcero\u201d, presuntamente presentaba dos impactos de proyectil de arma de fuego y hasta el momento se desconoce el m\u00f3vil del crimen, no obstante agentes de la Divisi\u00f3n de Investigaci\u00f3n adscritos a la PGJEH, ya se encuentran realizando las indagatorias para esclarecer los hechos.<\/p>\n\n\n\n<figure class=\"wp-block-image size-full\"><img fetchpriority=\"high\" decoding=\"async\" width=\"1200\" height=\"630\" src=\"https:\/\/www.zunoticia.com\/noticias-de-hidalgo\/wp-content\/uploads\/2024\/09\/identifican2.jpg\" alt=\"\" class=\"wp-image-560243\"\/><\/figure>\n\n\n\n<p>Por otra parte, es importante mencionar, que el hoy occiso ten\u00eda antecedentes por robo y exactamente en el mes de septiembre del a\u00f1o pasado, fue retenido en la localidad de Las Pilas, Chalma, Veracruz y aunque fue entregado a las autoridades, obtuvo libertad.<\/p>\n","protected":false},"excerpt":{"rendered":"<p>Por Francisco Rosas\/Zunoticia Huejutla, Hgo.- La Procuradur\u00eda General de Justicia del Estado de Hidalgo (PGJEH), confirm\u00f3 que ha sido identificado legalmente el hombre que fue asesinado a balazos la noche del lunes, en un domicilio de la colonia Aviaci\u00f3n Civil de esta ciudad. La v\u00edctima de nombre Uriel Ulises B.A., conocida con el alias de&hellip; <a class=\"more-link\" href=\"https:\/\/www.zunoticia.com\/noticias-de-hidalgo\/2024\/09\/10\/identifican-a-hombre-asesinado-en-la-aviacion\/\">Seguir leyendo <span class=\"screen-reader-text\">Identifican a hombre asesinado en la Aviaci\u00f3n<\/span><\/a><\/p>\n","protected":false},"author":13,"featured_media":560244,"comment_status":"open","ping_status":"open","sticky":false,"template":"","format":"standard","meta":{"rop_custom_images_group":[],"rop_custom_messages_group":[],"rop_publish_now":"yes","rop_publish_now_accounts":{"facebook_10159540855086992_322828327761733":"#Huejutla #Policiaca | La Procuradur\u00eda General de Justicia del Estado de Hidalgo (PGJEH), confirm\u00f3 que ha sido identificado legalmente el hombre que fue ases1nad0 a balazos la noche del lunes."},"rop_publish_now_history":[],"rop_publish_now_status":"pending","footnotes":""},"categories":[178],"tags":[121,259],"class_list":["post-560248","post","type-post","status-publish","format-standard","has-post-thumbnail","hentry","category-policiaca","tag-huejutla","tag-policiaca","entry"],"_links":{"self":[{"href":"https:\/\/www.zunoticia.com\/noticias-de-hidalgo\/wp-json\/wp\/v2\/posts\/560248","targetHints":{"allow":["GET"]}}],"collection":[{"href":"https:\/\/www.zunoticia.com\/noticias-de-hidalgo\/wp-json\/wp\/v2\/posts"}],"about":[{"href":"https:\/\/www.zunoticia.com\/noticias-de-hidalgo\/wp-json\/wp\/v2\/types\/post"}],"author":[{"embeddable":true,"href":"https:\/\/www.zunoticia.com\/noticias-de-hidalgo\/wp-json\/wp\/v2\/users\/13"}],"replies":[{"embeddable":true,"href":"https:\/\/www.zunoticia.com\/noticias-de-hidalgo\/wp-json\/wp\/v2\/comments?post=560248"}],"version-history":[{"count":1,"href":"https:\/\/www.zunoticia.com\/noticias-de-hidalgo\/wp-json\/wp\/v2\/posts\/560248\/revisions"}],"predecessor-version":[{"id":560249,"href":"https:\/\/www.zunoticia.com\/noticias-de-hidalgo\/wp-json\/wp\/v2\/posts\/560248\/revisions\/560249"}],"wp:featuredmedia":[{"embeddable":true,"href":"https:\/\/www.zunoticia.com\/noticias-de-hidalgo\/wp-json\/wp\/v2\/media\/560244"}],"wp:attachment":[{"href":"https:\/\/www.zunoticia.com\/noticias-de-hidalgo\/wp-json\/wp\/v2\/media?parent=560248"}],"wp:term":[{"taxonomy":"category","embeddable":true,"href":"https:\/\/www.zunoticia.com\/noticias-de-hidalgo\/wp-json\/wp\/v2\/categories?post=560248"},{"taxonomy":"post_tag","embeddable":true,"href":"https:\/\/www.zunoticia.com\/noticias-de-hidalgo\/wp-json\/wp\/v2\/tags?post=560248"}],"curies":[{"name":"wp","href":"https:\/\/api.w.org\/{rel}","templated":true}]}}