{"id":560254,"date":"2024-09-10T15:05:03","date_gmt":"2024-09-10T21:05:03","guid":{"rendered":"https:\/\/www.zunoticia.com\/noticias-de-hidalgo\/?p=560254"},"modified":"2024-09-10T15:05:05","modified_gmt":"2024-09-10T21:05:05","slug":"presidira-julian-nochebuena-comision-de-obras-publicas","status":"publish","type":"post","link":"https:\/\/www.zunoticia.com\/noticias-de-hidalgo\/2024\/09\/10\/presidira-julian-nochebuena-comision-de-obras-publicas\/","title":{"rendered":"Presidir\u00e1 Juli\u00e1n Nochebuena Comisi\u00f3n de Obras P\u00fablicas"},"content":{"rendered":"<aside class=\"mashsb-container mashsb-main mashsb-stretched\"><div class=\"mashsb-box\"><div class=\"mashsb-count mash-large\" style=\"float:left\"><div class=\"counts mashsbcount\">14<\/div><span class=\"mashsb-sharetext\">SHARES<\/span><\/div><div class=\"mashsb-buttons\"><a class=\"mashicon-facebook mash-large mash-center mashsb-noshadow\" href=\"https:\/\/www.facebook.com\/sharer.php?u=https%3A%2F%2Fwww.zunoticia.com%2Fnoticias-de-hidalgo%2F2024%2F09%2F10%2Fpresidira-julian-nochebuena-comision-de-obras-publicas%2F\" target=\"_top\" rel=\"nofollow\"><span class=\"icon\"><\/span><span class=\"text\">Share<\/span><\/a><a class=\"mashicon-twitter mash-large mash-center mashsb-noshadow\" href=\"https:\/\/twitter.com\/intent\/tweet?text=&amp;url=https:\/\/www.zunoticia.com\/noticias-de-hidalgo\/2024\/09\/10\/presidira-julian-nochebuena-comision-de-obras-publicas\/\" target=\"_top\" rel=\"nofollow\"><span class=\"icon\"><\/span><span class=\"text\">Tweet<\/span><\/a><div class=\"onoffswitch2 mash-large mashsb-noshadow\" style=\"display:none\"><\/div><\/div>\n            <\/div>\n                <div style=\"clear:both\"><\/div><div class=\"mashsb-toggle-container\"><\/div><\/aside>\n            <!-- Share buttons by mashshare.net - Version: 4.0.47-->\n<ul class=\"wp-block-list\">\n<li>Tambi\u00e9n integrar\u00e1 las respectivas a Desarrollo Agropecuario, Desarrollo Social, Protecci\u00f3n Civil y Ciencia y Tecnolog\u00eda.<\/li>\n<\/ul>\n\n\n\n<p><em>Por Redacci\u00f3n\/Zunoticia<\/em><\/p>\n\n\n\n<p><strong>Pachuca de Soto, Hgo.- <\/strong>El Pleno de la Comisi\u00f3n Permanente de la LXVI Legislatura del Congreso del Estado de Hidalgo, aprob\u00f3 este martes 10 de septiembre durante la Primera Sesi\u00f3n Ordinaria, la integraci\u00f3n de comisiones de trabajo.<\/p>\n\n\n\n<p>El presidente de la permanente, Andr\u00e9s Vel\u00e1zquez V\u00e1zquez, inform\u00f3 que este acuerdo incluye el nombre de las y los legisladores en cada una de las veintinueve comisiones que integran el trabajo legislativo.<\/p>\n\n\n\n<p>Ah\u00ed mencion\u00f3 que Nochebuena Hern\u00e1ndez, representante del Distrito 03, ser\u00e1 quien presida la Comisi\u00f3n de Obras P\u00fablicas; as\u00ed tambi\u00e9n fungir\u00e1 como Secretario T\u00e9cnico en las de Desarrollo Agropecuario y Desarrollo Social.<\/p>\n\n\n\n<p>Adem\u00e1s, el diputado huasteco tendr\u00e1 participaci\u00f3n como vocal en las comisiones de Protecci\u00f3n Civil y, Ciencia y Tecnolog\u00eda.<\/p>\n\n\n\n<p>Juli\u00e1n Nochebuena se expres\u00f3 muy comprometido con cada una de las comisiones en que tendr\u00e1 participaci\u00f3n, ya que \u201crepresentan una gran oportunidad para atender los planteamientos y necesidades que nos expresaron nuestros vecinos de los ocho municipios de mi distrito\u201d, refiri\u00f3.<\/p>\n\n\n\n<p>A\u00f1adi\u00f3 que pondr\u00e1 al servicio de cada comisi\u00f3n, su experiencia en el servicio p\u00fablico y su vocaci\u00f3n para trabajar por las causas de los pueblos, en especial de aquellos que m\u00e1s lo necesitan, como lo son la Sierra y la Huasteca.<\/p>\n","protected":false},"excerpt":{"rendered":"<p>Por Redacci\u00f3n\/Zunoticia Pachuca de Soto, Hgo.- El Pleno de la Comisi\u00f3n Permanente de la LXVI Legislatura del Congreso del Estado de Hidalgo, aprob\u00f3 este martes 10 de septiembre durante la Primera Sesi\u00f3n Ordinaria, la integraci\u00f3n de comisiones de trabajo. El presidente de la permanente, Andr\u00e9s Vel\u00e1zquez V\u00e1zquez, inform\u00f3 que este acuerdo incluye el nombre de&hellip; <a class=\"more-link\" href=\"https:\/\/www.zunoticia.com\/noticias-de-hidalgo\/2024\/09\/10\/presidira-julian-nochebuena-comision-de-obras-publicas\/\">Seguir leyendo <span class=\"screen-reader-text\">Presidir\u00e1 Juli\u00e1n Nochebuena Comisi\u00f3n de Obras P\u00fablicas<\/span><\/a><\/p>\n","protected":false},"author":13,"featured_media":560255,"comment_status":"open","ping_status":"open","sticky":false,"template":"","format":"standard","meta":{"rop_custom_images_group":[],"rop_custom_messages_group":[],"rop_publish_now":"yes","rop_publish_now_accounts":{"facebook_10159540855086992_322828327761733":"#Estado |  El Pleno de la Comisi\u00f3n Permanente de la LXVI Legislatura del Congreso del Estado de Hidalgo, aprob\u00f3 este martes 10 de septiembre durante la Primera Sesi\u00f3n Ordinaria, la integraci\u00f3n de comisiones de trabajo."},"rop_publish_now_history":[],"rop_publish_now_status":"pending","footnotes":""},"categories":[208],"tags":[214],"class_list":["post-560254","post","type-post","status-publish","format-standard","has-post-thumbnail","hentry","category-estado","tag-estado","entry"],"_links":{"self":[{"href":"https:\/\/www.zunoticia.com\/noticias-de-hidalgo\/wp-json\/wp\/v2\/posts\/560254","targetHints":{"allow":["GET"]}}],"collection":[{"href":"https:\/\/www.zunoticia.com\/noticias-de-hidalgo\/wp-json\/wp\/v2\/posts"}],"about":[{"href":"https:\/\/www.zunoticia.com\/noticias-de-hidalgo\/wp-json\/wp\/v2\/types\/post"}],"author":[{"embeddable":true,"href":"https:\/\/www.zunoticia.com\/noticias-de-hidalgo\/wp-json\/wp\/v2\/users\/13"}],"replies":[{"embeddable":true,"href":"https:\/\/www.zunoticia.com\/noticias-de-hidalgo\/wp-json\/wp\/v2\/comments?post=560254"}],"version-history":[{"count":1,"href":"https:\/\/www.zunoticia.com\/noticias-de-hidalgo\/wp-json\/wp\/v2\/posts\/560254\/revisions"}],"predecessor-version":[{"id":560257,"href":"https:\/\/www.zunoticia.com\/noticias-de-hidalgo\/wp-json\/wp\/v2\/posts\/560254\/revisions\/560257"}],"wp:featuredmedia":[{"embeddable":true,"href":"https:\/\/www.zunoticia.com\/noticias-de-hidalgo\/wp-json\/wp\/v2\/media\/560255"}],"wp:attachment":[{"href":"https:\/\/www.zunoticia.com\/noticias-de-hidalgo\/wp-json\/wp\/v2\/media?parent=560254"}],"wp:term":[{"taxonomy":"category","embeddable":true,"href":"https:\/\/www.zunoticia.com\/noticias-de-hidalgo\/wp-json\/wp\/v2\/categories?post=560254"},{"taxonomy":"post_tag","embeddable":true,"href":"https:\/\/www.zunoticia.com\/noticias-de-hidalgo\/wp-json\/wp\/v2\/tags?post=560254"}],"curies":[{"name":"wp","href":"https:\/\/api.w.org\/{rel}","templated":true}]}}