{"id":560268,"date":"2024-09-10T15:39:07","date_gmt":"2024-09-10T21:39:07","guid":{"rendered":"https:\/\/www.zunoticia.com\/noticias-de-hidalgo\/?p=560268"},"modified":"2024-09-10T15:39:09","modified_gmt":"2024-09-10T21:39:09","slug":"arranco-la-vendimia-de-articulos-patrios","status":"publish","type":"post","link":"https:\/\/www.zunoticia.com\/noticias-de-hidalgo\/2024\/09\/10\/arranco-la-vendimia-de-articulos-patrios\/","title":{"rendered":"Arranc\u00f3 la vendimia de art\u00edculos patrios"},"content":{"rendered":"<aside class=\"mashsb-container mashsb-main mashsb-stretched\"><div class=\"mashsb-box\"><div class=\"mashsb-count mash-large\" style=\"float:left\"><div class=\"counts mashsbcount\">15<\/div><span class=\"mashsb-sharetext\">SHARES<\/span><\/div><div class=\"mashsb-buttons\"><a class=\"mashicon-facebook mash-large mash-center mashsb-noshadow\" href=\"https:\/\/www.facebook.com\/sharer.php?u=https%3A%2F%2Fwww.zunoticia.com%2Fnoticias-de-hidalgo%2F2024%2F09%2F10%2Farranco-la-vendimia-de-articulos-patrios%2F\" target=\"_top\" rel=\"nofollow\"><span class=\"icon\"><\/span><span class=\"text\">Share<\/span><\/a><a class=\"mashicon-twitter mash-large mash-center mashsb-noshadow\" href=\"https:\/\/twitter.com\/intent\/tweet?text=&amp;url=https:\/\/www.zunoticia.com\/noticias-de-hidalgo\/2024\/09\/10\/arranco-la-vendimia-de-articulos-patrios\/\" target=\"_top\" rel=\"nofollow\"><span class=\"icon\"><\/span><span class=\"text\">Tweet<\/span><\/a><div class=\"onoffswitch2 mash-large mashsb-noshadow\" style=\"display:none\"><\/div><\/div>\n            <\/div>\n                <div style=\"clear:both\"><\/div><div class=\"mashsb-toggle-container\"><\/div><\/aside>\n            <!-- Share buttons by mashshare.net - Version: 4.0.47-->\n<p><em>Por Gabriela Hern\u00e1ndez\/Zunoticia<\/em><\/p>\n\n\n\n<p><strong>San Felipe Orizatl\u00e1n, Hgo.-<\/strong> Con la festividad del D\u00eda de la Independencia de M\u00e9xico a la vuelta de la esquina, el verde, blanco y rojo comienzan a pintar las calles, por medio de banderas, sombreros, rehiletes, entre otros productos, que los vendedores comienzan desde temprano a ofrecer a automovilistas y\/o peatones que transitan por las diversas vialidades de la zona centro del municipio.<\/p>\n\n\n\n<p>Vendedores del giro mencionaron que desde el domingo 08 de septiembre, y horas antes de que inicien las celebraciones de las fiestas patrias en las escuelas o trabajos, las ventas de sus productos se dispararon.<\/p>\n\n\n\n<p>Adem\u00e1s de las banderas tricolores y los sombreros de paja, la gastronom\u00eda mexicana es uno de los principales atractivos que tiene el 15 y 16 de septiembre, ya que platillos como el pozole, menudo, sopes, flautas, mole, entre otros, requieren de sus respectivos ingredientes de acompa\u00f1amiento como cebolla, tomate lechuga, mismas que de acuerdo con un comerciante de frutas y verduras dijo que, llegan a aumentar su venta hasta un 20% m\u00e1s, comparado con una fecha normal.<\/p>\n\n\n\n<p>C\u00f3mo ya es una tradici\u00f3n, muchas de las personas ya esperan la noche del grito de la independencia de M\u00e9xico, es por esto que se preparan con los mejores atuendos, banderas, sombreros, accesorios y comida para celebrar la noche mexicana.<\/p>\n","protected":false},"excerpt":{"rendered":"<p>Por Gabriela Hern\u00e1ndez\/Zunoticia San Felipe Orizatl\u00e1n, Hgo.- Con la festividad del D\u00eda de la Independencia de M\u00e9xico a la vuelta de la esquina, el verde, blanco y rojo comienzan a pintar las calles, por medio de banderas, sombreros, rehiletes, entre otros productos, que los vendedores comienzan desde temprano a ofrecer a automovilistas y\/o peatones que&hellip; <a class=\"more-link\" href=\"https:\/\/www.zunoticia.com\/noticias-de-hidalgo\/2024\/09\/10\/arranco-la-vendimia-de-articulos-patrios\/\">Seguir leyendo <span class=\"screen-reader-text\">Arranc\u00f3 la vendimia de art\u00edculos patrios<\/span><\/a><\/p>\n","protected":false},"author":13,"featured_media":560262,"comment_status":"open","ping_status":"open","sticky":false,"template":"","format":"standard","meta":{"rop_custom_images_group":[],"rop_custom_messages_group":[],"rop_publish_now":"yes","rop_publish_now_accounts":{"facebook_10159540855086992_322828327761733":"#SanFelipeOrizatl\u00e1n | Con la festividad del D\u00eda de la Independencia de M\u00e9xico a la vuelta de la esquina, el verde, blanco y rojo comienzan a pintar las calles, por medio de banderas, sombreros, rehiletes, entre otros productos."},"rop_publish_now_history":[],"rop_publish_now_status":"pending","footnotes":""},"categories":[1],"tags":[],"class_list":["post-560268","post","type-post","status-publish","format-standard","has-post-thumbnail","hentry","category-sin-categoria","entry"],"_links":{"self":[{"href":"https:\/\/www.zunoticia.com\/noticias-de-hidalgo\/wp-json\/wp\/v2\/posts\/560268","targetHints":{"allow":["GET"]}}],"collection":[{"href":"https:\/\/www.zunoticia.com\/noticias-de-hidalgo\/wp-json\/wp\/v2\/posts"}],"about":[{"href":"https:\/\/www.zunoticia.com\/noticias-de-hidalgo\/wp-json\/wp\/v2\/types\/post"}],"author":[{"embeddable":true,"href":"https:\/\/www.zunoticia.com\/noticias-de-hidalgo\/wp-json\/wp\/v2\/users\/13"}],"replies":[{"embeddable":true,"href":"https:\/\/www.zunoticia.com\/noticias-de-hidalgo\/wp-json\/wp\/v2\/comments?post=560268"}],"version-history":[{"count":1,"href":"https:\/\/www.zunoticia.com\/noticias-de-hidalgo\/wp-json\/wp\/v2\/posts\/560268\/revisions"}],"predecessor-version":[{"id":560269,"href":"https:\/\/www.zunoticia.com\/noticias-de-hidalgo\/wp-json\/wp\/v2\/posts\/560268\/revisions\/560269"}],"wp:featuredmedia":[{"embeddable":true,"href":"https:\/\/www.zunoticia.com\/noticias-de-hidalgo\/wp-json\/wp\/v2\/media\/560262"}],"wp:attachment":[{"href":"https:\/\/www.zunoticia.com\/noticias-de-hidalgo\/wp-json\/wp\/v2\/media?parent=560268"}],"wp:term":[{"taxonomy":"category","embeddable":true,"href":"https:\/\/www.zunoticia.com\/noticias-de-hidalgo\/wp-json\/wp\/v2\/categories?post=560268"},{"taxonomy":"post_tag","embeddable":true,"href":"https:\/\/www.zunoticia.com\/noticias-de-hidalgo\/wp-json\/wp\/v2\/tags?post=560268"}],"curies":[{"name":"wp","href":"https:\/\/api.w.org\/{rel}","templated":true}]}}