{"id":560274,"date":"2024-09-10T16:01:07","date_gmt":"2024-09-10T22:01:07","guid":{"rendered":"https:\/\/www.zunoticia.com\/noticias-de-hidalgo\/?p=560274"},"modified":"2024-09-10T16:01:09","modified_gmt":"2024-09-10T22:01:09","slug":"lavaron-el-jardin-municipal","status":"publish","type":"post","link":"https:\/\/www.zunoticia.com\/noticias-de-hidalgo\/2024\/09\/10\/lavaron-el-jardin-municipal\/","title":{"rendered":"Lavaron el jard\u00edn municipal"},"content":{"rendered":"<aside class=\"mashsb-container mashsb-main mashsb-stretched\"><div class=\"mashsb-box\"><div class=\"mashsb-count mash-large\" style=\"float:left\"><div class=\"counts mashsbcount\">44<\/div><span class=\"mashsb-sharetext\">SHARES<\/span><\/div><div class=\"mashsb-buttons\"><a class=\"mashicon-facebook mash-large mash-center mashsb-noshadow\" href=\"https:\/\/www.facebook.com\/sharer.php?u=https%3A%2F%2Fwww.zunoticia.com%2Fnoticias-de-hidalgo%2F2024%2F09%2F10%2Flavaron-el-jardin-municipal%2F\" target=\"_top\" rel=\"nofollow\"><span class=\"icon\"><\/span><span class=\"text\">Share<\/span><\/a><a class=\"mashicon-twitter mash-large mash-center mashsb-noshadow\" href=\"https:\/\/twitter.com\/intent\/tweet?text=&amp;url=https:\/\/www.zunoticia.com\/noticias-de-hidalgo\/2024\/09\/10\/lavaron-el-jardin-municipal\/\" target=\"_top\" rel=\"nofollow\"><span class=\"icon\"><\/span><span class=\"text\">Tweet<\/span><\/a><div class=\"onoffswitch2 mash-large mashsb-noshadow\" style=\"display:none\"><\/div><\/div>\n            <\/div>\n                <div style=\"clear:both\"><\/div><div class=\"mashsb-toggle-container\"><\/div><\/aside>\n            <!-- Share buttons by mashshare.net - Version: 4.0.47-->\n<p><em>Por Georgina Jaramillo\/Zunoticia<\/em><\/p>\n\n\n\n<ul class=\"wp-block-list\">\n<li>Participaron directores, subdirectores y personal administrativo, quienes con escobas, jab\u00f3n y escoba sumaron esfuerzos para la limpieza y lavado del jard\u00edn municipal.<\/li>\n<\/ul>\n\n\n\n<p><strong>Zacualtip\u00e1n de \u00c1ngeles, Hgo.-<\/strong> El Ayuntamiento municipal que preside el presidente Municipal, Lic. Amado P\u00e9rez Hern\u00e1ndez a trav\u00e9s de la direcci\u00f3n de Servicios Generales, llev\u00f3 a cabo la exhaustiva limpia de la plaza municipal como parte de los preparativos para el Grito de Independencia.<\/p>\n\n\n\n<p>En las intensan acciones, particip\u00f3 el personal del \u00e1rea de limpieza p\u00fablica y trabajadores en general que conforman la nueva administraci\u00f3n p\u00fablica 2024-2027 que encabeza Amado P\u00e9rez Hern\u00e1ndez.&nbsp;<\/p>\n\n\n\n<p>Para el lavado de la plaza p\u00fablica fueron utilizadas pipas y mediante el uso de mangueras, agua y jab\u00f3n fue lavado a presi\u00f3n este importante espacio en el que las familias pasan horas de esparcimiento, donde consumen alimentos o se recrean sus hijos menores durante las tardes, todos los d\u00edas de la semana.<\/p>\n\n\n\n<figure class=\"wp-block-image size-full\"><img fetchpriority=\"high\" decoding=\"async\" width=\"1200\" height=\"630\" src=\"https:\/\/www.zunoticia.com\/noticias-de-hidalgo\/wp-content\/uploads\/2024\/09\/limpian3.jpg\" alt=\"\" class=\"wp-image-560277\"\/><\/figure>\n\n\n\n<p>En entrevista para Zunoticia Global, Jorge Naranjo, director de Servicios Generales, dio a conocer que, por indicaciones del alcalde Amado P\u00e9rez Hern\u00e1ndez, los trabajos del espacio p\u00fablico, dieron inicio a las 11 de la ma\u00f1ana con el objetivo de que dicha plaza permanezca libre de malos olores y de basura.<\/p>\n\n\n\n<p>El funcionario municipal, hizo un llamado a la ciudadan\u00eda a quienes invit\u00f3 a sumarse a las acciones de recolecci\u00f3n de basura y limpia, a fin de que los espacios p\u00fablicos permanezcan limpios a la vista de propios y visitantes, contribuyendo as\u00ed a contar con una cuidad libre de basura.<\/p>\n\n\n\n<figure class=\"wp-block-image size-full\"><img decoding=\"async\" width=\"1200\" height=\"630\" src=\"https:\/\/www.zunoticia.com\/noticias-de-hidalgo\/wp-content\/uploads\/2024\/09\/limpian2.jpg\" alt=\"\" class=\"wp-image-560278\"\/><\/figure>\n","protected":false},"excerpt":{"rendered":"<p>Por Georgina Jaramillo\/Zunoticia Zacualtip\u00e1n de \u00c1ngeles, Hgo.- El Ayuntamiento municipal que preside el presidente Municipal, Lic. Amado P\u00e9rez Hern\u00e1ndez a trav\u00e9s de la direcci\u00f3n de Servicios Generales, llev\u00f3 a cabo la exhaustiva limpia de la plaza municipal como parte de los preparativos para el Grito de Independencia. En las intensan acciones, particip\u00f3 el personal del&hellip; <a class=\"more-link\" href=\"https:\/\/www.zunoticia.com\/noticias-de-hidalgo\/2024\/09\/10\/lavaron-el-jardin-municipal\/\">Seguir leyendo <span class=\"screen-reader-text\">Lavaron el jard\u00edn municipal<\/span><\/a><\/p>\n","protected":false},"author":13,"featured_media":560279,"comment_status":"open","ping_status":"open","sticky":false,"template":"","format":"standard","meta":{"rop_custom_images_group":[],"rop_custom_messages_group":[],"rop_publish_now":"yes","rop_publish_now_accounts":{"facebook_10159540855086992_322828327761733":"#Zacualtip\u00e1nDe\u00c1ngeles #SierraAlta | Participaron directores, subdirectores y personal administrativo, quienes con escobas, jab\u00f3n y escoba sumaron esfuerzos para la limpieza y lavado del jard\u00edn municipal. "},"rop_publish_now_history":[],"rop_publish_now_status":"pending","footnotes":""},"categories":[433,441],"tags":[302],"class_list":["post-560274","post","type-post","status-publish","format-standard","has-post-thumbnail","hentry","category-sierra-alta","category-zacualtipan-sierra-alta","tag-zacualtipan","entry"],"_links":{"self":[{"href":"https:\/\/www.zunoticia.com\/noticias-de-hidalgo\/wp-json\/wp\/v2\/posts\/560274","targetHints":{"allow":["GET"]}}],"collection":[{"href":"https:\/\/www.zunoticia.com\/noticias-de-hidalgo\/wp-json\/wp\/v2\/posts"}],"about":[{"href":"https:\/\/www.zunoticia.com\/noticias-de-hidalgo\/wp-json\/wp\/v2\/types\/post"}],"author":[{"embeddable":true,"href":"https:\/\/www.zunoticia.com\/noticias-de-hidalgo\/wp-json\/wp\/v2\/users\/13"}],"replies":[{"embeddable":true,"href":"https:\/\/www.zunoticia.com\/noticias-de-hidalgo\/wp-json\/wp\/v2\/comments?post=560274"}],"version-history":[{"count":1,"href":"https:\/\/www.zunoticia.com\/noticias-de-hidalgo\/wp-json\/wp\/v2\/posts\/560274\/revisions"}],"predecessor-version":[{"id":560280,"href":"https:\/\/www.zunoticia.com\/noticias-de-hidalgo\/wp-json\/wp\/v2\/posts\/560274\/revisions\/560280"}],"wp:featuredmedia":[{"embeddable":true,"href":"https:\/\/www.zunoticia.com\/noticias-de-hidalgo\/wp-json\/wp\/v2\/media\/560279"}],"wp:attachment":[{"href":"https:\/\/www.zunoticia.com\/noticias-de-hidalgo\/wp-json\/wp\/v2\/media?parent=560274"}],"wp:term":[{"taxonomy":"category","embeddable":true,"href":"https:\/\/www.zunoticia.com\/noticias-de-hidalgo\/wp-json\/wp\/v2\/categories?post=560274"},{"taxonomy":"post_tag","embeddable":true,"href":"https:\/\/www.zunoticia.com\/noticias-de-hidalgo\/wp-json\/wp\/v2\/tags?post=560274"}],"curies":[{"name":"wp","href":"https:\/\/api.w.org\/{rel}","templated":true}]}}