{"id":560334,"date":"2024-09-10T17:48:46","date_gmt":"2024-09-10T23:48:46","guid":{"rendered":"https:\/\/www.zunoticia.com\/noticias-de-hidalgo\/?p=560334"},"modified":"2024-09-10T17:48:47","modified_gmt":"2024-09-10T23:48:47","slug":"villa-de-tezontepec-se-prepara-para-sus-fiestas-patrias","status":"publish","type":"post","link":"https:\/\/www.zunoticia.com\/noticias-de-hidalgo\/2024\/09\/10\/villa-de-tezontepec-se-prepara-para-sus-fiestas-patrias\/","title":{"rendered":"Villa de Tezontepec se prepara para sus fiestas patrias"},"content":{"rendered":"<aside class=\"mashsb-container mashsb-main mashsb-stretched\"><div class=\"mashsb-box\"><div class=\"mashsb-count mash-large\" style=\"float:left\"><div class=\"counts mashsbcount\">36<\/div><span class=\"mashsb-sharetext\">SHARES<\/span><\/div><div class=\"mashsb-buttons\"><a class=\"mashicon-facebook mash-large mash-center mashsb-noshadow\" href=\"https:\/\/www.facebook.com\/sharer.php?u=https%3A%2F%2Fwww.zunoticia.com%2Fnoticias-de-hidalgo%2F2024%2F09%2F10%2Fvilla-de-tezontepec-se-prepara-para-sus-fiestas-patrias%2F\" target=\"_top\" rel=\"nofollow\"><span class=\"icon\"><\/span><span class=\"text\">Share<\/span><\/a><a class=\"mashicon-twitter mash-large mash-center mashsb-noshadow\" href=\"https:\/\/twitter.com\/intent\/tweet?text=&amp;url=https:\/\/www.zunoticia.com\/noticias-de-hidalgo\/2024\/09\/10\/villa-de-tezontepec-se-prepara-para-sus-fiestas-patrias\/\" target=\"_top\" rel=\"nofollow\"><span class=\"icon\"><\/span><span class=\"text\">Tweet<\/span><\/a><div class=\"onoffswitch2 mash-large mashsb-noshadow\" style=\"display:none\"><\/div><\/div>\n            <\/div>\n                <div style=\"clear:both\"><\/div><div class=\"mashsb-toggle-container\"><\/div><\/aside>\n            <!-- Share buttons by mashshare.net - Version: 4.0.47-->\n<p><em>Por Redacci\u00f3n\/Zunoticia<\/em><\/p>\n\n\n\n<p><strong>Pachuca de Soto, Hgo.- <\/strong>El municipio de Villa de Tezontepec est\u00e1 listo para dar paso a las Fiestas Patrias del 14 al 16 de septiembre, conmemorando con gran fervor el aniversario de la Independencia de M\u00e9xico.<\/p>\n\n\n\n<p>Esta festividad anual, profundamente arraigada en el municipio es una oportunidad para que los habitantes, visitantes y turistas se re\u00fanan y celebren la rica historia y el sentido de pertenencia que caracteriza a la comunidad.<\/p>\n\n\n\n<p>&#8220;Les invitamos a celebrar nuestras ferias patrias&#8221;, coment\u00f3 en rueda de prensa Yoatzin Espinoza Garc\u00eda, directora de Turismo de Villa de Tezontepec.<\/p>\n\n\n\n<p>El evento central de las festividades en Villa de Tezontepec ser\u00e1 el tradicional Grito de Independencia, que se llevar\u00e1 a cabo frente al Palacio Municipal. Durante esta ceremonia, se espera que cientos de personas se congreguen mientras el cielo se ilumina con un espect\u00e1culo de fuegos artificiales.<\/p>\n\n\n\n<p>Adem\u00e1s, se realizar\u00e1 la coronaci\u00f3n de la reina de las fiestas patrias, un acto que destacar\u00e1 las cualidades y valores de las j\u00f3venes locales, a\u00f1adiendo un elemento de elegancia y tradici\u00f3n a la celebraci\u00f3n. Este evento constituye una parte fundamental de las festividades, subrayando el sentido de comunidad y el significado hist\u00f3rico de la conmemoraci\u00f3n.<\/p>\n\n\n\n<p>El escenario principal se llenar\u00e1 de energ\u00eda con vibrantes presentaciones de bailes folcl\u00f3ricos, canto y m\u00fasica en vivo, que reflejar\u00e1n la diversidad cultural y el talento art\u00edstico de Villa de Tezontepec. La celebraci\u00f3n tambi\u00e9n incluir\u00e1 una serie de actividades emocionantes, como el recorrido de ciclismo &#8220;Ruta Hilario Orozco&#8221;, la tradicional quema del castillo y muchas m\u00e1s.<\/p>\n\n\n\n<p>Los amantes del deporte podr\u00e1n disfrutar de una exhibici\u00f3n de box, mientras que la mojiganga y el jaripeo ofrecer\u00e1n espect\u00e1culos llenos de tradici\u00f3n y emoci\u00f3n. La m\u00fasica tambi\u00e9n ser\u00e1 un componente esencial de las festividades, con el regreso del duranguense y la banda sax, que invitar\u00e1n a todos a disfrutar y bailar.<\/p>\n\n\n\n<p>Los actos c\u00edvicos, como el desfile y el izamiento de la bandera, ser\u00e1n momentos clave para fomentar el esp\u00edritu patri\u00f3tico y fortalecer el amor por la patria. Las fiestas patrias en Villa de Tezontepec no solo conmemoran la Independencia de M\u00e9xico, sino que tambi\u00e9n celebran la identidad y el orgullo de la comunidad.<\/p>\n\n\n\n<p>Este a\u00f1o, Villa de Tezontepec anticipa un aumento en la afluencia de visitantes, esperando que m\u00e1s de veinte mil personas conozcan y vivan la manera de festejar en el municipio. Las autoridades locales han dise\u00f1ado una serie de eventos y actividades con el objetivo de superar la cifra del a\u00f1o pasado y ofrecer una experiencia a\u00fan m\u00e1s enriquecedora para todos los asistentes.<\/p>\n\n\n\n<p><\/p>\n","protected":false},"excerpt":{"rendered":"<p>Por Redacci\u00f3n\/Zunoticia Pachuca de Soto, Hgo.- El municipio de Villa de Tezontepec est\u00e1 listo para dar paso a las Fiestas Patrias del 14 al 16 de septiembre, conmemorando con gran fervor el aniversario de la Independencia de M\u00e9xico. Esta festividad anual, profundamente arraigada en el municipio es una oportunidad para que los habitantes, visitantes y&hellip; <a class=\"more-link\" href=\"https:\/\/www.zunoticia.com\/noticias-de-hidalgo\/2024\/09\/10\/villa-de-tezontepec-se-prepara-para-sus-fiestas-patrias\/\">Seguir leyendo <span class=\"screen-reader-text\">Villa de Tezontepec se prepara para sus fiestas patrias<\/span><\/a><\/p>\n","protected":false},"author":13,"featured_media":560310,"comment_status":"open","ping_status":"open","sticky":false,"template":"","format":"standard","meta":{"rop_custom_images_group":[],"rop_custom_messages_group":[],"rop_publish_now":"yes","rop_publish_now_accounts":{"facebook_10159540855086992_322828327761733":"#Estado | El municipio de Villa de Tezontepec est\u00e1 listo para dar paso a las Fiestas Patrias del 14 al 16 de septiembre, conmemorando con gran fervor el aniversario de la Independencia de M\u00e9xico."},"rop_publish_now_history":[],"rop_publish_now_status":"pending","footnotes":""},"categories":[208],"tags":[214],"class_list":["post-560334","post","type-post","status-publish","format-standard","has-post-thumbnail","hentry","category-estado","tag-estado","entry"],"_links":{"self":[{"href":"https:\/\/www.zunoticia.com\/noticias-de-hidalgo\/wp-json\/wp\/v2\/posts\/560334","targetHints":{"allow":["GET"]}}],"collection":[{"href":"https:\/\/www.zunoticia.com\/noticias-de-hidalgo\/wp-json\/wp\/v2\/posts"}],"about":[{"href":"https:\/\/www.zunoticia.com\/noticias-de-hidalgo\/wp-json\/wp\/v2\/types\/post"}],"author":[{"embeddable":true,"href":"https:\/\/www.zunoticia.com\/noticias-de-hidalgo\/wp-json\/wp\/v2\/users\/13"}],"replies":[{"embeddable":true,"href":"https:\/\/www.zunoticia.com\/noticias-de-hidalgo\/wp-json\/wp\/v2\/comments?post=560334"}],"version-history":[{"count":1,"href":"https:\/\/www.zunoticia.com\/noticias-de-hidalgo\/wp-json\/wp\/v2\/posts\/560334\/revisions"}],"predecessor-version":[{"id":560335,"href":"https:\/\/www.zunoticia.com\/noticias-de-hidalgo\/wp-json\/wp\/v2\/posts\/560334\/revisions\/560335"}],"wp:featuredmedia":[{"embeddable":true,"href":"https:\/\/www.zunoticia.com\/noticias-de-hidalgo\/wp-json\/wp\/v2\/media\/560310"}],"wp:attachment":[{"href":"https:\/\/www.zunoticia.com\/noticias-de-hidalgo\/wp-json\/wp\/v2\/media?parent=560334"}],"wp:term":[{"taxonomy":"category","embeddable":true,"href":"https:\/\/www.zunoticia.com\/noticias-de-hidalgo\/wp-json\/wp\/v2\/categories?post=560334"},{"taxonomy":"post_tag","embeddable":true,"href":"https:\/\/www.zunoticia.com\/noticias-de-hidalgo\/wp-json\/wp\/v2\/tags?post=560334"}],"curies":[{"name":"wp","href":"https:\/\/api.w.org\/{rel}","templated":true}]}}