{"id":560340,"date":"2024-09-10T17:53:54","date_gmt":"2024-09-10T23:53:54","guid":{"rendered":"https:\/\/www.zunoticia.com\/noticias-de-hidalgo\/?p=560340"},"modified":"2024-09-10T17:53:55","modified_gmt":"2024-09-10T23:53:55","slug":"hidalgo-lidera-en-los-primeros-8-meses-del-ano-el-crecimiento-del-empleo-formal-a-nivel-nacional","status":"publish","type":"post","link":"https:\/\/www.zunoticia.com\/noticias-de-hidalgo\/2024\/09\/10\/hidalgo-lidera-en-los-primeros-8-meses-del-ano-el-crecimiento-del-empleo-formal-a-nivel-nacional\/","title":{"rendered":"Hidalgo lidera, en los primeros 8 meses del a\u00f1o, el crecimiento del empleo formal a nivel nacional"},"content":{"rendered":"<aside class=\"mashsb-container mashsb-main mashsb-stretched\"><div class=\"mashsb-box\"><div class=\"mashsb-count mash-large\" style=\"float:left\"><div class=\"counts mashsbcount\">7<\/div><span class=\"mashsb-sharetext\">SHARES<\/span><\/div><div class=\"mashsb-buttons\"><a class=\"mashicon-facebook mash-large mash-center mashsb-noshadow\" href=\"https:\/\/www.facebook.com\/sharer.php?u=https%3A%2F%2Fwww.zunoticia.com%2Fnoticias-de-hidalgo%2F2024%2F09%2F10%2Fhidalgo-lidera-en-los-primeros-8-meses-del-ano-el-crecimiento-del-empleo-formal-a-nivel-nacional%2F\" target=\"_top\" rel=\"nofollow\"><span class=\"icon\"><\/span><span class=\"text\">Share<\/span><\/a><a class=\"mashicon-twitter mash-large mash-center mashsb-noshadow\" href=\"https:\/\/twitter.com\/intent\/tweet?text=&amp;url=https:\/\/www.zunoticia.com\/noticias-de-hidalgo\/2024\/09\/10\/hidalgo-lidera-en-los-primeros-8-meses-del-ano-el-crecimiento-del-empleo-formal-a-nivel-nacional\/\" target=\"_top\" rel=\"nofollow\"><span class=\"icon\"><\/span><span class=\"text\">Tweet<\/span><\/a><div class=\"onoffswitch2 mash-large mashsb-noshadow\" style=\"display:none\"><\/div><\/div>\n            <\/div>\n                <div style=\"clear:both\"><\/div><div class=\"mashsb-toggle-container\"><\/div><\/aside>\n            <!-- Share buttons by mashshare.net - Version: 4.0.47-->\n<ul class=\"wp-block-list\">\n<li>De enero-agosto de 2024, el empleo formal en el estado creci\u00f3 5.4 %<\/li>\n\n\n\n<li>Durante este periodo, Hidalgo gener\u00f3 14 mil 480 nuevos empleos formales<\/li>\n<\/ul>\n\n\n\n<p><em>Por Redacci\u00f3n\/Zunoticia<\/em><\/p>\n\n\n\n<p><strong>Pachuca de Soto, Hgo.-<\/strong> La visi\u00f3n del gobernador, Julio Menchaca Salazar, de llevar a Hidalgo a su m\u00e1ximo potencial, aunado al trabajo que se realiza desde la Secretar\u00eda de Desarrollo Econ\u00f3mico (Sedeco), ha permitido posicionar al estado como l\u00edder a nivel nacional en el crecimiento del empleo formal.<\/p>\n\n\n\n<p>De acuerdo con el Instituto Mexicano del Seguro Social (IMSS), en agosto de 2024 el n\u00famero de trabajadores asegurados en Hidalgo alcanz\u00f3 un nuevo m\u00e1ximo hist\u00f3rico de 283 mil 925 registros, con un incremento de 5 mil 542 puestos de trabajo respecto al mes anterior.<\/p>\n\n\n\n<p>En total, en la entidad se han creado 14 mil 480 nuevos empleos formales durante los primeros ocho meses del a\u00f1o, lo que representa una tasa de crecimiento de 5.4 %, superando con creces la tasa nacional de 1.7 %. Con este resultado, Hidalgo se posicion\u00f3 en el primer lugar a nivel nacional por mayor crecimiento.<\/p>\n\n\n\n<figure class=\"wp-block-image size-full\"><img fetchpriority=\"high\" decoding=\"async\" width=\"1200\" height=\"630\" src=\"https:\/\/www.zunoticia.com\/noticias-de-hidalgo\/wp-content\/uploads\/2024\/09\/empleo1.jpg\" alt=\"\" class=\"wp-image-560319\"\/><\/figure>\n\n\n\n<p>Estos logros son un reflejo del compromiso del gobierno estatal con la atracci\u00f3n de nuevas inversiones, la creaci\u00f3n de oportunidades y el fortalecimiento de la econom\u00eda local, destac\u00f3 el titular de la Sedeco, Carlos Henkel Escorza.<\/p>\n\n\n\n<p>Por sector, los empleos generados entre enero y agosto de 2024 han sido principalmente en los de construcci\u00f3n (6 mil 370), manufactura (3 mil 325) y comercio (mil 676).<\/p>\n\n\n\n<p>En los primeros dos a\u00f1os del gobierno de Julio Menchaca, en Hidalgo se han creado 26 mil 837 nuevos empleos formales, superando los registros de empleo en el mismo periodo de administraciones anteriores, lo cual demuestra un avance significativo en cuanto a desarrollo econ\u00f3mico.<\/p>\n","protected":false},"excerpt":{"rendered":"<p>Por Redacci\u00f3n\/Zunoticia Pachuca de Soto, Hgo.- La visi\u00f3n del gobernador, Julio Menchaca Salazar, de llevar a Hidalgo a su m\u00e1ximo potencial, aunado al trabajo que se realiza desde la Secretar\u00eda de Desarrollo Econ\u00f3mico (Sedeco), ha permitido posicionar al estado como l\u00edder a nivel nacional en el crecimiento del empleo formal. De acuerdo con el Instituto&hellip; <a class=\"more-link\" href=\"https:\/\/www.zunoticia.com\/noticias-de-hidalgo\/2024\/09\/10\/hidalgo-lidera-en-los-primeros-8-meses-del-ano-el-crecimiento-del-empleo-formal-a-nivel-nacional\/\">Seguir leyendo <span class=\"screen-reader-text\">Hidalgo lidera, en los primeros 8 meses del a\u00f1o, el crecimiento del empleo formal a nivel nacional<\/span><\/a><\/p>\n","protected":false},"author":13,"featured_media":560318,"comment_status":"open","ping_status":"open","sticky":false,"template":"","format":"standard","meta":{"rop_custom_images_group":[],"rop_custom_messages_group":[],"rop_publish_now":"yes","rop_publish_now_accounts":{"facebook_10159540855086992_322828327761733":"#Estado | La visi\u00f3n del gobernador, Julio Menchaca Salazar, de llevar a Hidalgo a su m\u00e1ximo potencial, aunado al trabajo que se realiza desde la Secretar\u00eda de Desarrollo Econ\u00f3mico (Sedeco), ha permitido posicionar al estado como l\u00edder a nivel nacional en el crecimiento del empleo formal."},"rop_publish_now_history":[],"rop_publish_now_status":"pending","footnotes":""},"categories":[208],"tags":[214],"class_list":["post-560340","post","type-post","status-publish","format-standard","has-post-thumbnail","hentry","category-estado","tag-estado","entry"],"_links":{"self":[{"href":"https:\/\/www.zunoticia.com\/noticias-de-hidalgo\/wp-json\/wp\/v2\/posts\/560340","targetHints":{"allow":["GET"]}}],"collection":[{"href":"https:\/\/www.zunoticia.com\/noticias-de-hidalgo\/wp-json\/wp\/v2\/posts"}],"about":[{"href":"https:\/\/www.zunoticia.com\/noticias-de-hidalgo\/wp-json\/wp\/v2\/types\/post"}],"author":[{"embeddable":true,"href":"https:\/\/www.zunoticia.com\/noticias-de-hidalgo\/wp-json\/wp\/v2\/users\/13"}],"replies":[{"embeddable":true,"href":"https:\/\/www.zunoticia.com\/noticias-de-hidalgo\/wp-json\/wp\/v2\/comments?post=560340"}],"version-history":[{"count":1,"href":"https:\/\/www.zunoticia.com\/noticias-de-hidalgo\/wp-json\/wp\/v2\/posts\/560340\/revisions"}],"predecessor-version":[{"id":560341,"href":"https:\/\/www.zunoticia.com\/noticias-de-hidalgo\/wp-json\/wp\/v2\/posts\/560340\/revisions\/560341"}],"wp:featuredmedia":[{"embeddable":true,"href":"https:\/\/www.zunoticia.com\/noticias-de-hidalgo\/wp-json\/wp\/v2\/media\/560318"}],"wp:attachment":[{"href":"https:\/\/www.zunoticia.com\/noticias-de-hidalgo\/wp-json\/wp\/v2\/media?parent=560340"}],"wp:term":[{"taxonomy":"category","embeddable":true,"href":"https:\/\/www.zunoticia.com\/noticias-de-hidalgo\/wp-json\/wp\/v2\/categories?post=560340"},{"taxonomy":"post_tag","embeddable":true,"href":"https:\/\/www.zunoticia.com\/noticias-de-hidalgo\/wp-json\/wp\/v2\/tags?post=560340"}],"curies":[{"name":"wp","href":"https:\/\/api.w.org\/{rel}","templated":true}]}}