{"id":560352,"date":"2024-09-10T18:10:41","date_gmt":"2024-09-11T00:10:41","guid":{"rendered":"https:\/\/www.zunoticia.com\/noticias-de-hidalgo\/?p=560352"},"modified":"2024-09-10T18:10:43","modified_gmt":"2024-09-11T00:10:43","slug":"celebrara-ballet-folklorico-de-alvaro-serrano-su-48-aniversario","status":"publish","type":"post","link":"https:\/\/www.zunoticia.com\/noticias-de-hidalgo\/2024\/09\/10\/celebrara-ballet-folklorico-de-alvaro-serrano-su-48-aniversario\/","title":{"rendered":"Celebrar\u00e1 Ballet Folkl\u00f3rico de \u00c1lvaro Serrano su 48 Aniversario"},"content":{"rendered":"<aside class=\"mashsb-container mashsb-main mashsb-stretched\"><div class=\"mashsb-box\"><div class=\"mashsb-count mash-large\" style=\"float:left\"><div class=\"counts mashsbcount\">12<\/div><span class=\"mashsb-sharetext\">SHARES<\/span><\/div><div class=\"mashsb-buttons\"><a class=\"mashicon-facebook mash-large mash-center mashsb-noshadow\" href=\"https:\/\/www.facebook.com\/sharer.php?u=https%3A%2F%2Fwww.zunoticia.com%2Fnoticias-de-hidalgo%2F2024%2F09%2F10%2Fcelebrara-ballet-folklorico-de-alvaro-serrano-su-48-aniversario%2F\" target=\"_top\" rel=\"nofollow\"><span class=\"icon\"><\/span><span class=\"text\">Share<\/span><\/a><a class=\"mashicon-twitter mash-large mash-center mashsb-noshadow\" href=\"https:\/\/twitter.com\/intent\/tweet?text=&amp;url=https:\/\/www.zunoticia.com\/noticias-de-hidalgo\/2024\/09\/10\/celebrara-ballet-folklorico-de-alvaro-serrano-su-48-aniversario\/\" target=\"_top\" rel=\"nofollow\"><span class=\"icon\"><\/span><span class=\"text\">Tweet<\/span><\/a><div class=\"onoffswitch2 mash-large mashsb-noshadow\" style=\"display:none\"><\/div><\/div>\n            <\/div>\n                <div style=\"clear:both\"><\/div><div class=\"mashsb-toggle-container\"><\/div><\/aside>\n            <!-- Share buttons by mashshare.net - Version: 4.0.47-->\n<ul class=\"wp-block-list\">\n<li>Como parte de las actividades de la Feria de San Francisco.<\/li>\n<\/ul>\n\n\n\n<p><em>Por Redacci\u00f3n\/Zunoticia<\/em><\/p>\n\n\n\n<p><strong>Pachuca de Soto, Hgo.-<\/strong> En el marco de las actividades art\u00edstico-culturales de la Feria de San Francisco Pachuca Hidalgo edici\u00f3n 2024, el Ballet Folkl\u00f3rico del Estado de Hidalgo de \u00c1lvaro Serrano celebrar\u00e1 su 48 aniversario con el espect\u00e1culo titulado &#8220;Ra\u00edces de M\u00e9xico: Un viaje folkl\u00f3rico y musical&#8221;, que se llevar\u00e1 a cabo el pr\u00f3ximo 11 de octubre a las 19:00 horas en el Auditorio Gota de Plata.<\/p>\n\n\n\n<p>Dicho evento es de acceso gratuito, y los boletos estar\u00e1n disponibles en diversos puntos de distribuci\u00f3n como las oficinas del Ballet, las taquillas del Auditorio Gota de Plata, el Teatro San Francisco, el Centro Cultural del Ferrocarril y el Centro de Cultura Digital. Las personas interesadas solo deber\u00e1n presentar un boleto que acredite su asistencia previa a la Feria de San Francisco 2024.<\/p>\n\n\n\n<p>La presentaci\u00f3n contar\u00e1 con la participaci\u00f3n de 40 bailarines en escena, quienes estar\u00e1n acompa\u00f1ados por la m\u00fasica en vivo del mariachi Los Camperos y el Tr\u00edo Huasteco Nueva Herencia Hidalguense.<\/p>\n\n\n\n<p>Este espect\u00e1culo transportar\u00e1 a los espectadores en un viaje cultural por distintas regiones de Hidalgo y de M\u00e9xico, con danzas emblem\u00e1ticas, ritmos aut\u00f3ctonos y vibrantes bailes que celebran las ra\u00edces y tradiciones del pa\u00eds.<\/p>\n\n\n\n<figure class=\"wp-block-image size-full\"><img fetchpriority=\"high\" decoding=\"async\" width=\"1200\" height=\"630\" src=\"https:\/\/www.zunoticia.com\/noticias-de-hidalgo\/wp-content\/uploads\/2024\/09\/oeeh1.jpg\" alt=\"\" class=\"wp-image-560326\"\/><\/figure>\n\n\n\n<p>Durante la rueda de prensa, Sandra Serrano, presidenta del Ballet Folkl\u00f3rico del Estado de Hidalgo, expres\u00f3 su agradecimiento a Marco Antonio Aranz\u00e1bal Ju\u00e1rez, director general de la Operadora de Eventos del Estado de Hidalgo (OEEH), por las facilidades otorgadas para la realizaci\u00f3n de este evento.<\/p>\n\n\n\n<p>\u201cEste aniversario es una oportunidad para preservar, difundir y enaltecer las tradiciones mexicanas, y estamos orgullosos de formar parte del programa cultural de la Feria de San Francisco\u201d, destac\u00f3.<\/p>\n\n\n\n<p>La presentaci\u00f3n de este ballet es una de las actividades que revestir\u00e1n a la Feria de San Francisco Pachuca Hidalgo 2024, gracias a la riqueza del folklor y la m\u00fasica tradicional.<\/p>\n","protected":false},"excerpt":{"rendered":"<p>Por Redacci\u00f3n\/Zunoticia Pachuca de Soto, Hgo.- En el marco de las actividades art\u00edstico-culturales de la Feria de San Francisco Pachuca Hidalgo edici\u00f3n 2024, el Ballet Folkl\u00f3rico del Estado de Hidalgo de \u00c1lvaro Serrano celebrar\u00e1 su 48 aniversario con el espect\u00e1culo titulado &#8220;Ra\u00edces de M\u00e9xico: Un viaje folkl\u00f3rico y musical&#8221;, que se llevar\u00e1 a cabo el&hellip; <a class=\"more-link\" href=\"https:\/\/www.zunoticia.com\/noticias-de-hidalgo\/2024\/09\/10\/celebrara-ballet-folklorico-de-alvaro-serrano-su-48-aniversario\/\">Seguir leyendo <span class=\"screen-reader-text\">Celebrar\u00e1 Ballet Folkl\u00f3rico de \u00c1lvaro Serrano su 48 Aniversario<\/span><\/a><\/p>\n","protected":false},"author":13,"featured_media":560325,"comment_status":"open","ping_status":"open","sticky":false,"template":"","format":"standard","meta":{"rop_custom_images_group":[],"rop_custom_messages_group":[],"rop_publish_now":"yes","rop_publish_now_accounts":{"facebook_10159540855086992_322828327761733":"#Estado | En el marco de las actividades art\u00edstico-culturales de la Feria de San Francisco Pachuca Hidalgo edici\u00f3n 2024, el Ballet Folkl\u00f3rico del Estado de Hidalgo de \u00c1lvaro Serrano celebrar\u00e1 su 48 aniversario."},"rop_publish_now_history":[],"rop_publish_now_status":"pending","footnotes":""},"categories":[208],"tags":[214],"class_list":["post-560352","post","type-post","status-publish","format-standard","has-post-thumbnail","hentry","category-estado","tag-estado","entry"],"_links":{"self":[{"href":"https:\/\/www.zunoticia.com\/noticias-de-hidalgo\/wp-json\/wp\/v2\/posts\/560352","targetHints":{"allow":["GET"]}}],"collection":[{"href":"https:\/\/www.zunoticia.com\/noticias-de-hidalgo\/wp-json\/wp\/v2\/posts"}],"about":[{"href":"https:\/\/www.zunoticia.com\/noticias-de-hidalgo\/wp-json\/wp\/v2\/types\/post"}],"author":[{"embeddable":true,"href":"https:\/\/www.zunoticia.com\/noticias-de-hidalgo\/wp-json\/wp\/v2\/users\/13"}],"replies":[{"embeddable":true,"href":"https:\/\/www.zunoticia.com\/noticias-de-hidalgo\/wp-json\/wp\/v2\/comments?post=560352"}],"version-history":[{"count":1,"href":"https:\/\/www.zunoticia.com\/noticias-de-hidalgo\/wp-json\/wp\/v2\/posts\/560352\/revisions"}],"predecessor-version":[{"id":560353,"href":"https:\/\/www.zunoticia.com\/noticias-de-hidalgo\/wp-json\/wp\/v2\/posts\/560352\/revisions\/560353"}],"wp:featuredmedia":[{"embeddable":true,"href":"https:\/\/www.zunoticia.com\/noticias-de-hidalgo\/wp-json\/wp\/v2\/media\/560325"}],"wp:attachment":[{"href":"https:\/\/www.zunoticia.com\/noticias-de-hidalgo\/wp-json\/wp\/v2\/media?parent=560352"}],"wp:term":[{"taxonomy":"category","embeddable":true,"href":"https:\/\/www.zunoticia.com\/noticias-de-hidalgo\/wp-json\/wp\/v2\/categories?post=560352"},{"taxonomy":"post_tag","embeddable":true,"href":"https:\/\/www.zunoticia.com\/noticias-de-hidalgo\/wp-json\/wp\/v2\/tags?post=560352"}],"curies":[{"name":"wp","href":"https:\/\/api.w.org\/{rel}","templated":true}]}}