{"id":560368,"date":"2024-09-10T18:50:55","date_gmt":"2024-09-11T00:50:55","guid":{"rendered":"https:\/\/www.zunoticia.com\/noticias-de-hidalgo\/?p=560368"},"modified":"2024-09-10T18:50:57","modified_gmt":"2024-09-11T00:50:57","slug":"conmemoran-el-dia-mundial-para-la-prevencion-del-su1cidi0","status":"publish","type":"post","link":"https:\/\/www.zunoticia.com\/noticias-de-hidalgo\/2024\/09\/10\/conmemoran-el-dia-mundial-para-la-prevencion-del-su1cidi0\/","title":{"rendered":"Conmemoran el d\u00eda mundial para la prevenci\u00f3n del su1cidi0"},"content":{"rendered":"<aside class=\"mashsb-container mashsb-main mashsb-stretched\"><div class=\"mashsb-box\"><div class=\"mashsb-count mash-large\" style=\"float:left\"><div class=\"counts mashsbcount\">45<\/div><span class=\"mashsb-sharetext\">SHARES<\/span><\/div><div class=\"mashsb-buttons\"><a class=\"mashicon-facebook mash-large mash-center mashsb-noshadow\" href=\"https:\/\/www.facebook.com\/sharer.php?u=https%3A%2F%2Fwww.zunoticia.com%2Fnoticias-de-hidalgo%2F2024%2F09%2F10%2Fconmemoran-el-dia-mundial-para-la-prevencion-del-su1cidi0%2F\" target=\"_top\" rel=\"nofollow\"><span class=\"icon\"><\/span><span class=\"text\">Share<\/span><\/a><a class=\"mashicon-twitter mash-large mash-center mashsb-noshadow\" href=\"https:\/\/twitter.com\/intent\/tweet?text=&amp;url=https:\/\/www.zunoticia.com\/noticias-de-hidalgo\/2024\/09\/10\/conmemoran-el-dia-mundial-para-la-prevencion-del-su1cidi0\/\" target=\"_top\" rel=\"nofollow\"><span class=\"icon\"><\/span><span class=\"text\">Tweet<\/span><\/a><div class=\"onoffswitch2 mash-large mashsb-noshadow\" style=\"display:none\"><\/div><\/div>\n            <\/div>\n                <div style=\"clear:both\"><\/div><div class=\"mashsb-toggle-container\"><\/div><\/aside>\n            <!-- Share buttons by mashshare.net - Version: 4.0.47-->\n<p><em>Por Gabriela Hern\u00e1ndez\/Zunoticia<\/em><\/p>\n\n\n\n<p><strong>Jaltoc\u00e1n, Hgo.-<\/strong> En el marco del D\u00eda Mundial para la Prevenci\u00f3n del Suicidio este 10 de septiembre, el Instituto Mexicano del Seguro Social (IMSS) del municipio de Jaltoc\u00e1n, hace un llamado a la poblaci\u00f3n a estar atenta para identificar se\u00f1ales de alerta a nivel personal y en el n\u00facleo familiar, con el fin de prevenir estos incidentes.<\/p>\n\n\n\n<p>Personal m\u00e9dico de la unidad de salud, inform\u00f3 que IMSS-Bienestar cuenta con especialistas capacitados en atenci\u00f3n integral de la salud mental y, espec\u00edficamente, ante comportamientos suicidas que incluyen pensamientos, planificaci\u00f3n e ideaci\u00f3n.<\/p>\n\n\n\n<p>&#8220;No solo es fundamental la detecci\u00f3n y atenci\u00f3n, hasta el restablecimiento emocional de la persona con comportamiento suicida. Tambi\u00e9n es esencial que su familia, amigos y red de apoyo reciban informaci\u00f3n sobre los trastornos de salud mental, y que se hable del suicidio sin tab\u00faes ni juicios de valor.\u201d<\/p>\n\n\n\n<p>Indicaron que los principales signos de alarma de la conducta suicida son cambios en los patrones de conducta, como bajo rendimiento escolar, dejar de socializar, inexpresividad, cambio de apariencia y vestimenta, por lo cual la prevenci\u00f3n del suicidio comienza con la identificaci\u00f3n de los factores de riesgo entendiendo que es un problema multifactorial, resultado de la interacci\u00f3n de factores biol\u00f3gicos, gen\u00e9ticos, psicol\u00f3gicos, sociol\u00f3gicos y ambientales.<\/p>\n\n\n\n<p>En ese sentido, la unidad m\u00e9dica reafirma su compromiso con la prevenci\u00f3n del suicidio y la promoci\u00f3n de la Salud Mental a trav\u00e9s de servicios gratuitos y disponibles para toda la poblaci\u00f3n sin seguridad social.<\/p>\n","protected":false},"excerpt":{"rendered":"<p>Por Gabriela Hern\u00e1ndez\/Zunoticia Jaltoc\u00e1n, Hgo.- En el marco del D\u00eda Mundial para la Prevenci\u00f3n del Suicidio este 10 de septiembre, el Instituto Mexicano del Seguro Social (IMSS) del municipio de Jaltoc\u00e1n, hace un llamado a la poblaci\u00f3n a estar atenta para identificar se\u00f1ales de alerta a nivel personal y en el n\u00facleo familiar, con el&hellip; <a class=\"more-link\" href=\"https:\/\/www.zunoticia.com\/noticias-de-hidalgo\/2024\/09\/10\/conmemoran-el-dia-mundial-para-la-prevencion-del-su1cidi0\/\">Seguir leyendo <span class=\"screen-reader-text\">Conmemoran el d\u00eda mundial para la prevenci\u00f3n del su1cidi0<\/span><\/a><\/p>\n","protected":false},"author":13,"featured_media":560369,"comment_status":"open","ping_status":"open","sticky":false,"template":"","format":"standard","meta":{"rop_custom_images_group":[],"rop_custom_messages_group":[],"rop_publish_now":"yes","rop_publish_now_accounts":{"facebook_10159540855086992_322828327761733":"#Jaltoc\u00e1n #HuastecaHidalguense | El IMSS-Bienestar de este municipio hace un llamado a la poblaci\u00f3n a estar atenta para identificar se\u00f1ales de alerta a nivel personal y en el n\u00facleo familiar, con el fin de prevenir estos incidentes."},"rop_publish_now_history":[],"rop_publish_now_status":"pending","footnotes":""},"categories":[179,200],"tags":[249],"class_list":["post-560368","post","type-post","status-publish","format-standard","has-post-thumbnail","hentry","category-huasteca","category-jaltocan","tag-jaltocan-2","entry"],"_links":{"self":[{"href":"https:\/\/www.zunoticia.com\/noticias-de-hidalgo\/wp-json\/wp\/v2\/posts\/560368","targetHints":{"allow":["GET"]}}],"collection":[{"href":"https:\/\/www.zunoticia.com\/noticias-de-hidalgo\/wp-json\/wp\/v2\/posts"}],"about":[{"href":"https:\/\/www.zunoticia.com\/noticias-de-hidalgo\/wp-json\/wp\/v2\/types\/post"}],"author":[{"embeddable":true,"href":"https:\/\/www.zunoticia.com\/noticias-de-hidalgo\/wp-json\/wp\/v2\/users\/13"}],"replies":[{"embeddable":true,"href":"https:\/\/www.zunoticia.com\/noticias-de-hidalgo\/wp-json\/wp\/v2\/comments?post=560368"}],"version-history":[{"count":1,"href":"https:\/\/www.zunoticia.com\/noticias-de-hidalgo\/wp-json\/wp\/v2\/posts\/560368\/revisions"}],"predecessor-version":[{"id":560371,"href":"https:\/\/www.zunoticia.com\/noticias-de-hidalgo\/wp-json\/wp\/v2\/posts\/560368\/revisions\/560371"}],"wp:featuredmedia":[{"embeddable":true,"href":"https:\/\/www.zunoticia.com\/noticias-de-hidalgo\/wp-json\/wp\/v2\/media\/560369"}],"wp:attachment":[{"href":"https:\/\/www.zunoticia.com\/noticias-de-hidalgo\/wp-json\/wp\/v2\/media?parent=560368"}],"wp:term":[{"taxonomy":"category","embeddable":true,"href":"https:\/\/www.zunoticia.com\/noticias-de-hidalgo\/wp-json\/wp\/v2\/categories?post=560368"},{"taxonomy":"post_tag","embeddable":true,"href":"https:\/\/www.zunoticia.com\/noticias-de-hidalgo\/wp-json\/wp\/v2\/tags?post=560368"}],"curies":[{"name":"wp","href":"https:\/\/api.w.org\/{rel}","templated":true}]}}