{"id":560372,"date":"2024-09-10T18:55:55","date_gmt":"2024-09-11T00:55:55","guid":{"rendered":"https:\/\/www.zunoticia.com\/noticias-de-hidalgo\/?p=560372"},"modified":"2024-09-10T18:55:56","modified_gmt":"2024-09-11T00:55:56","slug":"escuelas-de-jaltocan-se-preparan-para-el-desfile-civico-del-16-de-septiembre","status":"publish","type":"post","link":"https:\/\/www.zunoticia.com\/noticias-de-hidalgo\/2024\/09\/10\/escuelas-de-jaltocan-se-preparan-para-el-desfile-civico-del-16-de-septiembre\/","title":{"rendered":"Escuelas de Jaltoc\u00e1n se preparan para el desfile c\u00edvico del 16 de septiembre"},"content":{"rendered":"<aside class=\"mashsb-container mashsb-main mashsb-stretched\"><div class=\"mashsb-box\"><div class=\"mashsb-count mash-large\" style=\"float:left\"><div class=\"counts mashsbcount\">45<\/div><span class=\"mashsb-sharetext\">SHARES<\/span><\/div><div class=\"mashsb-buttons\"><a class=\"mashicon-facebook mash-large mash-center mashsb-noshadow\" href=\"https:\/\/www.facebook.com\/sharer.php?u=https%3A%2F%2Fwww.zunoticia.com%2Fnoticias-de-hidalgo%2F2024%2F09%2F10%2Fescuelas-de-jaltocan-se-preparan-para-el-desfile-civico-del-16-de-septiembre%2F\" target=\"_top\" rel=\"nofollow\"><span class=\"icon\"><\/span><span class=\"text\">Share<\/span><\/a><a class=\"mashicon-twitter mash-large mash-center mashsb-noshadow\" href=\"https:\/\/twitter.com\/intent\/tweet?text=&amp;url=https:\/\/www.zunoticia.com\/noticias-de-hidalgo\/2024\/09\/10\/escuelas-de-jaltocan-se-preparan-para-el-desfile-civico-del-16-de-septiembre\/\" target=\"_top\" rel=\"nofollow\"><span class=\"icon\"><\/span><span class=\"text\">Tweet<\/span><\/a><div class=\"onoffswitch2 mash-large mashsb-noshadow\" style=\"display:none\"><\/div><\/div>\n            <\/div>\n                <div style=\"clear:both\"><\/div><div class=\"mashsb-toggle-container\"><\/div><\/aside>\n            <!-- Share buttons by mashshare.net - Version: 4.0.47-->\n<p><em>Por Gabriela Hern\u00e1ndez\/Zunoticia<\/em><\/p>\n\n\n\n<p><strong>Jaltoc\u00e1n, Hgo.-<\/strong> Durante los \u00faltimos d\u00edas las escuelas de preescolar, primarias, secundaria y preparatoria se han estado preparando para el desfile c\u00edvico que se realizar\u00e1 este 16 de septiembre en conmemoraci\u00f3n de la Independencia de M\u00e9xico.<\/p>\n\n\n\n<p>Se han realizado pr\u00e1cticas en los alrededores de la localidad con el objetivo de presentar un homenaje a los grandes luchadores de la Independencia Mexicana.<\/p>\n\n\n\n<p>El alcalde Guillermo Amador Lara expres\u00f3 que este desfile se realizar\u00e1 con todo el respeto y orgullo posible, ya que es un acto solemne que merece el mejor desempe\u00f1o de todos.<\/p>\n\n\n\n<p>Al finalizar del desfile, se llevar\u00e1 a cabo la puesta de la ofrenda floral al monumento de Miguel Hidalgo, ubicada en la galera p\u00fablica del municipio, acto seguido se tendr\u00e1 la presentaci\u00f3n de diferentes n\u00fameros art\u00edsticos por parte de los alumnos de nivel preescolar,&nbsp; culminando con esto, los festejos del mes de septiembre.<\/p>\n","protected":false},"excerpt":{"rendered":"<p>Por Gabriela Hern\u00e1ndez\/Zunoticia Jaltoc\u00e1n, Hgo.- Durante los \u00faltimos d\u00edas las escuelas de preescolar, primarias, secundaria y preparatoria se han estado preparando para el desfile c\u00edvico que se realizar\u00e1 este 16 de septiembre en conmemoraci\u00f3n de la Independencia de M\u00e9xico. Se han realizado pr\u00e1cticas en los alrededores de la localidad con el objetivo de presentar un&hellip; <a class=\"more-link\" href=\"https:\/\/www.zunoticia.com\/noticias-de-hidalgo\/2024\/09\/10\/escuelas-de-jaltocan-se-preparan-para-el-desfile-civico-del-16-de-septiembre\/\">Seguir leyendo <span class=\"screen-reader-text\">Escuelas de Jaltoc\u00e1n se preparan para el desfile c\u00edvico del 16 de septiembre<\/span><\/a><\/p>\n","protected":false},"author":13,"featured_media":560370,"comment_status":"open","ping_status":"open","sticky":false,"template":"","format":"standard","meta":{"rop_custom_images_group":[],"rop_custom_messages_group":[],"rop_publish_now":"yes","rop_publish_now_accounts":{"facebook_10159540855086992_322828327761733":"#Jaltoc\u00e1n #HuastecaHidalguense | Durante los \u00faltimos d\u00edas las escuelas de preescolar, primarias, secundaria y preparatoria se han estado preparando para el desfile c\u00edvico que se realizar\u00e1 este 16 de septiembre."},"rop_publish_now_history":[],"rop_publish_now_status":"pending","footnotes":""},"categories":[179,200],"tags":[131],"class_list":["post-560372","post","type-post","status-publish","format-standard","has-post-thumbnail","hentry","category-huasteca","category-jaltocan","tag-jaltocan","entry"],"_links":{"self":[{"href":"https:\/\/www.zunoticia.com\/noticias-de-hidalgo\/wp-json\/wp\/v2\/posts\/560372","targetHints":{"allow":["GET"]}}],"collection":[{"href":"https:\/\/www.zunoticia.com\/noticias-de-hidalgo\/wp-json\/wp\/v2\/posts"}],"about":[{"href":"https:\/\/www.zunoticia.com\/noticias-de-hidalgo\/wp-json\/wp\/v2\/types\/post"}],"author":[{"embeddable":true,"href":"https:\/\/www.zunoticia.com\/noticias-de-hidalgo\/wp-json\/wp\/v2\/users\/13"}],"replies":[{"embeddable":true,"href":"https:\/\/www.zunoticia.com\/noticias-de-hidalgo\/wp-json\/wp\/v2\/comments?post=560372"}],"version-history":[{"count":1,"href":"https:\/\/www.zunoticia.com\/noticias-de-hidalgo\/wp-json\/wp\/v2\/posts\/560372\/revisions"}],"predecessor-version":[{"id":560373,"href":"https:\/\/www.zunoticia.com\/noticias-de-hidalgo\/wp-json\/wp\/v2\/posts\/560372\/revisions\/560373"}],"wp:featuredmedia":[{"embeddable":true,"href":"https:\/\/www.zunoticia.com\/noticias-de-hidalgo\/wp-json\/wp\/v2\/media\/560370"}],"wp:attachment":[{"href":"https:\/\/www.zunoticia.com\/noticias-de-hidalgo\/wp-json\/wp\/v2\/media?parent=560372"}],"wp:term":[{"taxonomy":"category","embeddable":true,"href":"https:\/\/www.zunoticia.com\/noticias-de-hidalgo\/wp-json\/wp\/v2\/categories?post=560372"},{"taxonomy":"post_tag","embeddable":true,"href":"https:\/\/www.zunoticia.com\/noticias-de-hidalgo\/wp-json\/wp\/v2\/tags?post=560372"}],"curies":[{"name":"wp","href":"https:\/\/api.w.org\/{rel}","templated":true}]}}