{"id":560418,"date":"2024-09-10T21:38:44","date_gmt":"2024-09-11T03:38:44","guid":{"rendered":"https:\/\/www.zunoticia.com\/noticias-de-hidalgo\/?p=560418"},"modified":"2024-09-10T21:38:46","modified_gmt":"2024-09-11T03:38:46","slug":"celebraran-el-dia-nacional-del-maiz","status":"publish","type":"post","link":"https:\/\/www.zunoticia.com\/noticias-de-hidalgo\/2024\/09\/10\/celebraran-el-dia-nacional-del-maiz\/","title":{"rendered":"Celebrar\u00e1n el D\u00eda Nacional del Ma\u00edz"},"content":{"rendered":"<aside class=\"mashsb-container mashsb-main mashsb-stretched\"><div class=\"mashsb-box\"><div class=\"mashsb-count mash-large\" style=\"float:left\"><div class=\"counts mashsbcount\">9<\/div><span class=\"mashsb-sharetext\">SHARES<\/span><\/div><div class=\"mashsb-buttons\"><a class=\"mashicon-facebook mash-large mash-center mashsb-noshadow\" href=\"https:\/\/www.facebook.com\/sharer.php?u=https%3A%2F%2Fwww.zunoticia.com%2Fnoticias-de-hidalgo%2F2024%2F09%2F10%2Fcelebraran-el-dia-nacional-del-maiz%2F\" target=\"_top\" rel=\"nofollow\"><span class=\"icon\"><\/span><span class=\"text\">Share<\/span><\/a><a class=\"mashicon-twitter mash-large mash-center mashsb-noshadow\" href=\"https:\/\/twitter.com\/intent\/tweet?text=&amp;url=https:\/\/www.zunoticia.com\/noticias-de-hidalgo\/2024\/09\/10\/celebraran-el-dia-nacional-del-maiz\/\" target=\"_top\" rel=\"nofollow\"><span class=\"icon\"><\/span><span class=\"text\">Tweet<\/span><\/a><div class=\"onoffswitch2 mash-large mashsb-noshadow\" style=\"display:none\"><\/div><\/div>\n            <\/div>\n                <div style=\"clear:both\"><\/div><div class=\"mashsb-toggle-container\"><\/div><\/aside>\n            <!-- Share buttons by mashshare.net - Version: 4.0.47-->\n<p><em>Por Enedino Hern\u00e1ndez\/Zunoticia<\/em><\/p>\n\n\n\n<p><strong>Huejutla, Hgo.-<\/strong> Desde el 2019 y cada 29 de septiembre el Gobierno Federal ha implementado la celebraci\u00f3n del D\u00eda Nacional del Ma\u00edz, motivo por el cual se llevan a cabo los preparativos correspondientes y en esta ocasi\u00f3n se realizar\u00e1 el 30 de septiembre en la poblaci\u00f3n de Ohuatipa.<\/p>\n\n\n\n<p>El T\u00e9cnico del programa de Producci\u00f3n para el Bienestar SADER-INIFAP, Uriel Lara, dijo que, se hace este evento para honrar este gran alimento que es la base principal y fundamental de la alimentaci\u00f3n del pueblo mexicano, el ma\u00edz.<\/p>\n\n\n\n<p>Dijo que, se han programado una serie de actividades que se desarrollar\u00e1n para el 30 de septiembre, tal es el caso de eventos culturales que tienen que ver en mucho con los pueblos originarios, la presentaci\u00f3n de un ritual en agradecimiento a la madre tierra y un grupo de productores presentar\u00e1n una danza.<\/p>\n\n\n\n<p>Detalla que, como integrantes del acompa\u00f1amiento t\u00e9cnico tambi\u00e9n realizar\u00e1n una serie de actividades, consistentes en pr\u00e1cticas, adem\u00e1s de la colocaci\u00f3n de tres stands, el primero que tiene que ver con las semillas nativas, el segundo tiene que ver con los agro insumos enfocados a la producci\u00f3n agroecol\u00f3gica y el tercer stand sobre la importancia de los polinizadores, como son las abejas, enfocados en la producci\u00f3n de alimentos.<\/p>\n\n\n\n<p>Comenta que, para concluir con las actividades los productores y expositores estar\u00e1n participando en una muestra gastron\u00f3mica en la cual se tendr\u00e1n diversos productos elaborados con el ma\u00edz.<\/p>\n\n\n\n<p>Uriel Lara expone que, en el evento con motivo del D\u00eda Nacional del Ma\u00edz se espera la presencia de productores de Xochiatipan, Atlapexco, Yahualica, Huautla, San Felipe Orizatl\u00e1n, Jaltoc\u00e1n, Huejutla, Tlanchinol y Calnali.<\/p>\n","protected":false},"excerpt":{"rendered":"<p>Por Enedino Hern\u00e1ndez\/Zunoticia Huejutla, Hgo.- Desde el 2019 y cada 29 de septiembre el Gobierno Federal ha implementado la celebraci\u00f3n del D\u00eda Nacional del Ma\u00edz, motivo por el cual se llevan a cabo los preparativos correspondientes y en esta ocasi\u00f3n se realizar\u00e1 el 30 de septiembre en la poblaci\u00f3n de Ohuatipa. El T\u00e9cnico del programa&hellip; <a class=\"more-link\" href=\"https:\/\/www.zunoticia.com\/noticias-de-hidalgo\/2024\/09\/10\/celebraran-el-dia-nacional-del-maiz\/\">Seguir leyendo <span class=\"screen-reader-text\">Celebrar\u00e1n el D\u00eda Nacional del Ma\u00edz<\/span><\/a><\/p>\n","protected":false},"author":12,"featured_media":560394,"comment_status":"open","ping_status":"open","sticky":false,"template":"","format":"standard","meta":{"rop_custom_images_group":[],"rop_custom_messages_group":[],"rop_publish_now":"yes","rop_publish_now_accounts":{"facebook_10159540855086992_322828327761733":"#HuejutlaDeReyes #HuastecaHidalguense | Desde el 2019 y cada 29 de septiembre el Gobierno Federal ha implementado la celebraci\u00f3n del...\u00a0Ent\u00e9rate\u2b07"},"rop_publish_now_history":[],"rop_publish_now_status":"pending","footnotes":""},"categories":[181],"tags":[121],"class_list":["post-560418","post","type-post","status-publish","format-standard","has-post-thumbnail","hentry","category-huejutla","tag-huejutla","entry"],"_links":{"self":[{"href":"https:\/\/www.zunoticia.com\/noticias-de-hidalgo\/wp-json\/wp\/v2\/posts\/560418","targetHints":{"allow":["GET"]}}],"collection":[{"href":"https:\/\/www.zunoticia.com\/noticias-de-hidalgo\/wp-json\/wp\/v2\/posts"}],"about":[{"href":"https:\/\/www.zunoticia.com\/noticias-de-hidalgo\/wp-json\/wp\/v2\/types\/post"}],"author":[{"embeddable":true,"href":"https:\/\/www.zunoticia.com\/noticias-de-hidalgo\/wp-json\/wp\/v2\/users\/12"}],"replies":[{"embeddable":true,"href":"https:\/\/www.zunoticia.com\/noticias-de-hidalgo\/wp-json\/wp\/v2\/comments?post=560418"}],"version-history":[{"count":1,"href":"https:\/\/www.zunoticia.com\/noticias-de-hidalgo\/wp-json\/wp\/v2\/posts\/560418\/revisions"}],"predecessor-version":[{"id":560419,"href":"https:\/\/www.zunoticia.com\/noticias-de-hidalgo\/wp-json\/wp\/v2\/posts\/560418\/revisions\/560419"}],"wp:featuredmedia":[{"embeddable":true,"href":"https:\/\/www.zunoticia.com\/noticias-de-hidalgo\/wp-json\/wp\/v2\/media\/560394"}],"wp:attachment":[{"href":"https:\/\/www.zunoticia.com\/noticias-de-hidalgo\/wp-json\/wp\/v2\/media?parent=560418"}],"wp:term":[{"taxonomy":"category","embeddable":true,"href":"https:\/\/www.zunoticia.com\/noticias-de-hidalgo\/wp-json\/wp\/v2\/categories?post=560418"},{"taxonomy":"post_tag","embeddable":true,"href":"https:\/\/www.zunoticia.com\/noticias-de-hidalgo\/wp-json\/wp\/v2\/tags?post=560418"}],"curies":[{"name":"wp","href":"https:\/\/api.w.org\/{rel}","templated":true}]}}