{"id":560429,"date":"2024-09-10T22:09:48","date_gmt":"2024-09-11T04:09:48","guid":{"rendered":"https:\/\/www.zunoticia.com\/noticias-de-hidalgo\/?p=560429"},"modified":"2024-09-10T22:09:50","modified_gmt":"2024-09-11T04:09:50","slug":"comerciantes-esperan-repunte-de-articulos-patrios","status":"publish","type":"post","link":"https:\/\/www.zunoticia.com\/noticias-de-hidalgo\/2024\/09\/10\/comerciantes-esperan-repunte-de-articulos-patrios\/","title":{"rendered":"Comerciantes esperan repunte de art\u00edculos patrios"},"content":{"rendered":"<aside class=\"mashsb-container mashsb-main mashsb-stretched\"><div class=\"mashsb-box\"><div class=\"mashsb-count mash-large\" style=\"float:left\"><div class=\"counts mashsbcount\">36<\/div><span class=\"mashsb-sharetext\">SHARES<\/span><\/div><div class=\"mashsb-buttons\"><a class=\"mashicon-facebook mash-large mash-center mashsb-noshadow\" href=\"https:\/\/www.facebook.com\/sharer.php?u=https%3A%2F%2Fwww.zunoticia.com%2Fnoticias-de-hidalgo%2F2024%2F09%2F10%2Fcomerciantes-esperan-repunte-de-articulos-patrios%2F\" target=\"_top\" rel=\"nofollow\"><span class=\"icon\"><\/span><span class=\"text\">Share<\/span><\/a><a class=\"mashicon-twitter mash-large mash-center mashsb-noshadow\" href=\"https:\/\/twitter.com\/intent\/tweet?text=&amp;url=https:\/\/www.zunoticia.com\/noticias-de-hidalgo\/2024\/09\/10\/comerciantes-esperan-repunte-de-articulos-patrios\/\" target=\"_top\" rel=\"nofollow\"><span class=\"icon\"><\/span><span class=\"text\">Tweet<\/span><\/a><div class=\"onoffswitch2 mash-large mashsb-noshadow\" style=\"display:none\"><\/div><\/div>\n            <\/div>\n                <div style=\"clear:both\"><\/div><div class=\"mashsb-toggle-container\"><\/div><\/aside>\n            <!-- Share buttons by mashshare.net - Version: 4.0.47-->\n<p><em>Por Karen Rivera\/Zunoticia<\/em><\/p>\n\n\n\n<p><strong>Huejutla de Reyes, Hgo.-<\/strong> A pr\u00f3ximos d\u00edas de la celebraci\u00f3n del Grito de Independencia comerciantes esperan el incremento de ventas en art\u00edculos patrios.<\/p>\n\n\n\n<p>Los vendedores externaron que, hace aproximadamente una semana pusieron a la venta vestidos, blusas, faldas, mo\u00f1os, collares, banderas, sombreros, guitarras y trajes para ni\u00f1os con motivo de estas fechas, sin embargo, aseguraron que hasta el momento las vendimias no han sido muy buenas, ya que es poco el movimiento comercial de los art\u00edculos.<\/p>\n\n\n\n<figure class=\"wp-block-image size-full\"><img fetchpriority=\"high\" decoding=\"async\" width=\"1280\" height=\"960\" src=\"https:\/\/www.zunoticia.com\/noticias-de-hidalgo\/wp-content\/uploads\/2024\/09\/eZy-Watermark_10-09-2024_07-53-47-2180p.m.jpg\" alt=\"\" class=\"wp-image-560383\"\/><\/figure>\n\n\n\n<p>Esperan que para el 12 de septiembre empiece la movilizaci\u00f3n m\u00e1s fuerte, ya que se aproxima la fiesta patria.<\/p>\n\n\n\n<p>El vestuario para estas fechas tiene un costo de $120.00 hasta los $900.00 pesos, mientras que los dem\u00e1s art\u00edculos se adquieren desde los $30.00 pesos en adelante.<\/p>\n","protected":false},"excerpt":{"rendered":"<p>Por Karen Rivera\/Zunoticia Huejutla de Reyes, Hgo.- A pr\u00f3ximos d\u00edas de la celebraci\u00f3n del Grito de Independencia comerciantes esperan el incremento de ventas en art\u00edculos patrios. Los vendedores externaron que, hace aproximadamente una semana pusieron a la venta vestidos, blusas, faldas, mo\u00f1os, collares, banderas, sombreros, guitarras y trajes para ni\u00f1os con motivo de estas fechas,&hellip; <a class=\"more-link\" href=\"https:\/\/www.zunoticia.com\/noticias-de-hidalgo\/2024\/09\/10\/comerciantes-esperan-repunte-de-articulos-patrios\/\">Seguir leyendo <span class=\"screen-reader-text\">Comerciantes esperan repunte de art\u00edculos patrios<\/span><\/a><\/p>\n","protected":false},"author":12,"featured_media":560384,"comment_status":"open","ping_status":"open","sticky":false,"template":"","format":"standard","meta":{"rop_custom_images_group":[],"rop_custom_messages_group":[],"rop_publish_now":"yes","rop_publish_now_accounts":{"facebook_10159540855086992_322828327761733":"#HuejutlaDeReyes #HuastecaHidalguense | A pr\u00f3ximos d\u00edas de la celebraci\u00f3n del Grito de Independencia comerciantes esperan...\u00a0Ent\u00e9rate\u2b07"},"rop_publish_now_history":[],"rop_publish_now_status":"pending","footnotes":""},"categories":[181],"tags":[121],"class_list":["post-560429","post","type-post","status-publish","format-standard","has-post-thumbnail","hentry","category-huejutla","tag-huejutla","entry"],"_links":{"self":[{"href":"https:\/\/www.zunoticia.com\/noticias-de-hidalgo\/wp-json\/wp\/v2\/posts\/560429","targetHints":{"allow":["GET"]}}],"collection":[{"href":"https:\/\/www.zunoticia.com\/noticias-de-hidalgo\/wp-json\/wp\/v2\/posts"}],"about":[{"href":"https:\/\/www.zunoticia.com\/noticias-de-hidalgo\/wp-json\/wp\/v2\/types\/post"}],"author":[{"embeddable":true,"href":"https:\/\/www.zunoticia.com\/noticias-de-hidalgo\/wp-json\/wp\/v2\/users\/12"}],"replies":[{"embeddable":true,"href":"https:\/\/www.zunoticia.com\/noticias-de-hidalgo\/wp-json\/wp\/v2\/comments?post=560429"}],"version-history":[{"count":1,"href":"https:\/\/www.zunoticia.com\/noticias-de-hidalgo\/wp-json\/wp\/v2\/posts\/560429\/revisions"}],"predecessor-version":[{"id":560431,"href":"https:\/\/www.zunoticia.com\/noticias-de-hidalgo\/wp-json\/wp\/v2\/posts\/560429\/revisions\/560431"}],"wp:featuredmedia":[{"embeddable":true,"href":"https:\/\/www.zunoticia.com\/noticias-de-hidalgo\/wp-json\/wp\/v2\/media\/560384"}],"wp:attachment":[{"href":"https:\/\/www.zunoticia.com\/noticias-de-hidalgo\/wp-json\/wp\/v2\/media?parent=560429"}],"wp:term":[{"taxonomy":"category","embeddable":true,"href":"https:\/\/www.zunoticia.com\/noticias-de-hidalgo\/wp-json\/wp\/v2\/categories?post=560429"},{"taxonomy":"post_tag","embeddable":true,"href":"https:\/\/www.zunoticia.com\/noticias-de-hidalgo\/wp-json\/wp\/v2\/tags?post=560429"}],"curies":[{"name":"wp","href":"https:\/\/api.w.org\/{rel}","templated":true}]}}