{"id":561353,"date":"2024-09-16T00:39:39","date_gmt":"2024-09-16T06:39:39","guid":{"rendered":"https:\/\/www.zunoticia.com\/noticias-de-hidalgo\/?p=561353"},"modified":"2024-09-16T00:39:40","modified_gmt":"2024-09-16T06:39:40","slug":"encabeza-julio-menchaca-celebracion-214-del-aniversario-del-grito-de-independencia","status":"publish","type":"post","link":"https:\/\/www.zunoticia.com\/noticias-de-hidalgo\/2024\/09\/16\/encabeza-julio-menchaca-celebracion-214-del-aniversario-del-grito-de-independencia\/","title":{"rendered":"Encabeza Julio Menchaca\u00a0 celebraci\u00f3n 214 del aniversario del Grito de Independencia"},"content":{"rendered":"<aside class=\"mashsb-container mashsb-main mashsb-stretched\"><div class=\"mashsb-box\"><div class=\"mashsb-count mash-large\" style=\"float:left\"><div class=\"counts mashsbcount\">56<\/div><span class=\"mashsb-sharetext\">SHARES<\/span><\/div><div class=\"mashsb-buttons\"><a class=\"mashicon-facebook mash-large mash-center mashsb-noshadow\" href=\"https:\/\/www.facebook.com\/sharer.php?u=https%3A%2F%2Fwww.zunoticia.com%2Fnoticias-de-hidalgo%2F2024%2F09%2F16%2Fencabeza-julio-menchaca-celebracion-214-del-aniversario-del-grito-de-independencia%2F\" target=\"_top\" rel=\"nofollow\"><span class=\"icon\"><\/span><span class=\"text\">Share<\/span><\/a><a class=\"mashicon-twitter mash-large mash-center mashsb-noshadow\" href=\"https:\/\/twitter.com\/intent\/tweet?text=&amp;url=https:\/\/www.zunoticia.com\/noticias-de-hidalgo\/2024\/09\/16\/encabeza-julio-menchaca-celebracion-214-del-aniversario-del-grito-de-independencia\/\" target=\"_top\" rel=\"nofollow\"><span class=\"icon\"><\/span><span class=\"text\">Tweet<\/span><\/a><div class=\"onoffswitch2 mash-large mashsb-noshadow\" style=\"display:none\"><\/div><\/div>\n            <\/div>\n                <div style=\"clear:both\"><\/div><div class=\"mashsb-toggle-container\"><\/div><\/aside>\n            <!-- Share buttons by mashshare.net - Version: 4.0.47-->\n<ul class=\"wp-block-list\">\n<li>Las festividades patrias se desarrollaron sin complicaciones a pesar de la lluvia<\/li>\n<\/ul>\n\n\n\n<p><em>Redacci\u00f3n\/Zunoticia<\/em><\/p>\n\n\n\n<p><strong>Pachuca, Hgo.-<\/strong> El gobernador Julio Menchaca Salazar encabez\u00f3 la ceremonia del Grito de Independencia en conmemoraci\u00f3n del CCXIV aniversario del inicio de la lucha por la libertad de nuestro pa\u00eds.&nbsp;<\/p>\n\n\n\n<p>Desde el balc\u00f3n del Edificio de Gobierno, en Plaza Ju\u00e1rez; los miles de asistentes en un un\u00edsono exclamaron: \u00a1Vivan los h\u00e9roes que nos dieron patria y libertad!, \u00a1Viva Hidalgo!, \u00a1Viva Morelos!, \u00a1Viva Allende!, \u00a1Viva Aldama!, \u00a1Viva Josefa Ortiz de Dom\u00ednguez! \u00a1Que viva la transformaci\u00f3n del estado!, \u00a1Que viva la independencia nacional!, \u00a1Que viva M\u00e9xico!.<\/p>\n\n\n\n<p>En este acto protocolario se rindieron honores a la bandera y se enton\u00f3 el Himno Nacional.<\/p>\n\n\n\n<p>Como parte del programa para la celebraci\u00f3n masiva, preparada por el gobierno del estado, se present\u00f3 Juli\u00f3n \u00c1lvarez y el grupo Ca\u00f1averal, quienes amenizaron la celebraci\u00f3n de la fiesta patria.<\/p>\n\n\n\n<p>Y con el objetivo de salvaguardar la integridad f\u00edsica de las personas asistentes, previamente se habilit\u00f3 un operativo coordinado entre Seguridad P\u00fablica y la Guardia Nacional, a lo largo de la Zona Centro de Pachuca, con la participaci\u00f3n de cuerpos de emergencia de Protecci\u00f3n Civil, Cruz Roja y Bomberos.<\/p>\n\n\n\n<p>Miles de familias hidalguenses, con vestimenta tricolor, banderas en mano, matracas, cornetas y sombrilla disfrutaron del espect\u00e1culo art\u00edstico y de pirotecnia, a pesar de la lluvia.<\/p>\n\n\n\n<p>Fomentando as\u00ed la fraternidad, el orgullo de ser mexicanos, exaltando nuestro origen y compromiso con el futuro de la Patria.<\/p>\n","protected":false},"excerpt":{"rendered":"<p>Redacci\u00f3n\/Zunoticia Pachuca, Hgo.- El gobernador Julio Menchaca Salazar encabez\u00f3 la ceremonia del Grito de Independencia en conmemoraci\u00f3n del CCXIV aniversario del inicio de la lucha por la libertad de nuestro pa\u00eds.&nbsp; Desde el balc\u00f3n del Edificio de Gobierno, en Plaza Ju\u00e1rez; los miles de asistentes en un un\u00edsono exclamaron: \u00a1Vivan los h\u00e9roes que nos dieron&hellip; <a class=\"more-link\" href=\"https:\/\/www.zunoticia.com\/noticias-de-hidalgo\/2024\/09\/16\/encabeza-julio-menchaca-celebracion-214-del-aniversario-del-grito-de-independencia\/\">Seguir leyendo <span class=\"screen-reader-text\">Encabeza Julio Menchaca\u00a0 celebraci\u00f3n 214 del aniversario del Grito de Independencia<\/span><\/a><\/p>\n","protected":false},"author":13,"featured_media":561355,"comment_status":"open","ping_status":"open","sticky":false,"template":"","format":"standard","meta":{"rop_custom_images_group":[],"rop_custom_messages_group":[],"rop_publish_now":"yes","rop_publish_now_accounts":{"facebook_10159540855086992_322828327761733":"#Estado | El gobernador Julio Menchaca Salazar encabez\u00f3 la ceremonia del Grito de Independencia en conmemoraci\u00f3n del CCXIV aniversario del inicio de la lucha por la libertad de nuestro pa\u00eds."},"rop_publish_now_history":[],"rop_publish_now_status":"pending","footnotes":""},"categories":[208],"tags":[214],"class_list":["post-561353","post","type-post","status-publish","format-standard","has-post-thumbnail","hentry","category-estado","tag-estado","entry"],"_links":{"self":[{"href":"https:\/\/www.zunoticia.com\/noticias-de-hidalgo\/wp-json\/wp\/v2\/posts\/561353","targetHints":{"allow":["GET"]}}],"collection":[{"href":"https:\/\/www.zunoticia.com\/noticias-de-hidalgo\/wp-json\/wp\/v2\/posts"}],"about":[{"href":"https:\/\/www.zunoticia.com\/noticias-de-hidalgo\/wp-json\/wp\/v2\/types\/post"}],"author":[{"embeddable":true,"href":"https:\/\/www.zunoticia.com\/noticias-de-hidalgo\/wp-json\/wp\/v2\/users\/13"}],"replies":[{"embeddable":true,"href":"https:\/\/www.zunoticia.com\/noticias-de-hidalgo\/wp-json\/wp\/v2\/comments?post=561353"}],"version-history":[{"count":1,"href":"https:\/\/www.zunoticia.com\/noticias-de-hidalgo\/wp-json\/wp\/v2\/posts\/561353\/revisions"}],"predecessor-version":[{"id":561356,"href":"https:\/\/www.zunoticia.com\/noticias-de-hidalgo\/wp-json\/wp\/v2\/posts\/561353\/revisions\/561356"}],"wp:featuredmedia":[{"embeddable":true,"href":"https:\/\/www.zunoticia.com\/noticias-de-hidalgo\/wp-json\/wp\/v2\/media\/561355"}],"wp:attachment":[{"href":"https:\/\/www.zunoticia.com\/noticias-de-hidalgo\/wp-json\/wp\/v2\/media?parent=561353"}],"wp:term":[{"taxonomy":"category","embeddable":true,"href":"https:\/\/www.zunoticia.com\/noticias-de-hidalgo\/wp-json\/wp\/v2\/categories?post=561353"},{"taxonomy":"post_tag","embeddable":true,"href":"https:\/\/www.zunoticia.com\/noticias-de-hidalgo\/wp-json\/wp\/v2\/tags?post=561353"}],"curies":[{"name":"wp","href":"https:\/\/api.w.org\/{rel}","templated":true}]}}